{"id":2,"name":"Prof. Ingrid Dehn","url":"","description":"Trabalho na \u00e1rea da educa\u00e7\u00e3o h\u00e1 11 anos, sou professora h\u00e1 4 anos. Atualmente sou professora de Educa\u00e7\u00e3o Infantil e Ensino Fundamental I na prefeitura de S\u00e3o Paulo.\r\n-Graduada em Pedagogia pela FEUSP\r\n-P\u00f3s-Gradua\u00e7\u00e3o em Educa\u00e7\u00e3o Infantil pela UNINOVE","link":"https:\/\/uniplenaeducacional.com.br\/blog\/author\/ingrid-dehn-rodrigues\/","slug":"ingrid-dehn-rodrigues","avatar_urls":{"24":"https:\/\/secure.gravatar.com\/avatar\/72a96d97ee52a92935170bd9f351e1c3?s=24&d=mm&r=g","48":"https:\/\/secure.gravatar.com\/avatar\/72a96d97ee52a92935170bd9f351e1c3?s=48&d=mm&r=g","96":"https:\/\/secure.gravatar.com\/avatar\/72a96d97ee52a92935170bd9f351e1c3?s=96&d=mm&r=g"},"meta":[],"_links":{"self":[{"href":"https:\/\/uniplenaeducacional.com.br\/blog\/wp-json\/wp\/v2\/users\/2"}],"collection":[{"href":"https:\/\/uniplenaeducacional.com.br\/blog\/wp-json\/wp\/v2\/users"}]}}