{"id":994,"date":"2024-11-20T16:30:00","date_gmt":"2024-11-20T18:30:00","guid":{"rendered":"https:\/\/uniplenaeducacional.com.br\/blog\/?p=994"},"modified":"2024-11-18T16:51:59","modified_gmt":"2024-11-18T18:51:59","slug":"novembro-azul-a-importancia-da-conscientizacao-sobre-a-saude-masculina","status":"publish","type":"post","link":"https:\/\/uniplenaeducacional.com.br\/blog\/novembro-azul-a-importancia-da-conscientizacao-sobre-a-saude-masculina\/","title":{"rendered":"Novembro Azul: A Import\u00e2ncia da Conscientiza\u00e7\u00e3o sobre a Sa\u00fade Masculina"},"content":{"rendered":"\n<figure class=\"wp-block-image size-large\"><img loading=\"lazy\" decoding=\"async\" width=\"1024\" height=\"576\" src=\"https:\/\/uniplenaeducacional.com.br\/blog\/wp-content\/uploads\/2024\/11\/Novembro-Azul_-A-Importancia-da-Conscientizacao-sobre-a-Saude-Masculina-FUNDO-1024x576.jpg\" alt=\"Novembro Azul: A Import\u00e2ncia da Conscientiza\u00e7\u00e3o sobre a Sa\u00fade Masculina\" class=\"wp-image-995\" srcset=\"https:\/\/uniplenaeducacional.com.br\/blog\/wp-content\/uploads\/2024\/11\/Novembro-Azul_-A-Importancia-da-Conscientizacao-sobre-a-Saude-Masculina-FUNDO-1024x576.jpg 1024w, https:\/\/uniplenaeducacional.com.br\/blog\/wp-content\/uploads\/2024\/11\/Novembro-Azul_-A-Importancia-da-Conscientizacao-sobre-a-Saude-Masculina-FUNDO-300x169.jpg 300w, https:\/\/uniplenaeducacional.com.br\/blog\/wp-content\/uploads\/2024\/11\/Novembro-Azul_-A-Importancia-da-Conscientizacao-sobre-a-Saude-Masculina-FUNDO-768x432.jpg 768w, https:\/\/uniplenaeducacional.com.br\/blog\/wp-content\/uploads\/2024\/11\/Novembro-Azul_-A-Importancia-da-Conscientizacao-sobre-a-Saude-Masculina-FUNDO-1536x864.jpg 1536w, https:\/\/uniplenaeducacional.com.br\/blog\/wp-content\/uploads\/2024\/11\/Novembro-Azul_-A-Importancia-da-Conscientizacao-sobre-a-Saude-Masculina-FUNDO.jpg 1920w\" sizes=\"(max-width: 1024px) 100vw, 1024px\" \/><figcaption class=\"wp-element-caption\">Novembro Azul: A Import\u00e2ncia da Conscientiza\u00e7\u00e3o sobre a Sa\u00fade Masculina<\/figcaption><\/figure>\n\n\n\n<p class=\"has-regular-font-size\"><em>Novembro \u00e9 o m\u00eas dedicado \u00e0 campanha Novembro Azul, uma iniciativa global para conscientizar sobre o c\u00e2ncer de pr\u00f3stata e a import\u00e2ncia dos cuidados com a sa\u00fade masculina. Essa campanha visa sensibilizar homens de todas as idades sobre a necessidade de adotar pr\u00e1ticas preventivas e realizar exames peri\u00f3dicos, ajudando a salvar vidas por meio do diagn\u00f3stico precoce.<\/em><\/p>\n\n\n\n<p class=\"has-text-align-center has-blue-color has-text-color has-link-color has-large-font-size wp-elements-3434b396aad5645696b164c4b5f9536e\"><strong>O que \u00e9 o C\u00e2ncer de Pr\u00f3stata?<\/strong><\/p>\n\n\n\n<p class=\"has-regular-font-size\">O c\u00e2ncer de pr\u00f3stata \u00e9 o segundo tipo de c\u00e2ncer mais comum entre os homens, atr\u00e1s apenas do c\u00e2ncer de pele. A pr\u00f3stata \u00e9 uma gl\u00e2ndula que faz parte do sistema reprodutor masculino e, quando suas c\u00e9lulas passam a crescer de maneira descontrolada, pode se desenvolver um tumor maligno. Na fase inicial, o c\u00e2ncer de pr\u00f3stata geralmente \u00e9 assintom\u00e1tico, o que torna ainda mais importante a realiza\u00e7\u00e3o de exames preventivos regulares.<\/p>\n\n\n\n<p class=\"has-text-align-center has-blue-color has-text-color has-link-color has-large-font-size wp-elements-2326f0014babd4a2f0affcf94be110e8\"><strong>Quem est\u00e1 em Risco?<\/strong><\/p>\n\n\n\n<p class=\"has-regular-font-size\">Alguns fatores aumentam o risco de desenvolvimento do c\u00e2ncer de pr\u00f3stata:<\/p>\n\n\n\n<p class=\"has-regular-font-size\">&#8211; Idade: A maioria dos casos ocorre em homens acima dos 50 anos.<\/p>\n\n\n\n<p class=\"has-regular-font-size\">&#8211; Hist\u00f3rico familiar: Homens com parentes de primeiro grau (como pai ou irm\u00e3o) diagnosticados com c\u00e2ncer de pr\u00f3stata t\u00eam um risco maior.<\/p>\n\n\n\n<p class=\"has-regular-font-size\">&#8211; Estilo de vida: Sedentarismo, obesidade e uma dieta rica em gordura tamb\u00e9m podem contribuir para o desenvolvimento da doen\u00e7a.<\/p>\n\n\n\n<p class=\"has-text-align-center has-blue-color has-text-color has-link-color has-large-font-size wp-elements-da5031c26ca11fbce682f104814b8188\"><strong>Preven\u00e7\u00e3o e Diagn\u00f3stico<\/strong><\/p>\n\n\n\n<p class=\"has-regular-font-size\">O exame preventivo, como o toque retal e o exame de PSA (Ant\u00edgeno Prost\u00e1tico Espec\u00edfico), s\u00e3o fundamentais para a detec\u00e7\u00e3o precoce do c\u00e2ncer de pr\u00f3stata. Embora muitos homens ainda sintam desconforto em realizar o exame de toque, ele \u00e9 r\u00e1pido, seguro e pode salvar vidas. A recomenda\u00e7\u00e3o \u00e9 que homens a partir dos 50 anos fa\u00e7am esses exames anualmente, e para aqueles com hist\u00f3rico familiar, \u00e9 recomendado a partir dos 45 anos.<\/p>\n\n\n\n<p class=\"has-text-align-center has-blue-color has-text-color has-link-color has-large-font-size wp-elements-e716f79f63f000a21c507ca5472d8e10\"><strong>O Papel da Educa\u00e7\u00e3o na Conscientiza\u00e7\u00e3o<\/strong><\/p>\n\n\n\n<p class=\"has-regular-font-size\">Campanhas como o Novembro Azul s\u00e3o essenciais para a promo\u00e7\u00e3o da sa\u00fade e para a quebra de tabus. Em muitos casos, o preconceito e a desinforma\u00e7\u00e3o levam os homens a negligenciar sua sa\u00fade. \u00c9 importante que escolas, universidades e institui\u00e7\u00f5es educacionais apoiem a conscientiza\u00e7\u00e3o sobre o tema, pois a educa\u00e7\u00e3o \u00e9 uma das ferramentas mais poderosas para desmistificar o c\u00e2ncer de pr\u00f3stata e incentivar o autocuidado.<\/p>\n\n\n\n<p class=\"has-text-align-center has-blue-color has-text-color has-link-color has-large-font-size wp-elements-b3f5e806616307fd986ea5948ca6f3fb\"><strong>Finaliza\u00e7\u00e3o<\/strong><\/p>\n\n\n\n<p class=\"has-regular-font-size\"><em>O Novembro Azul nos lembra da import\u00e2ncia do autocuidado e da preven\u00e7\u00e3o. Manter-se informado e realizar exames peri\u00f3dicos pode fazer a diferen\u00e7a na detec\u00e7\u00e3o precoce do c\u00e2ncer de pr\u00f3stata. A conscientiza\u00e7\u00e3o e o di\u00e1logo aberto sobre a sa\u00fade masculina s\u00e3o passos essenciais para que possamos, juntos, combater o c\u00e2ncer de pr\u00f3stata e promover uma vida mais saud\u00e1vel para todos.<\/em><\/p>\n","protected":false},"excerpt":{"rendered":"<p>Novembro \u00e9 o m\u00eas dedicado \u00e0 campanha Novembro Azul, uma iniciativa global para conscientizar sobre o c\u00e2ncer de pr\u00f3stata e a import\u00e2ncia dos cuidados com a sa\u00fade masculina. Essa campanha visa sensibilizar homens de todas&hellip;<\/p>\n<p><a class=\"readmore\" href=\"https:\/\/uniplenaeducacional.com.br\/blog\/novembro-azul-a-importancia-da-conscientizacao-sobre-a-saude-masculina\/\">Read More<\/a><\/p>\n","protected":false},"author":1,"featured_media":995,"comment_status":"open","ping_status":"open","sticky":false,"template":"","format":"standard","meta":{"footnotes":""},"categories":[1],"tags":[4,12,15,7,13],"class_list":["post-994","post","type-post","status-publish","format-standard","has-post-thumbnail","hentry","category-educacao-basica","tag-educacao","tag-mesdeprevencao","tag-novembroazul","tag-professores","tag-todosjuntos"],"_links":{"self":[{"href":"https:\/\/uniplenaeducacional.com.br\/blog\/wp-json\/wp\/v2\/posts\/994"}],"collection":[{"href":"https:\/\/uniplenaeducacional.com.br\/blog\/wp-json\/wp\/v2\/posts"}],"about":[{"href":"https:\/\/uniplenaeducacional.com.br\/blog\/wp-json\/wp\/v2\/types\/post"}],"author":[{"embeddable":true,"href":"https:\/\/uniplenaeducacional.com.br\/blog\/wp-json\/wp\/v2\/users\/1"}],"replies":[{"embeddable":true,"href":"https:\/\/uniplenaeducacional.com.br\/blog\/wp-json\/wp\/v2\/comments?post=994"}],"version-history":[{"count":1,"href":"https:\/\/uniplenaeducacional.com.br\/blog\/wp-json\/wp\/v2\/posts\/994\/revisions"}],"predecessor-version":[{"id":996,"href":"https:\/\/uniplenaeducacional.com.br\/blog\/wp-json\/wp\/v2\/posts\/994\/revisions\/996"}],"wp:featuredmedia":[{"embeddable":true,"href":"https:\/\/uniplenaeducacional.com.br\/blog\/wp-json\/wp\/v2\/media\/995"}],"wp:attachment":[{"href":"https:\/\/uniplenaeducacional.com.br\/blog\/wp-json\/wp\/v2\/media?parent=994"}],"wp:term":[{"taxonomy":"category","embeddable":true,"href":"https:\/\/uniplenaeducacional.com.br\/blog\/wp-json\/wp\/v2\/categories?post=994"},{"taxonomy":"post_tag","embeddable":true,"href":"https:\/\/uniplenaeducacional.com.br\/blog\/wp-json\/wp\/v2\/tags?post=994"}],"curies":[{"name":"wp","href":"https:\/\/api.w.org\/{rel}","templated":true}]}}