{"id":981,"date":"2024-10-31T16:30:00","date_gmt":"2024-10-31T19:30:00","guid":{"rendered":"https:\/\/uniplenaeducacional.com.br\/blog\/?p=981"},"modified":"2024-10-31T12:48:25","modified_gmt":"2024-10-31T15:48:25","slug":"como-adaptar-seu-estilo-de-ensino-para-alunos-com-necessidades-especiais","status":"publish","type":"post","link":"https:\/\/uniplenaeducacional.com.br\/blog\/como-adaptar-seu-estilo-de-ensino-para-alunos-com-necessidades-especiais\/","title":{"rendered":"Como Adaptar seu Estilo de Ensino para Alunos com Necessidades Especiais"},"content":{"rendered":"\n<p class=\"has-text-align-center has-accent-color has-text-color has-link-color has-large-font-size wp-elements-e221805d5738024ecd7998c8f94f9924\"><\/p>\n\n\n\n<figure class=\"wp-block-image size-large\"><img loading=\"lazy\" decoding=\"async\" width=\"1024\" height=\"576\" src=\"https:\/\/uniplenaeducacional.com.br\/blog\/wp-content\/uploads\/2024\/10\/Como-Adaptar-seu-Estilo-de-Ensino-MODELO-2-1024x576.jpg\" alt=\"Como Adaptar seu Estilo de Ensino para Alunos com Necessidades Especiais\" class=\"wp-image-982\" srcset=\"https:\/\/uniplenaeducacional.com.br\/blog\/wp-content\/uploads\/2024\/10\/Como-Adaptar-seu-Estilo-de-Ensino-MODELO-2-1024x576.jpg 1024w, https:\/\/uniplenaeducacional.com.br\/blog\/wp-content\/uploads\/2024\/10\/Como-Adaptar-seu-Estilo-de-Ensino-MODELO-2-300x169.jpg 300w, https:\/\/uniplenaeducacional.com.br\/blog\/wp-content\/uploads\/2024\/10\/Como-Adaptar-seu-Estilo-de-Ensino-MODELO-2-768x432.jpg 768w, https:\/\/uniplenaeducacional.com.br\/blog\/wp-content\/uploads\/2024\/10\/Como-Adaptar-seu-Estilo-de-Ensino-MODELO-2-1536x864.jpg 1536w, https:\/\/uniplenaeducacional.com.br\/blog\/wp-content\/uploads\/2024\/10\/Como-Adaptar-seu-Estilo-de-Ensino-MODELO-2.jpg 1920w\" sizes=\"(max-width: 1024px) 100vw, 1024px\" \/><figcaption class=\"wp-element-caption\">Como Adaptar seu Estilo de Ensino para Alunos com Necessidades Especiais<\/figcaption><\/figure>\n\n\n\n<p class=\"has-text-align-center has-accent-color has-text-color has-link-color has-large-font-size wp-elements-9a2054385ea042cf1af345be73165d37\"><strong>Apresenta\u00e7\u00e3o<\/strong><\/p>\n\n\n\n<p class=\"has-regular-font-size\">Nos \u00faltimos anos, a inclus\u00e3o tem sido um dos temas centrais na educa\u00e7\u00e3o, e um dos principais desafios para professores \u00e9 adaptar seu estilo de ensino para atender \u00e0s necessidades de todos os alunos, incluindo aqueles com necessidades especiais. A seguir, destacamos estrat\u00e9gias pr\u00e1ticas para tornar o ambiente de aprendizagem mais acess\u00edvel e eficaz para todos.<\/p>\n\n\n\n<p class=\"has-text-align-center has-large-font-size\"><strong>Conhe\u00e7a as Necessidades de Seus Alunos<\/strong><\/p>\n\n\n\n<p class=\"has-regular-font-size\">O primeiro passo para adaptar o ensino \u00e9 conhecer as particularidades de cada aluno. Alunos com defici\u00eancias f\u00edsicas, sensoriais, intelectuais ou transtornos como o TDAH (Transtorno do D\u00e9ficit de Aten\u00e7\u00e3o com Hiperatividade) e o TEA (Transtorno do Espectro Autista) podem ter diferentes formas de aprender. Converse com os respons\u00e1veis, especialistas ou equipe pedag\u00f3gica da escola para entender melhor o que cada aluno precisa.<\/p>\n\n\n\n<p class=\"has-text-align-center has-large-font-size\"><strong>Use Recursos Did\u00e1ticos Diversificados<\/strong><\/p>\n\n\n\n<p class=\"has-regular-font-size\">Utilizar diferentes recursos \u00e9 fundamental para manter o engajamento e facilitar o aprendizado. Materiais visuais, como v\u00eddeos e imagens, auxiliam alunos com dificuldades auditivas. J\u00e1 os recursos auditivos e t\u00e1teis podem ser \u00fateis para alunos com defici\u00eancias visuais. O uso de tecnologia assistiva, como softwares de leitura de texto, tamb\u00e9m pode ser uma ferramenta poderosa.<\/p>\n\n\n\n<p class=\"has-regular-font-size\">Alunos com necessidades especiais podem precisar de mais tempo para realizar certas atividades ou de tarefas adaptadas ao seu n\u00edvel de habilidade. Ajustar a carga de trabalho e dar mais flexibilidade nas avalia\u00e7\u00f5es s\u00e3o maneiras eficazes de garantir que todos possam progredir no processo de aprendizagem.<\/p>\n\n\n\n<p class=\"has-text-align-center has-large-font-size\"><strong>Crie um Ambiente de Inclus\u00e3o e Respeito<\/strong><\/p>\n\n\n\n<p class=\"has-regular-font-size\">Para que os alunos com necessidades especiais se sintam acolhidos, \u00e9 importante fomentar um ambiente de respeito e empatia em sala de aula. Incentivar a coopera\u00e7\u00e3o entre os alunos e valorizar a diversidade ajudam a quebrar barreiras. Realize atividades que promovam a integra\u00e7\u00e3o, permitindo que todos os alunos participem juntos, respeitando seus limites e potenciais.<\/p>\n\n\n\n<p class=\"has-text-align-center has-large-font-size\"><strong>Implemente M\u00e9todos de Avalia\u00e7\u00e3o Alternativos<\/strong><\/p>\n\n\n\n<p class=\"has-regular-font-size\">Nem sempre as provas tradicionais s\u00e3o o melhor m\u00e9todo de avalia\u00e7\u00e3o para alunos com necessidades especiais. Avalia\u00e7\u00f5es pr\u00e1ticas, apresenta\u00e7\u00f5es ou at\u00e9 mesmo uma observa\u00e7\u00e3o cont\u00ednua do progresso podem oferecer uma vis\u00e3o mais clara das habilidades e do desenvolvimento do aluno. A flexibilidade nas avalia\u00e7\u00f5es permite que os estudantes mostrem seu conhecimento de diferentes maneiras.<\/p>\n\n\n\n<p class=\"has-text-align-center has-dark-color has-text-color has-link-color has-large-font-size wp-elements-91493126c8589f5d2bdfdb5e8880229c\"><strong>Capacite-se Continuamente<\/strong><\/p>\n\n\n\n<p class=\"has-regular-font-size\">O aprendizado sobre inclus\u00e3o e adapta\u00e7\u00e3o de pr\u00e1ticas pedag\u00f3gicas n\u00e3o deve ser espor\u00e1dico. Procure cursos, workshops e forma\u00e7\u00f5es sobre o ensino inclusivo. A forma\u00e7\u00e3o continuada ajuda a descobrir novas estrat\u00e9gias e a se manter atualizado sobre as melhores pr\u00e1ticas de ensino para alunos com necessidades especiais.<\/p>\n\n\n\n<p class=\"has-text-align-center has-accent-color has-text-color has-link-color has-large-font-size wp-elements-2dae8bf40ec48f219a9bccf86fa8df43\"><strong>Finaliza\u00e7\u00e3o<\/strong><\/p>\n\n\n\n<p class=\"has-regular-font-size\">Adaptar o estilo de ensino para alunos com necessidades especiais n\u00e3o \u00e9 apenas uma exig\u00eancia legal, mas uma demonstra\u00e7\u00e3o de respeito e compromisso com o direito \u00e0 educa\u00e7\u00e3o de qualidade para todos.&nbsp;<\/p>\n\n\n\n<p><\/p>\n","protected":false},"excerpt":{"rendered":"<p>Como Adaptar seu Estilo de Ensino para Alunos com Necessidades Especiais&hellip;<\/p>\n<p><a class=\"readmore\" href=\"https:\/\/uniplenaeducacional.com.br\/blog\/como-adaptar-seu-estilo-de-ensino-para-alunos-com-necessidades-especiais\/\">Read More<\/a><\/p>\n","protected":false},"author":1,"featured_media":982,"comment_status":"open","ping_status":"open","sticky":false,"template":"","format":"standard","meta":{"footnotes":""},"categories":[1],"tags":[4,14,8,7],"class_list":["post-981","post","type-post","status-publish","format-standard","has-post-thumbnail","hentry","category-educacao-basica","tag-educacao","tag-inclusao","tag-professor","tag-professores"],"_links":{"self":[{"href":"https:\/\/uniplenaeducacional.com.br\/blog\/wp-json\/wp\/v2\/posts\/981"}],"collection":[{"href":"https:\/\/uniplenaeducacional.com.br\/blog\/wp-json\/wp\/v2\/posts"}],"about":[{"href":"https:\/\/uniplenaeducacional.com.br\/blog\/wp-json\/wp\/v2\/types\/post"}],"author":[{"embeddable":true,"href":"https:\/\/uniplenaeducacional.com.br\/blog\/wp-json\/wp\/v2\/users\/1"}],"replies":[{"embeddable":true,"href":"https:\/\/uniplenaeducacional.com.br\/blog\/wp-json\/wp\/v2\/comments?post=981"}],"version-history":[{"count":3,"href":"https:\/\/uniplenaeducacional.com.br\/blog\/wp-json\/wp\/v2\/posts\/981\/revisions"}],"predecessor-version":[{"id":985,"href":"https:\/\/uniplenaeducacional.com.br\/blog\/wp-json\/wp\/v2\/posts\/981\/revisions\/985"}],"wp:featuredmedia":[{"embeddable":true,"href":"https:\/\/uniplenaeducacional.com.br\/blog\/wp-json\/wp\/v2\/media\/982"}],"wp:attachment":[{"href":"https:\/\/uniplenaeducacional.com.br\/blog\/wp-json\/wp\/v2\/media?parent=981"}],"wp:term":[{"taxonomy":"category","embeddable":true,"href":"https:\/\/uniplenaeducacional.com.br\/blog\/wp-json\/wp\/v2\/categories?post=981"},{"taxonomy":"post_tag","embeddable":true,"href":"https:\/\/uniplenaeducacional.com.br\/blog\/wp-json\/wp\/v2\/tags?post=981"}],"curies":[{"name":"wp","href":"https:\/\/api.w.org\/{rel}","templated":true}]}}