{"id":976,"date":"2024-10-21T16:30:00","date_gmt":"2024-10-21T19:30:00","guid":{"rendered":"https:\/\/uniplenaeducacional.com.br\/blog\/?p=976"},"modified":"2024-10-21T14:09:21","modified_gmt":"2024-10-21T17:09:21","slug":"outubro-rosa-a-importancia-da-prevencao-e-conscientizacao","status":"publish","type":"post","link":"https:\/\/uniplenaeducacional.com.br\/blog\/outubro-rosa-a-importancia-da-prevencao-e-conscientizacao\/","title":{"rendered":"Outubro Rosa: A Import\u00e2ncia da Preven\u00e7\u00e3o e Conscientiza\u00e7\u00e3o"},"content":{"rendered":"<div class=\"wp-block-image\">\n<figure class=\"aligncenter size-large is-resized\"><img loading=\"lazy\" decoding=\"async\" width=\"1024\" height=\"576\" src=\"https:\/\/uniplenaeducacional.com.br\/blog\/wp-content\/uploads\/2024\/10\/Outubro-Rosa_-A-Importancia-da-Prevencao-e-Conscientizacao-FUNDO-MODELO-2-1024x576.jpg\" alt=\"Outubro Rosa: A Import\u00e2ncia da Preven\u00e7\u00e3o e Conscientiza\u00e7\u00e3o\" class=\"wp-image-977\" style=\"width:838px;height:auto\" srcset=\"https:\/\/uniplenaeducacional.com.br\/blog\/wp-content\/uploads\/2024\/10\/Outubro-Rosa_-A-Importancia-da-Prevencao-e-Conscientizacao-FUNDO-MODELO-2-1024x576.jpg 1024w, https:\/\/uniplenaeducacional.com.br\/blog\/wp-content\/uploads\/2024\/10\/Outubro-Rosa_-A-Importancia-da-Prevencao-e-Conscientizacao-FUNDO-MODELO-2-300x169.jpg 300w, https:\/\/uniplenaeducacional.com.br\/blog\/wp-content\/uploads\/2024\/10\/Outubro-Rosa_-A-Importancia-da-Prevencao-e-Conscientizacao-FUNDO-MODELO-2-768x432.jpg 768w, https:\/\/uniplenaeducacional.com.br\/blog\/wp-content\/uploads\/2024\/10\/Outubro-Rosa_-A-Importancia-da-Prevencao-e-Conscientizacao-FUNDO-MODELO-2-1536x864.jpg 1536w, https:\/\/uniplenaeducacional.com.br\/blog\/wp-content\/uploads\/2024\/10\/Outubro-Rosa_-A-Importancia-da-Prevencao-e-Conscientizacao-FUNDO-MODELO-2.jpg 1920w\" sizes=\"(max-width: 1024px) 100vw, 1024px\" \/><figcaption class=\"wp-element-caption\">Outubro Rosa: A Import\u00e2ncia da Preven\u00e7\u00e3o e Conscientiza\u00e7\u00e3o<\/figcaption><\/figure><\/div>\n\n\n<p class=\"has-text-align-center has-accent-color has-text-color has-link-color has-large-font-size wp-elements-9a2054385ea042cf1af345be73165d37\"><strong>Apresenta\u00e7\u00e3o<\/strong><\/p>\n\n\n\n<p class=\"has-regular-font-size\">O Outubro Rosa \u00e9 um movimento mundial que acontece todos os anos com o objetivo de conscientizar a popula\u00e7\u00e3o, especialmente as mulheres, sobre a import\u00e2ncia da preven\u00e7\u00e3o e do diagn\u00f3stico precoce do c\u00e2ncer de mama. Durante todo o m\u00eas de outubro, campanhas de sa\u00fade, informa\u00e7\u00f5es e a\u00e7\u00f5es de conscientiza\u00e7\u00e3o s\u00e3o realizadas para educar e informar as pessoas sobre os cuidados necess\u00e1rios para reduzir os riscos dessa doen\u00e7a.<\/p>\n\n\n\n<p class=\"has-text-align-center has-dark-color has-text-color has-link-color has-large-font-size wp-elements-e2ca15d90175c4d35f44c4d07f2e9829\"><strong>O que \u00e9 o c\u00e2ncer de mama?<\/strong><\/p>\n\n\n\n<p class=\"has-regular-font-size\">O c\u00e2ncer de mama \u00e9 uma das doen\u00e7as mais comuns entre as mulheres no mundo todo, representando cerca de 25% dos novos casos de c\u00e2ncer a cada ano, segundo o Instituto Nacional do C\u00e2ncer (INCA). Ele ocorre quando h\u00e1 um crescimento descontrolado de c\u00e9lulas na regi\u00e3o das mamas, formando um tumor que, se n\u00e3o detectado e tratado precocemente, pode se espalhar para outras partes do corpo (met\u00e1stase).<\/p>\n\n\n\n<p class=\"has-regular-font-size\">No entanto, a boa not\u00edcia \u00e9 que, quando diagnosticado nos est\u00e1gios iniciais, o c\u00e2ncer de mama tem grandes chances de cura. E \u00e9 exatamente por isso que o Outubro Rosa se torna t\u00e3o importante: informar e educar sobre o valor do diagn\u00f3stico precoce.<\/p>\n\n\n\n<p class=\"has-text-align-center has-large-font-size\"><strong>Como prevenir o c\u00e2ncer de mama?<\/strong><\/p>\n\n\n\n<p class=\"has-regular-font-size\">A preven\u00e7\u00e3o do c\u00e2ncer de mama passa por diferentes etapas que envolvem tanto os h\u00e1bitos de vida quanto o acompanhamento m\u00e9dico regular. Alguns h\u00e1bitos saud\u00e1veis podem reduzir os riscos de desenvolvimento da doen\u00e7a, como:<\/p>\n\n\n\n<p class=\"has-regular-font-size\">&#8211; Pr\u00e1tica regular de atividades f\u00edsicas;<\/p>\n\n\n\n<p class=\"has-regular-font-size\">&#8211; Manter uma alimenta\u00e7\u00e3o equilibrada e rica em frutas, legumes e verduras;<\/p>\n\n\n\n<p class=\"has-regular-font-size\">&#8211; Evitar o consumo excessivo de \u00e1lcool;<\/p>\n\n\n\n<p class=\"has-regular-font-size\">&#8211; Manter o peso corporal saud\u00e1vel;<\/p>\n\n\n\n<p class=\"has-regular-font-size\">&#8211; Evitar o tabagismo.<\/p>\n\n\n\n<p class=\"has-text-align-center has-large-font-size\"><strong>A import\u00e2ncia do autoexame e dos exames de rotina<\/strong><\/p>\n\n\n\n<p class=\"has-regular-font-size\">Um dos pilares do Outubro Rosa \u00e9 a conscientiza\u00e7\u00e3o sobre a import\u00e2ncia do autoexame das mamas. Embora o autoexame n\u00e3o substitua os exames m\u00e9dicos, ele \u00e9 uma ferramenta importante para que as mulheres conhe\u00e7am o pr\u00f3prio corpo e consigam identificar altera\u00e7\u00f5es, como n\u00f3dulos, incha\u00e7os ou mudan\u00e7as no formato das mamas.<\/p>\n\n\n\n<p class=\"has-regular-font-size\">Al\u00e9m do autoexame, os exames de rotina s\u00e3o fundamentais para a detec\u00e7\u00e3o precoce da doen\u00e7a. A mamografia, por exemplo, \u00e9 o exame mais eficaz para detectar o c\u00e2ncer de mama em seus est\u00e1gios iniciais, antes mesmo de ser palp\u00e1vel. Mulheres com mais de 40 anos devem realizar a mamografia anualmente, conforme orienta\u00e7\u00e3o m\u00e9dica. J\u00e1 mulheres mais jovens, especialmente aquelas com hist\u00f3rico familiar da doen\u00e7a, podem precisar de acompanhamento mais rigoroso.<\/p>\n\n\n\n<p class=\"has-text-align-center has-large-font-size\"><strong>\u00a0Sintomas de alerta<\/strong><\/p>\n\n\n\n<p class=\"has-regular-font-size\">O c\u00e2ncer de mama nem sempre apresenta sintomas evidentes nos est\u00e1gios iniciais, por isso a mamografia e as consultas m\u00e9dicas regulares s\u00e3o t\u00e3o importantes. No entanto, alguns sinais de alerta devem ser observados, como:<\/p>\n\n\n\n<p class=\"has-regular-font-size\">&#8211; N\u00f3dulos palp\u00e1veis nas mamas ou axilas;<\/p>\n\n\n\n<p class=\"has-regular-font-size\">&#8211; Mudan\u00e7as no formato ou tamanho das mamas;<\/p>\n\n\n\n<p class=\"has-regular-font-size\">&#8211; Secre\u00e7\u00e3o anormal nos mamilos (especialmente com sangue);<\/p>\n\n\n\n<p class=\"has-regular-font-size\">&#8211; Altera\u00e7\u00f5es na pele da mama (como vermelhid\u00e3o ou aspecto de &#8220;casca de laranja&#8221;);<\/p>\n\n\n\n<p class=\"has-regular-font-size\">&#8211; Incha\u00e7o ou dor persistente nas mamas.<\/p>\n\n\n\n<p class=\"has-regular-font-size\">Ao notar qualquer um desses sintomas, \u00e9 fundamental procurar um m\u00e9dico para avalia\u00e7\u00e3o.<\/p>\n\n\n\n<p class=\"has-text-align-center has-large-font-size\"><strong>O papel da conscientiza\u00e7\u00e3o no Outubro Rosa<\/strong><\/p>\n\n\n\n<p class=\"has-regular-font-size\">O Outubro Rosa n\u00e3o \u00e9 apenas sobre preven\u00e7\u00e3o, mas tamb\u00e9m sobre quebrar tabus e mitos em torno do c\u00e2ncer de mama. Muitas mulheres ainda evitam falar sobre a doen\u00e7a ou t\u00eam medo de procurar ajuda ao notarem altera\u00e7\u00f5es, o que pode atrasar o diagn\u00f3stico e o tratamento.<\/p>\n\n\n\n<p class=\"has-regular-font-size\">A conscientiza\u00e7\u00e3o \u00e9 uma das principais armas contra o c\u00e2ncer. Por meio de campanhas educativas, palestras e eventos, o Outubro Rosa busca garantir que todas as mulheres tenham acesso \u00e0 informa\u00e7\u00e3o e aos exames necess\u00e1rios para cuidar da sa\u00fade.<\/p>\n\n\n\n<p class=\"has-regular-font-size\">Al\u00e9m disso, o movimento tamb\u00e9m \u00e9 um momento para refor\u00e7ar a import\u00e2ncia da solidariedade. Muitas mulheres enfrentam o c\u00e2ncer de mama e suas consequ\u00eancias emocionais e f\u00edsicas, e o apoio de familiares, amigos e da sociedade \u00e9 essencial para que se sintam fortalecidas durante o tratamento.<\/p>\n\n\n\n<p class=\"has-regular-font-size\">O Outubro Rosa \u00e9 um convite para refletirmos sobre a import\u00e2ncia do autocuidado e da preven\u00e7\u00e3o. Cuidar da sa\u00fade deve ser uma prioridade, e o c\u00e2ncer de mama, embora assustador, pode ser tratado e curado quando diagnosticado precocemente. Portanto, fazer o autoexame, realizar consultas regulares e manter uma vida saud\u00e1vel s\u00e3o atitudes que podem salvar vidas.<\/p>\n\n\n\n<p class=\"has-text-align-center has-accent-color has-text-color has-link-color has-large-font-size wp-elements-2f4fe44d4304c0ee60c342ecac25ccde\"><strong>Lembre-se: a preven\u00e7\u00e3o \u00e9 sempre o melhor caminho<\/strong><\/p>\n\n\n\n<p><\/p>\n","protected":false},"excerpt":{"rendered":"<p>Apresenta\u00e7\u00e3o O Outubro Rosa \u00e9 um movimento mundial que acontece todos os anos com o objetivo de conscientizar a popula\u00e7\u00e3o, especialmente as mulheres, sobre a import\u00e2ncia da preven\u00e7\u00e3o e do diagn\u00f3stico precoce do c\u00e2ncer de&hellip;<\/p>\n<p><a class=\"readmore\" href=\"https:\/\/uniplenaeducacional.com.br\/blog\/outubro-rosa-a-importancia-da-prevencao-e-conscientizacao\/\">Read More<\/a><\/p>\n","protected":false},"author":1,"featured_media":977,"comment_status":"open","ping_status":"open","sticky":false,"template":"","format":"standard","meta":{"footnotes":""},"categories":[1],"tags":[12,11,13],"class_list":["post-976","post","type-post","status-publish","format-standard","has-post-thumbnail","hentry","category-educacao-basica","tag-mesdeprevencao","tag-outubrorosa","tag-todosjuntos"],"_links":{"self":[{"href":"https:\/\/uniplenaeducacional.com.br\/blog\/wp-json\/wp\/v2\/posts\/976"}],"collection":[{"href":"https:\/\/uniplenaeducacional.com.br\/blog\/wp-json\/wp\/v2\/posts"}],"about":[{"href":"https:\/\/uniplenaeducacional.com.br\/blog\/wp-json\/wp\/v2\/types\/post"}],"author":[{"embeddable":true,"href":"https:\/\/uniplenaeducacional.com.br\/blog\/wp-json\/wp\/v2\/users\/1"}],"replies":[{"embeddable":true,"href":"https:\/\/uniplenaeducacional.com.br\/blog\/wp-json\/wp\/v2\/comments?post=976"}],"version-history":[{"count":1,"href":"https:\/\/uniplenaeducacional.com.br\/blog\/wp-json\/wp\/v2\/posts\/976\/revisions"}],"predecessor-version":[{"id":978,"href":"https:\/\/uniplenaeducacional.com.br\/blog\/wp-json\/wp\/v2\/posts\/976\/revisions\/978"}],"wp:featuredmedia":[{"embeddable":true,"href":"https:\/\/uniplenaeducacional.com.br\/blog\/wp-json\/wp\/v2\/media\/977"}],"wp:attachment":[{"href":"https:\/\/uniplenaeducacional.com.br\/blog\/wp-json\/wp\/v2\/media?parent=976"}],"wp:term":[{"taxonomy":"category","embeddable":true,"href":"https:\/\/uniplenaeducacional.com.br\/blog\/wp-json\/wp\/v2\/categories?post=976"},{"taxonomy":"post_tag","embeddable":true,"href":"https:\/\/uniplenaeducacional.com.br\/blog\/wp-json\/wp\/v2\/tags?post=976"}],"curies":[{"name":"wp","href":"https:\/\/api.w.org\/{rel}","templated":true}]}}