{"id":87,"date":"2020-03-27T00:01:00","date_gmt":"2020-03-27T00:01:00","guid":{"rendered":"https:\/\/uniplenaeducacional.com.br\/blog\/?p=87"},"modified":"2020-03-12T20:16:58","modified_gmt":"2020-03-12T20:16:58","slug":"5-dicas-praticas-para-melhorar-as-suas-aulas","status":"publish","type":"post","link":"https:\/\/uniplenaeducacional.com.br\/blog\/5-dicas-praticas-para-melhorar-as-suas-aulas\/","title":{"rendered":"5 Dicas pr\u00e1ticas para melhorar as suas aulas!"},"content":{"rendered":"\n<p>Voc\u00ea est\u00e1 precisando de ajuda sobre como dar aulas e n\u00e3o sabe por onde come\u00e7ar?<br><\/p>\n\n\n\n<p>Essas dicas v\u00e3o transformar a sua rotina de planejamento, enriquecer a sua pr\u00e1tica na sala de aula e trazer benef\u00edcios para o seu trabalho e para a aprendizagem de seus alunos.<br><\/p>\n\n\n\n<p>Afinal de contas planejamento, pesquisa te\u00f3rica e metodol\u00f3gica fazem parte da rotina de professor.&nbsp;<br><\/p>\n\n\n\n<p>Tomando por refer\u00eancia os documentos educacionais oficiais estas dicas ir\u00e3o nortear o seu trabalho com qualidade e efici\u00eancia, garantindo que o planejamento de suas aulas tenham conte\u00fado e praticidade!<br><\/p>\n\n\n\n<p>Ent\u00e3o vamos l\u00e1&#8230;&nbsp;<br><\/p>\n\n\n\n<p><strong>#1 &#8211; conhe\u00e7a o curr\u00edculo:<\/strong><br><\/p>\n\n\n\n<p>O primeiro passo \u00e9 conhecer o curr\u00edculo educacional da rede na qual voc\u00ea est\u00e1 trabalhando.<br><\/p>\n\n\n\n<p>No nosso pa\u00eds temos a Base Nacional Comum Curricular, que abrange todo territ\u00f3rio nacional como curr\u00edculo base para todas etapas da educa\u00e7\u00e3o b\u00e1sica, mas cada estado,<\/p>\n\n\n\n<p>munic\u00edpio ou at\u00e9 mesmo rede particular possui, na maioria das vezes, um curr\u00edculo pr\u00f3prio que norteia o planejamento das aulas.&nbsp;<br><\/p>\n\n\n\n<p>Por isso, conhec\u00ea-lo ir\u00e1 apontar o caminho por onde voc\u00ea deve iniciar, de acordo com sua especialidade e etapa de atua\u00e7\u00e3o.<br><\/p>\n\n\n\n<p><strong>#2 &#8211; Conhe\u00e7a ou elabore o planejamento das aulas:<\/strong><br><\/p>\n\n\n\n<p>Ap\u00f3s voc\u00ea conhecer o curr\u00edculo, \u00e9 necess\u00e1rio elaborar um plano de aulas, um planejamento de como voc\u00ea ir\u00e1 trabalhar o conte\u00fado presente no curr\u00edculo.<br><\/p>\n\n\n\n<p>De acordo com a rede na qual voc\u00ea atua ser\u00e1 necess\u00e1rio fazer um planejamento semanal, mensal, bimestral, trimestral, semestral, anual, ou at\u00e9 mesmo seguir o planejamento j\u00e1 elaborado pela rede.&nbsp;<br><\/p>\n\n\n\n<p>Esse plano deve ser sempre flex\u00edvel, pass\u00edvel de mudan\u00e7as e adapta\u00e7\u00f5es, sendo necess\u00e1rio pontuar durante o percurso avalia\u00e7\u00f5es tanto dos educandos, como do educador e do pr\u00f3prio planejamento.<br><\/p>\n\n\n\n<p><strong>#3 &#8211; Elabore o conte\u00fado e as etapas das aulas:<\/strong><br><\/p>\n\n\n\n<p>Antes de qualquer coisa, estude os conte\u00fados que ser\u00e3o trabalhados, \u00e9 essencial relembr\u00e1-los antes das aulas para estar confiante e seguro ao ensinar, bem como para sanar eventuais d\u00favidas que voc\u00ea pode prever que surgir\u00e3o.<br><\/p>\n\n\n\n<p>Para cada aula voc\u00ea ir\u00e1 planejar as etapas de como ela acontecer\u00e1.&nbsp;<br><\/p>\n\n\n\n<p>Pense o espa\u00e7o: quais espa\u00e7os da institui\u00e7\u00e3o voc\u00ea pode utilizar para realizar suas aulas, se for somente sala de aula, de que forma a disposi\u00e7\u00e3o das mesas e cadeiras ser\u00e3o organizadas para um melhor aproveitamento das aulas.&nbsp;<br><\/p>\n\n\n\n<p>Apresenta\u00e7\u00e3o do conte\u00fado: voc\u00ea poder\u00e1 apresentar o conte\u00fado aos alunos por aula expositiva, por meio de textos a serem lidos coletivamente ou individualmente, jogos,<\/p>\n\n\n\n<p>brincadeiras, experi\u00eancias.&nbsp;<br><\/p>\n\n\n\n<p>Enfim, a maneira como voc\u00ea ir\u00e1 explicar o conte\u00fado pode ter diversos formatos, a escolha depender\u00e1 das caracter\u00edsticas da sua turma, do conte\u00fado, ou de sua habilidade como professor.&nbsp;<br><\/p>\n\n\n\n<p>Durante a apresenta\u00e7\u00e3o dos conte\u00fados \u00e9 sempre enriquecedor incluir os alunos por meio de perguntas, coment\u00e1rios, opini\u00f5es, ou seja, trazer os alunos para a reflex\u00e3o do tema.&nbsp;<br><\/p>\n\n\n\n<p><strong>#4 &#8211; Saiba administrar o tempo:<\/strong><br><\/p>\n\n\n\n<p>Seja voc\u00ea professor especialista, seja professor da educa\u00e7\u00e3o infantil, \u00e9 muito importante saber administrar o tempo destinado a cada etapa da aula, para isso \u00e9 fundamental que voc\u00ea comunique aos alunos de que forma ocorrer\u00e1 a aula, o tempo necess\u00e1rio a cada etapa<\/p>\n\n\n\n<p>e assim, em colabora\u00e7\u00e3o com a turma o tempo ser\u00e1 bem aproveitado.<br><\/p>\n\n\n\n<p>Aten\u00e7\u00e3o: prepare-se para eventuais intercorr\u00eancias durante a aula, como por exemplo, o interesse da turma por determinado assunto decorrente do conte\u00fado que demanda um tempo de discuss\u00e3o, ou d\u00favidas de alunos com dificuldades que necessitam do seu tempo com adapta\u00e7\u00f5es e atendimento individualizado.&nbsp;<br><\/p>\n\n\n\n<p>H\u00e1 situa\u00e7\u00f5es diversas que podem ocorrer e voc\u00ea ter\u00e1 de sinalizar a turma, ou parte dela, para seguir o objetivo da aula, seja retomando a discuss\u00e3o em outro momento oportuno, seja combinando uma retomada do conte\u00fado para os alunos com dificuldades.<br><\/p>\n\n\n\n<p><strong>#5 &#8211; Avalie a aprendizagem dos alunos e as suas aulas:<\/strong><br><\/p>\n\n\n\n<p>A cada conte\u00fado trabalhado, \u00e9 necess\u00e1rio avaliar tanto a aprendizagem dos alunos, como a qualidade da aula, e pode ser realizado de forma coletiva oralmente, por meio de avalia\u00e7\u00f5es escritas individuais, trabalho em grupo, apresenta\u00e7\u00f5es perform\u00e1ticas, jogos, desafios e exerc\u00edcios, e outros.&nbsp;<br><\/p>\n\n\n\n<p>Diversificar a forma de avalia\u00e7\u00e3o ir\u00e1 enriquecer seu trabalho e oportunizar a express\u00e3o das diferentes intelig\u00eancias presentes na turma.&nbsp;<br><\/p>\n\n\n\n<p>Permitir que a turma avalie suas aulas ir\u00e1 incluir os alunos no processo, resultando em maior sucesso nas aulas e na aprendizagem da turma, como tamb\u00e9m possibilitar que suas aulas se tornem cada vez mais enriquecidas com as contribui\u00e7\u00f5es dos alunos.<br><\/p>\n\n\n\n<p>Essas s\u00e3o as 5 dicas fundamentais para planejar suas aulas: inicie estudando o curr\u00edculo vigente, conhe\u00e7a ou produza o planejamento das aulas, elabore o conte\u00fado bem como as etapas das aulas, lembrando sempre de administrar o tempo, e finalmente planeje as avalia\u00e7\u00f5es, tanto de suas aulas, como da aprendizagem dos alunos.&nbsp;&nbsp;<\/p>\n\n\n\n<p>Ent\u00e3o, comece agora mesmo!&nbsp;<\/p>\n\n\n\n<p>Voc\u00ea pode simplesmente iniciar uma rotina de estudo e planejamento de suas aulas, bem como realizar um curso para melhorar seus conhecimentos sobre o curr\u00edculo ou as teorias educacionais vigentes!<\/p>\n\n\n\n<p>Espero ter contribu\u00eddo para sua pr\u00e1tica em sala de aula! At\u00e9 a pr\u00f3xima!<\/p>\n\n\n\n<p><br><\/p>\n\n\n\n<hr class=\"wp-block-separator\"\/>\n\n\n\n<div class=\"wp-block-media-text alignwide\" style=\"grid-template-columns:17% auto\"><figure class=\"wp-block-media-text__media\"><img loading=\"lazy\" decoding=\"async\" width=\"792\" height=\"1024\" src=\"https:\/\/uniplenaeducacional.com.br\/blog\/wp-content\/uploads\/2020\/03\/IngridDehnRodrigues-3-792x1024.jpeg\" alt=\"\" class=\"wp-image-67\" srcset=\"https:\/\/uniplenaeducacional.com.br\/blog\/wp-content\/uploads\/2020\/03\/IngridDehnRodrigues-3-792x1024.jpeg 792w, https:\/\/uniplenaeducacional.com.br\/blog\/wp-content\/uploads\/2020\/03\/IngridDehnRodrigues-3-232x300.jpeg 232w, https:\/\/uniplenaeducacional.com.br\/blog\/wp-content\/uploads\/2020\/03\/IngridDehnRodrigues-3-768x993.jpeg 768w, https:\/\/uniplenaeducacional.com.br\/blog\/wp-content\/uploads\/2020\/03\/IngridDehnRodrigues-3.jpeg 869w\" sizes=\"(max-width: 792px) 100vw, 792px\" \/><\/figure><div class=\"wp-block-media-text__content\">\n<p class=\"has-small-font-size\"><strong>Prof. Ingrid Dehn<\/strong> &#8211; Graduada em Pedagogia (FEUSP) e P\u00f3s-Graduada em Educa\u00e7\u00e3o Infantil (UNINOVE). Trabalha na \u00e1rea da educa\u00e7\u00e3o h\u00e1 11 anos. Atualmente \u00e9 professora de Educa\u00e7\u00e3o Infantil e Ensino Fundamental I na prefeitura de S\u00e3o Paulo. <\/p>\n<\/div><\/div>\n\n\n\n<hr class=\"wp-block-separator\"\/>\n","protected":false},"excerpt":{"rendered":"<p>Voc\u00ea est\u00e1 precisando de ajuda sobre como dar aulas e n\u00e3o sabe por onde come\u00e7ar? Essas dicas v\u00e3o transformar a sua rotina de planejamento, enriquecer a sua pr\u00e1tica na sala de aula e trazer benef\u00edcios&hellip;<\/p>\n<p><a class=\"readmore\" href=\"https:\/\/uniplenaeducacional.com.br\/blog\/5-dicas-praticas-para-melhorar-as-suas-aulas\/\">Read More<\/a><\/p>\n","protected":false},"author":2,"featured_media":0,"comment_status":"open","ping_status":"open","sticky":false,"template":"","format":"standard","meta":{"footnotes":""},"categories":[1],"tags":[],"class_list":["post-87","post","type-post","status-publish","format-standard","hentry","category-educacao-basica"],"_links":{"self":[{"href":"https:\/\/uniplenaeducacional.com.br\/blog\/wp-json\/wp\/v2\/posts\/87"}],"collection":[{"href":"https:\/\/uniplenaeducacional.com.br\/blog\/wp-json\/wp\/v2\/posts"}],"about":[{"href":"https:\/\/uniplenaeducacional.com.br\/blog\/wp-json\/wp\/v2\/types\/post"}],"author":[{"embeddable":true,"href":"https:\/\/uniplenaeducacional.com.br\/blog\/wp-json\/wp\/v2\/users\/2"}],"replies":[{"embeddable":true,"href":"https:\/\/uniplenaeducacional.com.br\/blog\/wp-json\/wp\/v2\/comments?post=87"}],"version-history":[{"count":2,"href":"https:\/\/uniplenaeducacional.com.br\/blog\/wp-json\/wp\/v2\/posts\/87\/revisions"}],"predecessor-version":[{"id":90,"href":"https:\/\/uniplenaeducacional.com.br\/blog\/wp-json\/wp\/v2\/posts\/87\/revisions\/90"}],"wp:attachment":[{"href":"https:\/\/uniplenaeducacional.com.br\/blog\/wp-json\/wp\/v2\/media?parent=87"}],"wp:term":[{"taxonomy":"category","embeddable":true,"href":"https:\/\/uniplenaeducacional.com.br\/blog\/wp-json\/wp\/v2\/categories?post=87"},{"taxonomy":"post_tag","embeddable":true,"href":"https:\/\/uniplenaeducacional.com.br\/blog\/wp-json\/wp\/v2\/tags?post=87"}],"curies":[{"name":"wp","href":"https:\/\/api.w.org\/{rel}","templated":true}]}}