{"id":868,"date":"2023-12-06T19:07:07","date_gmt":"2023-12-06T19:07:07","guid":{"rendered":"https:\/\/uniplenaeducacional.com.br\/blog\/?p=868"},"modified":"2023-12-06T19:07:07","modified_gmt":"2023-12-06T19:07:07","slug":"novas-propostas-de-valorizacao-e-formacao-docente","status":"publish","type":"post","link":"https:\/\/uniplenaeducacional.com.br\/blog\/novas-propostas-de-valorizacao-e-formacao-docente\/","title":{"rendered":"Novas propostas de valoriza\u00e7\u00e3o e forma\u00e7\u00e3o docente"},"content":{"rendered":"\n<p>Neste texto vamos entender as ofertas de valoriza\u00e7\u00e3o e forma\u00e7\u00e3o docente discutidas pelo MEC neste ano de 2023. Todas estas ofertas e diretrizes est\u00e3o integradas no plano nacional de educa\u00e7\u00e3o (PNE).<\/p>\n\n\n\n<p>Neste sentido, \u00e9 importante lembrar que estas metas j\u00e1 estavam no PNE desde 2014 e no per\u00edodo de 2017 a 2022 houve uma estagna\u00e7\u00e3o e retrocesso em algumas conquistas adquiridas pela classe docente.<\/p>\n\n\n\n<p>Estagna\u00e7\u00e3o e retrocesso refletem na baixa execu\u00e7\u00e3o das 20 propostas do PNE relativas a democratiza\u00e7\u00e3o do ensino p\u00fablico direcionadas aos alunos e tamb\u00e9m a valoriza\u00e7\u00e3o da doc\u00eancia focada nos professores.<\/p>\n\n\n\n<p>O principal vil\u00e3o desta baixa execu\u00e7\u00e3o do PNE \u00e9 o corte or\u00e7ament\u00e1rio relativo \u00e0 educa\u00e7\u00e3o feito no per\u00edodo 2019\/2021, s\u00f3 em 2020 a redu\u00e7\u00e3o no or\u00e7amento para a educa\u00e7\u00e3o foi de 8 bilh\u00f5es em rela\u00e7\u00e3o a 2019.<\/p>\n\n\n\n<p>Para 2023 est\u00e1 se discutindo nesse novo governo um investimento de 142, 84 bilh\u00f5es na educa\u00e7\u00e3o. Atualmente est\u00e3o sendo debatidas formas de cumprir melhor o que j\u00e1 estava estabelecido desde 2014 em rela\u00e7\u00e3o a valoriza\u00e7\u00e3o e forma\u00e7\u00e3o docente.<\/p>\n\n\n\n<p>Uma das estrat\u00e9gias principais \u00e9 a integra\u00e7\u00e3o dos entes federados frente aos problemas referentes \u00e0 educa\u00e7\u00e3o. Neste sentido \u00e9 necess\u00e1rio que uni\u00e3o, distrito, estados e munic\u00edpios, tenham a educa\u00e7\u00e3o como prioridade.<\/p>\n\n\n\n<p>Os problemas educacionais relacionados com a desigualdade econ\u00f4mica se agravam mais ainda com a pandemia e o per\u00edodo p\u00f3s-pand\u00eamico.<\/p>\n\n\n\n<p>Neste texto vamos conhecer melhor as propostas de valoriza\u00e7\u00e3o e forma\u00e7\u00e3o docente e tamb\u00e9m entender as a\u00e7\u00f5es que est\u00e3o sendo tomadas para reduzir os problemas educacionais que impactam na carreira docente.<\/p>\n\n\n\n<h2 class=\"wp-block-heading\">Breve hist\u00f3rico sobre valoriza\u00e7\u00e3o e forma\u00e7\u00e3o docente no Brasil<\/h2>\n\n\n\n<p>Para entender melhor o conjunto de problemas que reside no \u00e2mbito da valoriza\u00e7\u00e3o e forma\u00e7\u00e3o docente, \u00e9 necess\u00e1rio ter uma ideia breve do que j\u00e1 foi feito e o que falta fazer.<\/p>\n\n\n\n<p>Para isso \u00e9 preciso voltar no tempo de maneira pontual sem objetivar e pretender um desenvolvimento hist\u00f3rico, pois isso demandaria muito mais aprofundamento.<\/p>\n\n\n\n<p>A discuss\u00e3o sobre valoriza\u00e7\u00e3o e forma\u00e7\u00e3o \u00e9 bem antiga, para se ter uma ideia, a primeira vez que se discutiu sobre forma\u00e7\u00e3o docente no Brasil, foi ainda no per\u00edodo imperial.<\/p>\n\n\n\n<p>Esta primeira discuss\u00e3o se deu no ato adicional de 1834 quando foi institu\u00eddo que a responsabilidade da educa\u00e7\u00e3o prim\u00e1ria estava a cargo das prov\u00edncias. Neste sentido, cada prov\u00edncia deveria adotar estrat\u00e9gias para forma\u00e7\u00e3o docente seguindo o formato europeu com a cria\u00e7\u00e3o das Escolas Normais.<\/p>\n\n\n\n<p>Posteriormente, foram criados muitos aparatos legais para consolidar e normatizar a educa\u00e7\u00e3o em torno da forma\u00e7\u00e3o docente. Por\u00e9m, a valoriza\u00e7\u00e3o dos professores s\u00f3 foi consolidada de maneira integral na constitui\u00e7\u00e3o de 1988.<\/p>\n\n\n\n<p>Em rela\u00e7\u00e3o ao ensino b\u00e1sico p\u00fablico esta valoriza\u00e7\u00e3o docente est\u00e1 bastante expl\u00edcita no artigo 206 da constitui\u00e7\u00e3o de 1988.<\/p>\n\n\n\n<p>Entre as estrat\u00e9gias de valoriza\u00e7\u00e3o profissional docente est\u00e3o:<\/p>\n\n\n\n<ul class=\"wp-block-list\"><li>Ingresso no ensino p\u00fablico somente por concurso de prova e t\u00edtulos e plano de carreira.<\/li><li>Piso salarial profissional nacional<\/li><\/ul>\n\n\n\n<p>Al\u00e9m da constitui\u00e7\u00e3o de 1988,outro documento importante para a forma\u00e7\u00e3o e valoriza\u00e7\u00e3o docente \u00e9 a LDB\/1996. Dos Artigos 62 a 66&nbsp; est\u00e3o as propostas de forma\u00e7\u00e3o e o artigo 67 est\u00e1 direcionado para a valoriza\u00e7\u00e3o profissional.<\/p>\n\n\n\n<p>Dentre as propostas de forma\u00e7\u00e3o e valoriza\u00e7\u00e3o est\u00e3o:<\/p>\n\n\n\n<ul class=\"wp-block-list\"><li>A doc\u00eancia na educa\u00e7\u00e3o b\u00e1sica ter\u00e1 como forma\u00e7\u00e3o a licenciatura plena&nbsp;<\/li><li>\u00c9 admitida a forma\u00e7\u00e3o em n\u00edvel m\u00e9dio na modalidade normal, para a doc\u00eancia na educa\u00e7\u00e3o infantil e nos primeiros anos do fundamental<\/li><li>Ingresso na carreira docente p\u00fablica por concurso<\/li><li>Aperfei\u00e7oamento profissional continuado<\/li><li>Licenciamento para forma\u00e7\u00e3o continuada remunerada<\/li><li>Piso salarial profissional<\/li><li>Progress\u00e3o funcional baseada na an\u00e1lise de t\u00edtulos, habilita\u00e7\u00e3o e avalia\u00e7\u00e3o por desempenho<\/li><li>Per\u00edodos reservados aos estudos, planejamento e avalia\u00e7\u00e3o<\/li><li>Condi\u00e7\u00f5es adequadas de trabalho<\/li><\/ul>\n\n\n\n<h2 class=\"wp-block-heading\">PNE, valoriza\u00e7\u00e3o e forma\u00e7\u00e3o docente<\/h2>\n\n\n\n<p>O Plano Nacional de Educa\u00e7\u00e3o (PNE), \u00e9 um documento de grande import\u00e2ncia para consolidar as estrat\u00e9gias das esferas p\u00fablicas em torno da valoriza\u00e7\u00e3o e forma\u00e7\u00e3o dos professores.<\/p>\n\n\n\n<p>Neste documento existem 20 metas para a educa\u00e7\u00e3o como um todo e algumas metas direcionadas especificamente aos professores com objetivos formativos e de valoriza\u00e7\u00e3o profissional.<\/p>\n\n\n\n<p>Dentre estas metas est\u00e3o:<\/p>\n\n\n\n<h3 class=\"wp-block-heading\">Meta 15<\/h3>\n\n\n\n<p>Direcionada para a forma\u00e7\u00e3o inicial dos professores, os seus objetivos s\u00e3o voltados garantir acesso a universidades para todos os professores da rede p\u00fablica.<\/p>\n\n\n\n<p>Vale lembrar, que esses objetivos est\u00e3o vinculados a um pacto federativo, onde Uni\u00e3o, estados, distrito e munic\u00edpios em regime colaborativo&nbsp; ofere\u00e7am uma pol\u00edtica nacional de forma\u00e7\u00e3o dos profissionais docentes.<\/p>\n\n\n\n<h3 class=\"wp-block-heading\">Meta 16<\/h3>\n\n\n\n<p>Esta meta \u00e9 voltada para a forma\u00e7\u00e3o continuada e complementar dos professores, ou seja, visa garantir acesso aos docentes a cursos de p\u00f3s-gradua\u00e7\u00e3o, mestrado e doutorado.<\/p>\n\n\n\n<p>Neste sentido, essa meta estabelece que depois de um ano de vig\u00eancia do PNE 50% dos professores que atuam no ensino b\u00e1sico tenham p\u00f3s-gradua\u00e7\u00e3o.<\/p>\n\n\n\n<p>Segundo dados do INEP de 2021 os \u00edndices alcan\u00e7ados em rela\u00e7\u00e3o \u00e0 forma\u00e7\u00e3o complementar e continuada ainda n\u00e3o s\u00e3o satisfat\u00f3rios. O percentual de professores com p\u00f3s-gradua\u00e7\u00e3o (lato sensu e stricto sensu) passou de 30,2% para 44,7%.<\/p>\n\n\n\n<h3 class=\"wp-block-heading\">Meta 17<\/h3>\n\n\n\n<p>A meta 17 tem seus objetivos no \u00e2mbito da valoriza\u00e7\u00e3o profissional e visa equalizar os sal\u00e1rios dos professores com outros profissionais do mercado de trabalho.<\/p>\n\n\n\n<p>Existe uma defasagem muito grande entre profissionais com n\u00edvel superior e profissionais docentes com n\u00edvel superior de 57%. Ou seja, o mercado de trabalho \u00e9 mais atraente para os jovens em profiss\u00f5es que n\u00e3o est\u00e3o ligadas com a educa\u00e7\u00e3o.<\/p>\n\n\n\n<p>Neste sentido, o objetivo central desta meta \u00e9 fazer com que o trabalho com educa\u00e7\u00e3o seja um trabalho gratificante como carreira profissional e carreira acad\u00eamica, para isso o PNE visa corrigir a defasagem salarial de 2024 a 2034.<\/p>\n\n\n\n<h3 class=\"wp-block-heading\">Meta 18<\/h3>\n\n\n\n<p>Esta meta que tamb\u00e9m se relaciona a valoriza\u00e7\u00e3o dos professores \u00e9 direcionada especificamente \u00e0 carreira docente.<\/p>\n\n\n\n<p>Ligada ao plano de carreira docente, esta meta determina a obrigatoriedade dos entes federativos em oferecer planos de carreiras&nbsp; alinhados ao PNE.<\/p>\n\n\n\n<p>Esta obrigatoriedade \u00e9 necess\u00e1ria, pois dentre todos os entes federativos existem munic\u00edpios e estados que j\u00e1 ofereceram planos de carreiras e outros n\u00e3o, e isso precisa urgentemente ser equalizado.<\/p>\n\n\n\n<h2 class=\"wp-block-heading\">Propostas atuais de valoriza\u00e7\u00e3o e forma\u00e7\u00e3o docente<\/h2>\n\n\n\n<p>Vimos at\u00e9 aqui, todas as estrat\u00e9gias que foram lan\u00e7adas desde a constitui\u00e7\u00e3o de 1988 voltadas para a forma\u00e7\u00e3o e valoriza\u00e7\u00e3o docente e at\u00e9 um antecedente hist\u00f3rico sobre forma\u00e7\u00e3o como a proposta de 1834.<\/p>\n\n\n\n<p>No entanto, ainda existem muitas lacunas a serem preenchidas para consolidar a profiss\u00e3o docente como uma profiss\u00e3o de excel\u00eancia merecidamente.<\/p>\n\n\n\n<p>\u00c9 importante salientar que nas propostas mais atuais a forma\u00e7\u00e3o e valoriza\u00e7\u00e3o s\u00e3o vistas de maneira interconectadas. Ou seja, n\u00e3o h\u00e1 valoriza\u00e7\u00e3o profissional sem forma\u00e7\u00e3o continuada.<\/p>\n\n\n\n<p>Neste sentido, as ofertas de planos de carreiras atraentes s\u00e3o intrinsecamente relacionadas com ofertas de forma\u00e7\u00e3o. Portanto, entre as pol\u00edticas e a\u00e7\u00f5es do MEC atual, sobre a lideran\u00e7a do ministro Camilo Santana e do Presidente In\u00e1cio Lula, est\u00e3o:<\/p>\n\n\n\n<ul class=\"wp-block-list\"><li>Forma\u00e7\u00e3o inicial e continuada<\/li><li>Qualifica\u00e7\u00e3o profissional<\/li><li>Planos de cargo, carreira e remunera\u00e7\u00e3o<\/li><li>Reajuste do piso salarial (em torno de 15%)<\/li><\/ul>\n\n\n\n<p>\u00c9 importante lembrar, que para que as pol\u00edticas de valoriza\u00e7\u00e3o e forma\u00e7\u00e3o docente se cumpram, \u00e9 preciso uma uni\u00e3o entre os entes federativos em torno de objetivos comuns.<\/p>\n\n\n\n<p>Para este fim foi criado um f\u00f3rum permanente de acompanhamento da implementa\u00e7\u00e3o da Pol\u00edtica do Piso Salarial Profissional Nacional (PSPN) direcionada aos professores do ensino b\u00e1sico.<\/p>\n\n\n\n<p>Este sistema \u00e9 voltado para a cria\u00e7\u00e3o de mecanismos de ajustes que incidem no cumprimento do piso salarial por todos os entes federativos, bem como sobre o plano de carreira, de cargo e remunera\u00e7\u00e3o.<\/p>\n\n\n\n<h2 class=\"wp-block-heading\">Conclus\u00e3o<\/h2>\n\n\n\n<p>Neste texto vimos um breve hist\u00f3rico sobre a valoriza\u00e7\u00e3o da carreira docente no Brasil. Podemos concluir ainda de maneira parcial, que existe uma evolu\u00e7\u00e3o lenta e gradativa para tornar a profiss\u00e3o docente cada vez mais valorizada.<\/p>\n\n\n\n<p>As estrat\u00e9gias atuais que est\u00e3o sendo lan\u00e7adas caminham na dire\u00e7\u00e3o da unifica\u00e7\u00e3o de todos os entes federativos na perspectiva de sanar os problemas educativos.<\/p>\n\n\n\n<p>Dentre todos os problemas da educa\u00e7\u00e3o, que s\u00e3o imensamente muitos, os que est\u00e3o relacionados especificamente com os professores est\u00e3o colocados na \u00f3tica da uni\u00e3o.<\/p>\n\n\n\n<p>Ou seja, o objetivo do MEC, via Fundeb, \u00e9 acompanhar os estados e munic\u00edpios em suas a\u00e7\u00f5es de valoriza\u00e7\u00e3o dos professores, n\u00e3o como um \u00f3rg\u00e3o somente de fiscaliza\u00e7\u00e3o, mas tamb\u00e9m como uma institui\u00e7\u00e3o de apoio t\u00e9cnico e financeiro.<\/p>\n\n\n\n<figure class=\"wp-block-embed\"><div class=\"wp-block-embed__wrapper\">\nhttps:\/\/periodicos2.uesb.br\/index.php\/poliges\/article\/view\/12481\/7721\n<\/div><\/figure>\n\n\n\n<figure class=\"wp-block-embed\"><div class=\"wp-block-embed__wrapper\">\nhttps:\/\/www.gov.br\/mec\/pt-br\/assuntos\/noticias\/2023\/outubro\/valorizacao-dos-professores-e-uma-das-metas-do-mec#:~:text=Em%202023%2C%20o%20valor%20subiu,%24%20400%20para%20R%24%20700.\n<\/div><\/figure>\n","protected":false},"excerpt":{"rendered":"<p>Neste texto vamos entender as ofertas de valoriza\u00e7\u00e3o e forma\u00e7\u00e3o docente discutidas pelo MEC neste ano de 2023. Todas estas ofertas e diretrizes est\u00e3o integradas no plano nacional de educa\u00e7\u00e3o (PNE). Neste sentido, \u00e9 importante&hellip;<\/p>\n<p><a class=\"readmore\" href=\"https:\/\/uniplenaeducacional.com.br\/blog\/novas-propostas-de-valorizacao-e-formacao-docente\/\">Read More<\/a><\/p>\n","protected":false},"author":6,"featured_media":0,"comment_status":"open","ping_status":"open","sticky":false,"template":"","format":"standard","meta":{"footnotes":""},"categories":[1],"tags":[],"class_list":["post-868","post","type-post","status-publish","format-standard","hentry","category-educacao-basica"],"_links":{"self":[{"href":"https:\/\/uniplenaeducacional.com.br\/blog\/wp-json\/wp\/v2\/posts\/868"}],"collection":[{"href":"https:\/\/uniplenaeducacional.com.br\/blog\/wp-json\/wp\/v2\/posts"}],"about":[{"href":"https:\/\/uniplenaeducacional.com.br\/blog\/wp-json\/wp\/v2\/types\/post"}],"author":[{"embeddable":true,"href":"https:\/\/uniplenaeducacional.com.br\/blog\/wp-json\/wp\/v2\/users\/6"}],"replies":[{"embeddable":true,"href":"https:\/\/uniplenaeducacional.com.br\/blog\/wp-json\/wp\/v2\/comments?post=868"}],"version-history":[{"count":1,"href":"https:\/\/uniplenaeducacional.com.br\/blog\/wp-json\/wp\/v2\/posts\/868\/revisions"}],"predecessor-version":[{"id":869,"href":"https:\/\/uniplenaeducacional.com.br\/blog\/wp-json\/wp\/v2\/posts\/868\/revisions\/869"}],"wp:attachment":[{"href":"https:\/\/uniplenaeducacional.com.br\/blog\/wp-json\/wp\/v2\/media?parent=868"}],"wp:term":[{"taxonomy":"category","embeddable":true,"href":"https:\/\/uniplenaeducacional.com.br\/blog\/wp-json\/wp\/v2\/categories?post=868"},{"taxonomy":"post_tag","embeddable":true,"href":"https:\/\/uniplenaeducacional.com.br\/blog\/wp-json\/wp\/v2\/tags?post=868"}],"curies":[{"name":"wp","href":"https:\/\/api.w.org\/{rel}","templated":true}]}}