{"id":859,"date":"2023-11-22T09:00:00","date_gmt":"2023-11-22T09:00:00","guid":{"rendered":"https:\/\/uniplenaeducacional.com.br\/blog\/?p=859"},"modified":"2023-11-03T02:04:57","modified_gmt":"2023-11-03T02:04:57","slug":"quais-as-melhores-especializacoes-na-docencia","status":"publish","type":"post","link":"https:\/\/uniplenaeducacional.com.br\/blog\/quais-as-melhores-especializacoes-na-docencia\/","title":{"rendered":"Quais as melhores especializa\u00e7\u00f5es na doc\u00eancia?"},"content":{"rendered":"\n<p>Neste texto vamos conhecer quais as melhores especializa\u00e7\u00f5es para os professores na atualidade. Neste sentido, \u00e9 preciso saber quais temas est\u00e3o em voga e que cobram dos professores uma especializa\u00e7\u00e3o.<\/p>\n\n\n\n<p>Dentre os temas que est\u00e3o demandando do docente um estudo mais aprofundado est\u00e3o: a inclus\u00e3o, o meio ambiente, a evas\u00e3o escolar, a tecnologia em sala de aula, as metodologia ativas entre outros.<\/p>\n\n\n\n<p>Em todos estes temas existe um trilhar no conhecimento que se instrumentaliza na p\u00f3s-gradua\u00e7\u00e3o. Ou seja, \u00e9 no n\u00edvel de lato sensu e stricto sensu que os professores v\u00e3o se aperfei\u00e7oar em suas pesquisas sobre os problemas escolares da atualidade.<\/p>\n\n\n\n<p>A vantagem de se tornar um especialista em temas transversais \u00e9 a continuidade da carreira acad\u00eamica. Al\u00e9m disso, existe a praticidade de estar perto dos objetos de pesquisa no cotidiano escolar.<\/p>\n\n\n\n<p>Ou seja, muitas vezes os professores focalizam os problemas de indisciplina e de salas que abarcam uma grande heterogeneidade como elementos negativos e contraproducentes.<\/p>\n\n\n\n<p>No entanto, quando o docente tamb\u00e9m \u00e9 um pesquisador, fatos que poderiam ser negativos transformam-se em material de pesquisa.<\/p>\n\n\n\n<p>Neste texto vamos conhecer alguns caminhos que os professores podem trilhar em sua forma\u00e7\u00e3o continuada e acad\u00eamica.<\/p>\n\n\n\n<h2 class=\"wp-block-heading\">Especializa\u00e7\u00e3o em educa\u00e7\u00e3o inclusiva<\/h2>\n\n\n\n<p>Desde a d\u00e9cada de 1990 o tema inclus\u00e3o passou a fazer parte do cotidiano escolar e suas legisla\u00e7\u00f5es. Foi nesta d\u00e9cada que se come\u00e7ou a discutir a inclus\u00e3o de crian\u00e7as e jovens com diferen\u00e7as cognitivas, emocionais e f\u00edsicas na escola.<\/p>\n\n\n\n<p>O debate sobre a inclus\u00e3o ocorreu em \u00e2mbito mundial como em congressos como o de Salamanca e a Confer\u00eancia Mundial de Educa\u00e7\u00e3o Para Todos em Jomtien na Tail\u00e2ndia<\/p>\n\n\n\n<p>A inclus\u00e3o tamb\u00e9m est\u00e1 embasada sobre alguns dispositivos legais, entre eles:<\/p>\n\n\n\n<ul class=\"wp-block-list\"><li>Estatuto da Crian\u00e7a e adolescente (ECA):&nbsp;<\/li><li>Plano Nacional de Educa\u00e7\u00e3o de 2001<\/li><li>Decreto lei n.3298<\/li><\/ul>\n\n\n\n<p>Por causa desse grande foco dado na educa\u00e7\u00e3o inclusiva \u00e9 muito importante a <a href=\"https:\/\/multivix.edu.br\/pos-graduacao\/educacao-especial-e-inclusiva\/\">especializa\u00e7\u00e3o em educa\u00e7\u00e3o especial e inclusiva<\/a>.&nbsp;<\/p>\n\n\n\n<p>Vale lembrar, que a faculdade Multivix oferece uma p\u00f3s-gradua\u00e7\u00e3o voltada para a inclus\u00e3o que tem como principal objetivo a capacita\u00e7\u00e3o profissional em a\u00e7\u00f5es e projetos educacionais inclusivos.<\/p>\n\n\n\n<p>Portanto, esta capacita\u00e7\u00e3o \u00e9 voltada para a forma\u00e7\u00e3o do profissional em aptid\u00f5es como elabora\u00e7\u00e3o de projetos inclusivos em espa\u00e7os educacionais e escolas regulares.<\/p>\n\n\n\n<h2 class=\"wp-block-heading\">Especializa\u00e7\u00e3o em educa\u00e7\u00e3o ambiental<\/h2>\n\n\n\n<p>A educa\u00e7\u00e3o ambiental \u00e9 um tema que tem crescido muito atualmente, principalmente por causa de resolu\u00e7\u00f5es da ONU sobre quest\u00f5es ambientais e sobre o aquecimento global.&nbsp;<\/p>\n\n\n\n<p>Al\u00e9m disso, existe tamb\u00e9m a aproxima\u00e7\u00e3o da Cop28 em 2023 que ser\u00e1 realizada em Dubai e Cop30 em 2025 que ser\u00e1 no Brasil no estado do Par\u00e1. Estas reuni\u00f5es s\u00e3o basicamente as confer\u00eancias sobre os efeitos clim\u00e1ticos que est\u00e3o afetando o planeta.<\/p>\n\n\n\n<p>\u00c9 importante lembrar que esses efeitos clim\u00e1ticos s\u00e3o o resultado de grandes emiss\u00f5es de CO2 no meio ambiente e tamb\u00e9m do intenso desmatamento, al\u00e9m de outros fatores.<\/p>\n\n\n\n<p>Estes fatos ocorridos em \u00e2mbitos mundiais n\u00e3o podem ficar separados das a\u00e7\u00f5es educativas, pois s\u00e3o nessas a\u00e7\u00f5es de conscientiza\u00e7\u00e3o que come\u00e7a o engajamento de jovens e crian\u00e7as para serem multiplicadores de uma consci\u00eancia ambiental futura.<\/p>\n\n\n\n<p>Atualmente existem muitos cursos de p\u00f3s-gradua\u00e7\u00e3o direcionados para sustentabilidade e educa\u00e7\u00e3o que oferecem ferramentas de trabalho em sala de aula sobre conscientiza\u00e7\u00e3o ambiental.<\/p>\n\n\n\n<p>\u00c9 importante salientar que quando o docente j\u00e1 possui um caminho determinado sobre sua pesquisa ele pode come\u00e7ar a fazer cursos complementares na sua licenciatura ou bacharelado.<\/p>\n\n\n\n<p>Posteriormente esta pesquisa se aprofundar\u00e1 na p\u00f3s-gradua\u00e7\u00e3o, mestrado e doutorado alcan\u00e7ando assim uma s\u00f3lida especializa\u00e7\u00e3o e forma\u00e7\u00e3o, que permitir\u00e1 ao docente atuar no ensino superior.<\/p>\n\n\n\n<p>Neste sentido, uma forte especializa\u00e7\u00e3o \u00e9 condi\u00e7\u00e3o sine qua non para al\u00e7ar a doc\u00eancia superior<\/p>\n\n\n\n<h2 class=\"wp-block-heading\">Metodologias ativas<\/h2>\n\n\n\n<p>As metodologias ativas apareceram pela primeira vez na pedagogia da Escola Nova, proposta escolar que surgiu no in\u00edcio do s\u00e9culo XX e privilegiava&nbsp; o desenvolvimento da autonomia dos alunos.<\/p>\n\n\n\n<p>Neste sentido, os m\u00e9todos ativos come\u00e7aram a modificar o ensino tradicional com uma proposta focada no desenvolvimento da autonomia discente. Vale lembrar que antes da Escola Nova, o ensino era centrado na figura do professor\/a.<\/p>\n\n\n\n<p>Portanto, as aulas eram totalmente expositivas sem nenhuma participa\u00e7\u00e3o interativa dos alunos causando um total desconhecimento do processo de ensino\/aprendizagem e o funcionamento cognitivo dos alunos.<\/p>\n\n\n\n<p>A partir de meados do s\u00e9culo XX esta situa\u00e7\u00e3o se modificou radicalmente depois de descobertas cient\u00edficas sobre os processos cognitivos e motores das crian\u00e7as, principalmente as de Jean Piaget e Vygotsky.<\/p>\n\n\n\n<p>Atualmente os m\u00e9todos ativos se tornaram muito importantes somados \u00e0 Teoria Digital da Informa\u00e7\u00e3o e Comunica\u00e7\u00e3o (TDIC).&nbsp;<\/p>\n\n\n\n<p>O desenvolvimento da autonomia dos alunos, pe\u00e7a central da metodologia ativa, somado a ferramentas tecnol\u00f3gicas trouxe para o ensino muitas possibilidades que cobram dos professores uma forma\u00e7\u00e3o especializada.<\/p>\n\n\n\n<p>Portanto, para que os professores tenham um aproveitamento em suas aulas sobre metodologias ativas e utiliza\u00e7\u00e3o de ferramentas tecnol\u00f3gicas \u00e9 crucial uma forma\u00e7\u00e3o especializada.<\/p>\n\n\n\n<p>Vale salientar,que na Faculdade Uniplena a p\u00f3s-gradua\u00e7\u00e3o em metodologias ativas \u00e9 direcionado em <a href=\"https:\/\/www.uniplena.com.br\/Site\/pos-graduacao-6-meses\/\">compet\u00eancias e habilidades digitais.<\/a><\/p>\n\n\n\n<p>\u00c9 importante lembrar, que estas habilidades e compet\u00eancias s\u00e3o desenvolvidas de forma assertiva e intensiva, visando a forma\u00e7\u00e3o em estrat\u00e9gias pedag\u00f3gicas juntamente com meios tecnol\u00f3gicos.<\/p>\n\n\n\n<p>Portanto, a p\u00f3s-gradua\u00e7\u00e3o em metodologias ativas direciona o estudante para compreens\u00e3o em gamifica\u00e7\u00e3o, aulas disruptivas, sala invertida, aulas h\u00edbridas, software, plataformas educacionais e outras ferramentas tecnol\u00f3gicas.<\/p>\n\n\n\n<h2 class=\"wp-block-heading\">Educa\u00e7\u00e3o infantil<\/h2>\n\n\n\n<p>Para os professores que buscam especializa\u00e7\u00e3o em assuntos mais relacionados a psicopedagogia e aspiram n\u00e3o s\u00f3 a doc\u00eancia mas tamb\u00e9m a gest\u00e3o escolar, a p\u00f3s em educa\u00e7\u00e3o infantil \u00e9 uma boa op\u00e7\u00e3o.<\/p>\n\n\n\n<p>Neste curso os professores ter\u00e3o uma forma\u00e7\u00e3o direcionada para a psicologia do desenvolvimento, entendendo que a educa\u00e7\u00e3o possui aspectos l\u00fadicos e de forma\u00e7\u00e3o.<\/p>\n\n\n\n<p>Neste sentido, atualmente a educa\u00e7\u00e3o infantil se processa focada no desenvolvimento da crian\u00e7a de 0 a 6 anos e n\u00e3o v\u00ea nesta fase da educa\u00e7\u00e3o um tempo somente para brincadeiras.<\/p>\n\n\n\n<p>Portanto, a p\u00f3s-gradua\u00e7\u00e3o e especializa\u00e7\u00e3o em educa\u00e7\u00e3o infantil desenvolve a consci\u00eancia nos alunos pedagogos e licenciados, que o espa\u00e7o educacional precisa estar constru\u00eddo e estruturado, objetivando o <a href=\"https:\/\/www.uniplena.com.br\/Site\/pos-graduacao-6-meses\/\">desenvolvimento cont\u00ednuo da crian\u00e7a<\/a>.<\/p>\n\n\n\n<h2 class=\"wp-block-heading\">Educa\u00e7\u00e3o empresarial<\/h2>\n\n\n\n<p>Para professores e pedagogos que querem atuar fora do \u00e2mbito regular da educa\u00e7\u00e3o, a p\u00f3s-gradua\u00e7\u00e3o em educa\u00e7\u00e3o empresarial \u00e9 um passo importante para compreender o papel do pedagogo em empresas.<\/p>\n\n\n\n<p>O pedagogo que trabalha em empresas e organiza\u00e7\u00f5es trabalha orientando atividades no RH voltadas para treinamentos, din\u00e2micas e adequa\u00e7\u00e3o dos colaboradores com a cultura da institui\u00e7\u00e3o.<\/p>\n\n\n\n<p>O curso de <a href=\"https:\/\/www.uniplena.com.br\/Site\/pos-graduacao-6-meses\/\">pedagogia empresarial,<\/a> forma os alunos para gest\u00e3o de pessoas e media\u00e7\u00e3o na resolu\u00e7\u00e3o de conflitos.<\/p>\n\n\n\n<p>Atualmente este curso est\u00e1 sendo bastante procurado, pois as demandas da \u00e1rea empresarial s\u00e3o bastante altas.&nbsp;<\/p>\n\n\n\n<p>Ou seja, muitas empresas hoje em dia buscam pedagogos para melhorar o engajamento dos colaboradores aumentando a produtividade e fornecendo ambientes saud\u00e1veis de trabalho.<\/p>\n\n\n\n<h2 class=\"wp-block-heading\">Gest\u00e3o escolar e coordena\u00e7\u00e3o pedag\u00f3gica<\/h2>\n\n\n\n<p>Para professores que querem ter uma carreira mais diversificada e al\u00e7ar cargos de lideran\u00e7a dentro do \u00e2mbito educacional, a melhor op\u00e7\u00e3o \u00e9 fazer um curso de p\u00f3s-gradua\u00e7\u00e3o em gest\u00e3o escolar e coordena\u00e7\u00e3o pedag\u00f3gica.<\/p>\n\n\n\n<p>Este curso, oferecido pela faculdade Multivix, fornece uma forma\u00e7\u00e3o para os professores que possuem objetivos que v\u00e3o em encontro com a coordena\u00e7\u00e3o pedag\u00f3gica mais voltada a curriculum e estrat\u00e9gias de aprendizagens.&nbsp;<\/p>\n\n\n\n<p>Al\u00e9m disso, fornece tamb\u00e9m um conhecimento para quem quer saber administrar uma institui\u00e7\u00e3o escolar, trabalho mais ligado com a diretoria escolar.<\/p>\n\n\n\n<p>Entre as principais disciplinas deste curso est\u00e3o:<\/p>\n\n\n\n<ul class=\"wp-block-list\"><li>Gest\u00e3o financeira e recursos na educa\u00e7\u00e3o<\/li><li>Gest\u00e3o de pol\u00edticas p\u00fablicas<\/li><li>Gest\u00e3o de conflitos<\/li><li>Gest\u00e3o de resultados<\/li><li>Gest\u00e3o de processos educacionais<\/li><li>entre outras<\/li><\/ul>\n\n\n\n<p>\u00c9 importante salientar que este curso trabalha em perspectiva te\u00f3rico\/pr\u00e1tica, nesse sentido os alunos podem utilizar problemas de seu cotidiano escolar em suas pesquisas.<\/p>\n\n\n\n<h2 class=\"wp-block-heading\">Conclus\u00e3o<\/h2>\n\n\n\n<p>Neste texto vimos a import\u00e2ncia da especializa\u00e7\u00e3o na carreira dos professores, esta import\u00e2ncia n\u00e3o gera impacto somente na forma\u00e7\u00e3o acad\u00eamica, mas proporciona ao profissional uma forma\u00e7\u00e3o que beneficie a qualidade na educa\u00e7\u00e3o.<\/p>\n\n\n\n<p>Al\u00e9m disso, faz com que o educador trilhe um caminho de pesquisador abrindo o leque de possibilidades profissionais na educa\u00e7\u00e3o b\u00e1sica e superior.&nbsp;<\/p>\n\n\n\n<p>Os problemas atuais na educa\u00e7\u00e3o cobram cada vez mais profissionais qualificados e especializados, pois com a tecnologia mais presentes nos processos pedag\u00f3gicos a sala de aula se tornou mais complexa no que tange a informa\u00e7\u00e3o trazida pelos alunos.<\/p>\n","protected":false},"excerpt":{"rendered":"<p>Neste texto vamos conhecer quais as melhores especializa\u00e7\u00f5es para os professores na atualidade. Neste sentido, \u00e9 preciso saber quais temas est\u00e3o em voga e que cobram dos professores uma especializa\u00e7\u00e3o. Dentre os temas que est\u00e3o&hellip;<\/p>\n<p><a class=\"readmore\" href=\"https:\/\/uniplenaeducacional.com.br\/blog\/quais-as-melhores-especializacoes-na-docencia\/\">Read More<\/a><\/p>\n","protected":false},"author":6,"featured_media":0,"comment_status":"open","ping_status":"open","sticky":false,"template":"","format":"standard","meta":{"footnotes":""},"categories":[1],"tags":[],"class_list":["post-859","post","type-post","status-publish","format-standard","hentry","category-educacao-basica"],"_links":{"self":[{"href":"https:\/\/uniplenaeducacional.com.br\/blog\/wp-json\/wp\/v2\/posts\/859"}],"collection":[{"href":"https:\/\/uniplenaeducacional.com.br\/blog\/wp-json\/wp\/v2\/posts"}],"about":[{"href":"https:\/\/uniplenaeducacional.com.br\/blog\/wp-json\/wp\/v2\/types\/post"}],"author":[{"embeddable":true,"href":"https:\/\/uniplenaeducacional.com.br\/blog\/wp-json\/wp\/v2\/users\/6"}],"replies":[{"embeddable":true,"href":"https:\/\/uniplenaeducacional.com.br\/blog\/wp-json\/wp\/v2\/comments?post=859"}],"version-history":[{"count":1,"href":"https:\/\/uniplenaeducacional.com.br\/blog\/wp-json\/wp\/v2\/posts\/859\/revisions"}],"predecessor-version":[{"id":860,"href":"https:\/\/uniplenaeducacional.com.br\/blog\/wp-json\/wp\/v2\/posts\/859\/revisions\/860"}],"wp:attachment":[{"href":"https:\/\/uniplenaeducacional.com.br\/blog\/wp-json\/wp\/v2\/media?parent=859"}],"wp:term":[{"taxonomy":"category","embeddable":true,"href":"https:\/\/uniplenaeducacional.com.br\/blog\/wp-json\/wp\/v2\/categories?post=859"},{"taxonomy":"post_tag","embeddable":true,"href":"https:\/\/uniplenaeducacional.com.br\/blog\/wp-json\/wp\/v2\/tags?post=859"}],"curies":[{"name":"wp","href":"https:\/\/api.w.org\/{rel}","templated":true}]}}