{"id":83,"date":"2020-03-20T00:01:00","date_gmt":"2020-03-20T00:01:00","guid":{"rendered":"https:\/\/uniplenaeducacional.com.br\/blog\/?p=83"},"modified":"2020-04-17T21:48:14","modified_gmt":"2020-04-17T21:48:14","slug":"cansado-de-fazer-lidar-com-os-alunos-do-jeito-tradicional-leia-isso","status":"publish","type":"post","link":"https:\/\/uniplenaeducacional.com.br\/blog\/cansado-de-fazer-lidar-com-os-alunos-do-jeito-tradicional-leia-isso\/","title":{"rendered":"Cansado de lidar com os alunos do jeito tradicional? Leia isso"},"content":{"rendered":"\n<p>A educa\u00e7\u00e3o tradicional deixou muitas marcas em n\u00f3s educadores. Tudo isso porque tamb\u00e9m estivemos inseridos em uma sala de aula tradicional, seja desde a Educa\u00e7\u00e3o B\u00e1sica at\u00e9 Ensino Superior.<br><\/p>\n\n\n\n<p>Hoje sabemos que mesmo envolvidos com a Nova Educa\u00e7\u00e3o, a educa\u00e7\u00e3o tradicional est\u00e1<\/p>\n\n\n\n<p>sempre muito presente no nosso meio, seja em algumas pr\u00e1ticas de ensino, seja ainda nas<\/p>\n\n\n\n<p>fileiras convencionais das nossas salas de aula e em alguns casos, no cuidado do educador em distinguir que a autoridade n\u00e3o pode ser confundida com autoritarismo.<br><\/p>\n\n\n\n<p>Contudo, nos esbarramos em alguns momentos, cansados com o jeito tradicional que ainda<\/p>\n\n\n\n<p>lidamos com nossos alunos. Esquecemos que nossos educandos fazem parte da nova gera\u00e7\u00e3o dos nativos digitais e possuem um racioc\u00ednio r\u00e1pido e pr\u00e1tico de lidarem com as emo\u00e7\u00f5es e inclusive no processo aprendizagem.<br><\/p>\n\n\n\n<p>Temos em nossas escolas mentes brilhantes, por\u00e9m, pouco explorados. Veja abaixo algumas dicas pr\u00e1ticas que podem dar um up na sua forma de educar:<br><\/p>\n\n\n\n<p><strong>Uso de Tecnologia:<\/strong><br><\/p>\n\n\n\n<p>Precisamos atingir o interesse dos nossos alunos com a inova\u00e7\u00e3o tecnol\u00f3gica de forma a n\u00e3o o massacrar com informa\u00e7\u00f5es que eles j\u00e1 dominam, afinal, nossos educandos j\u00e1 possuem involuntariamente, um n\u00famero de horas excessiva de intera\u00e7\u00e3o com as tecnologias.&nbsp;<br><\/p>\n\n\n\n<p>Utilizar a ferramenta tecnol\u00f3gica para enriquecer os conte\u00fados program\u00e1ticos de uma disciplina \u00e9 muito enriquecedor e prazeroso.<br><\/p>\n\n\n\n<p><strong>Atividades Sensoriais:<\/strong><br><\/p>\n\n\n\n<p>Al\u00e9m das ferramentas tecnol\u00f3gicas que podem ser usadas a nosso favor, seja em laborat\u00f3rios espec\u00edficos para tais finalidades, ou nos espa\u00e7os makers que v\u00eam crescendo nas escolas, podemos trabalhar atividades de cunho sensorial, quando o aluno realmente ter\u00e1 contato com os instrumentos que trar\u00e3o significado real \u00e0 constru\u00e7\u00e3o do saber.&nbsp;<br><\/p>\n\n\n\n<p>Tais atividades, enriquecem, aprimoram e essencialmente ficam para sempre, na mem\u00f3ria dos alunos. Sair da rotina e buscar novos desafios \u00e9 o caminho essencial para descobertas de novas aprendizagens e crescimento dos nossos alunos!<br><\/p>\n\n\n\n<p><strong>Do Planejamento das Aulas<\/strong><\/p>\n\n\n\n<p>Um dos princ\u00edpios b\u00e1sicos e essenciais norteadores para uma aula efetiva e com maior engajamento \u00e9 o plano de aula.<\/p>\n\n\n\n<p>O professor ao preparar o conte\u00fado\/tema da aula precisa organizar algumas perguntas essenciais:<\/p>\n\n\n\n<ul class=\"wp-block-list\"><li>PARA QUE ensinar? <\/li><li>POR QUE ensinar? <\/li><li>O QUE ensinar?<\/li><li>COMO ensinar? <\/li><li> AVALIAR o aprendizado <\/li><\/ul>\n\n\n\n<p>A defini\u00e7\u00e3o dos objetivos \u00e9 a parte mais importante e tem papel transformador durante a din\u00e2mica do processo ensino-aprendizagem. O professor \u00e9 o agente de mudan\u00e7as e com t\u00e9cnicas de ensino assertivas e recursos pode facilitar que o objetivo do seu planejamento, seja efetivamente alcan\u00e7ado.<\/p>\n\n\n\n<p>Quando o professor possui este planejamento, consegue melhor aplicar suas habilidades em sala de aula e transformar uma aula convencional, em algo mais din\u00e2mico e atraente aos alunos.&nbsp;<br><\/p>\n\n\n\n<p><strong>Resolu\u00e7\u00e3o de Problemas e Estudo de Casos<\/strong><br><\/p>\n\n\n\n<p>O professor poder\u00e1, dentro de um determinado conte\u00fado, analisar de forma minuciosa e objetiva uma situa\u00e7\u00e3o real que necessita ser investigada e desafiar os alunos a se envolverem no tema escolhido. Esta atividade pode ser no ambiente da sala de aula ou em outro que seja parte do cotidiano do aluno.<\/p>\n\n\n\n<p>Haver\u00e1, disponibilizado pelo professor, um roteiro de trabalho que dever\u00e1 descrever os aspectos e categorias que comp\u00f5em o todo da situa\u00e7\u00e3o e as categorias mais importantes que devem ser analisadas.<\/p>\n\n\n\n<p>Com isso o professor trabalhar\u00e1 as habilidades de an\u00e1lise, interpreta\u00e7\u00e3o, pensamento cr\u00edtico, levantamento de hip\u00f3teses, explica\u00e7\u00e3o e resumo escrito.<\/p>\n\n\n\n<p>Como funciona?<strong> <\/strong>O docente exp\u00f5e o caso a ser estudado, pode ser um caso para cada grupo.<\/p>\n\n\n\n<p>Os alunos (grupos) analisam o caso expondo seus pontos de vista e os aspectos do problema que v\u00e3o ser enfocados.<\/p>\n\n\n\n<p>O professor ter\u00e1 um papel de mediador e tamb\u00e9m cuidar\u00e1 de selecionar o material de estudo, apresentar um roteiro de trabalho, orientar os grupos.<\/p>\n\n\n\n<p>Ap\u00f3s conclus\u00e3o do trabalho e avalia\u00e7\u00e3o final do professor, os alunos ganham autonomia e maior argumenta\u00e7\u00e3o assim como conhecimento amplo do assunto anteriormente, n\u00e3o dominado por ele. Cria-se melhor v\u00ednculo entre o grupo,interesse pela disciplina e agrega no relacionamento com o professor.<br><\/p>\n\n\n\n<hr class=\"wp-block-separator\"\/>\n\n\n<p><!--StartFragment--><\/p>\n\n\n<div class=\"wp-block-media-text alignwide\" style=\"grid-template-columns:17% auto\"><figure class=\"wp-block-media-text__media\"><img loading=\"lazy\" decoding=\"async\" width=\"722\" height=\"1024\" src=\"https:\/\/uniplenaeducacional.com.br\/blog\/wp-content\/uploads\/2020\/03\/unnamed-722x1024.png\" alt=\"\" class=\"wp-image-75\" srcset=\"https:\/\/uniplenaeducacional.com.br\/blog\/wp-content\/uploads\/2020\/03\/unnamed-722x1024.png 722w, https:\/\/uniplenaeducacional.com.br\/blog\/wp-content\/uploads\/2020\/03\/unnamed-212x300.png 212w, https:\/\/uniplenaeducacional.com.br\/blog\/wp-content\/uploads\/2020\/03\/unnamed-768x1089.png 768w, https:\/\/uniplenaeducacional.com.br\/blog\/wp-content\/uploads\/2020\/03\/unnamed.png 903w\" sizes=\"(max-width: 722px) 100vw, 722px\" \/><\/figure><div class=\"wp-block-media-text__content\">\n<p><strong>Fabiana Tonholo<\/strong> &#8211; Pedagoga e Fonoaudi\u00f3loga.&nbsp;Especialista em Doc\u00eancia do Ensino Superior. Especialista em Educa\u00e7\u00e3o Montessori. Psicopedagoga escolar, Mestre em Educa\u00e7\u00e3o e Mestranda em Pol\u00edticas Sociais pela FUNIBER.&nbsp;Possui ampla experi\u00eancia em Gest\u00e3o Educacional e coordena\u00e7\u00e3o escolar. Professora da Uniplena Educacional <\/p>\n<\/div><\/div>\n\n\n<p><!--EndFragment--><\/p>","protected":false},"excerpt":{"rendered":"<p>A educa\u00e7\u00e3o tradicional deixou muitas marcas em n\u00f3s educadores. Tudo isso porque tamb\u00e9m estivemos inseridos em uma sala de aula tradicional, seja desde a Educa\u00e7\u00e3o B\u00e1sica at\u00e9 Ensino Superior. Hoje sabemos que mesmo envolvidos com&hellip;<\/p>\n<p><a class=\"readmore\" href=\"https:\/\/uniplenaeducacional.com.br\/blog\/cansado-de-fazer-lidar-com-os-alunos-do-jeito-tradicional-leia-isso\/\">Read More<\/a><\/p>\n","protected":false},"author":3,"featured_media":0,"comment_status":"open","ping_status":"open","sticky":false,"template":"","format":"standard","meta":{"footnotes":""},"categories":[1],"tags":[],"class_list":["post-83","post","type-post","status-publish","format-standard","hentry","category-educacao-basica"],"_links":{"self":[{"href":"https:\/\/uniplenaeducacional.com.br\/blog\/wp-json\/wp\/v2\/posts\/83"}],"collection":[{"href":"https:\/\/uniplenaeducacional.com.br\/blog\/wp-json\/wp\/v2\/posts"}],"about":[{"href":"https:\/\/uniplenaeducacional.com.br\/blog\/wp-json\/wp\/v2\/types\/post"}],"author":[{"embeddable":true,"href":"https:\/\/uniplenaeducacional.com.br\/blog\/wp-json\/wp\/v2\/users\/3"}],"replies":[{"embeddable":true,"href":"https:\/\/uniplenaeducacional.com.br\/blog\/wp-json\/wp\/v2\/comments?post=83"}],"version-history":[{"count":4,"href":"https:\/\/uniplenaeducacional.com.br\/blog\/wp-json\/wp\/v2\/posts\/83\/revisions"}],"predecessor-version":[{"id":117,"href":"https:\/\/uniplenaeducacional.com.br\/blog\/wp-json\/wp\/v2\/posts\/83\/revisions\/117"}],"wp:attachment":[{"href":"https:\/\/uniplenaeducacional.com.br\/blog\/wp-json\/wp\/v2\/media?parent=83"}],"wp:term":[{"taxonomy":"category","embeddable":true,"href":"https:\/\/uniplenaeducacional.com.br\/blog\/wp-json\/wp\/v2\/categories?post=83"},{"taxonomy":"post_tag","embeddable":true,"href":"https:\/\/uniplenaeducacional.com.br\/blog\/wp-json\/wp\/v2\/tags?post=83"}],"curies":[{"name":"wp","href":"https:\/\/api.w.org\/{rel}","templated":true}]}}