{"id":829,"date":"2023-10-04T09:00:00","date_gmt":"2023-10-04T09:00:00","guid":{"rendered":"https:\/\/uniplenaeducacional.com.br\/blog\/?p=829"},"modified":"2023-10-03T06:12:02","modified_gmt":"2023-10-03T06:12:02","slug":"conheca-10-areas-de-atuacao-do-pedagogo","status":"publish","type":"post","link":"https:\/\/uniplenaeducacional.com.br\/blog\/conheca-10-areas-de-atuacao-do-pedagogo\/","title":{"rendered":"Conhe\u00e7a 10 \u00e1reas de atua\u00e7\u00e3o do pedagogo"},"content":{"rendered":"\n<p>Neste texto conheceremos um pouco do campo de trabalho do pedagogo. Atualmente, o \u00e2mbito do profissional formado em pedagogia se ampliou consideravelmente. Muitas perspectivas foram abertas al\u00e9m do trabalho na escola regular.<\/p>\n\n\n\n<p>Neste sentido, hoje o pedagogo pode atuar em v\u00e1rios segmentos da sociedade. Este cen\u00e1rio se consolidou por v\u00e1rios motivos, desde demandas profissionais no mundo do trabalho, envolvendo adapta\u00e7\u00f5es e treinamentos at\u00e9 segmentos da sociedade que envolvem readapta\u00e7\u00f5es como ensino em hospitais, pres\u00eddios e ONGs.<\/p>\n\n\n\n<p>Portanto, hoje o licenciado em pedagogia \u00e9 demandado em v\u00e1rios segmentos por conta da sua forma\u00e7\u00e3o que envolve um olhar psicol\u00f3gico para rela\u00e7\u00f5es intersubjetivas, aperfei\u00e7oamento nas filosofias de ensino e um olhar de an\u00e1lise cultural e sociol\u00f3gica.<\/p>\n\n\n\n<p>A abordagem deste texto trar\u00e1 uma reflex\u00e3o sobre o papel do pedagogo na sociedade atual e apontar\u00e1 10 \u00e1reas de atua\u00e7\u00e3o desse profissional.<\/p>\n\n\n\n<h2 class=\"wp-block-heading\">1- Ensino formal<\/h2>\n\n\n\n<p>No ensino formal em sala de aula o estudante que completa a sua licenciatura pode atuar na educa\u00e7\u00e3o infantil e tamb\u00e9m no fundamental inicial que vai do primeiro ao quinto ano.<\/p>\n\n\n\n<p>Al\u00e9m disso, ele pode almejar cargos de gest\u00e3o como dire\u00e7\u00e3o escolar e coordena\u00e7\u00e3o pedag\u00f3gica. O ensino formal tamb\u00e9m abre portas para a pesquisa e forma\u00e7\u00e3o continuada.<\/p>\n\n\n\n<p>Neste sentido, o pedagogo pode atuar em seu campo de trabalho ao mesmo tempo que evolui em sua carreira acad\u00eamica em cursos de p\u00f3s-gradua\u00e7\u00f5es, mestrado e doutorado.<\/p>\n\n\n\n<p>\u00c9 importante salientar que com respeito a educa\u00e7\u00e3o infantil ele pode trabalhar com crian\u00e7as de 0 a 6 anos com objetivo focado no desenvolvimento integral das crian\u00e7as.<\/p>\n\n\n\n<p>Assim, o pedagogo contribui para o desenvolvimento cognitivo, f\u00edsico\/psicomotor e s\u00f3cio emocional das crian\u00e7as em uma etapa com dois segmentos: creche (crian\u00e7as de 0 a 3 anos) e pr\u00e9-escola ( crian\u00e7as de 4 a 5 anos e 11 meses).<\/p>\n\n\n\n<p>Por outro lado, o trabalho com as s\u00e9ries iniciais do ensino fundamental demanda do pedagogo um trabalho com os processos de alfabetiza\u00e7\u00e3o e tamb\u00e9m com as formas de express\u00e3o e compreens\u00e3o da cultura.<\/p>\n\n\n\n<p>Al\u00e9m dessas atua\u00e7\u00f5es, o pedagogo pode tamb\u00e9m atuar na Educa\u00e7\u00e3o de Jovens e Adultos (EJA) com uma metodologia bastante diferenciada, ou seja, ele vai trabalhar com um segmento social que n\u00e3o possui uma ideia de continuidade de processos de ensino.&nbsp;<\/p>\n\n\n\n<h2 class=\"wp-block-heading\">2- Educa\u00e7\u00e3o n\u00e3o formal<\/h2>\n\n\n\n<p>A educa\u00e7\u00e3o n\u00e3o formal abrange os espa\u00e7os educativos que v\u00e3o al\u00e9m da escola, nesses espa\u00e7os o pedagogo pode atuar como agente da a\u00e7\u00e3o educativa e em diferentes processos formativos.<\/p>\n\n\n\n<p>Neste sentido o pedagogo pode atuar na pedagogia hospitalar, pedagogia empresarial e pedagogia social. \u00c9 importante salientar que o termo n\u00e3o formal apareceu no final da d\u00e9cada de sessenta.<\/p>\n\n\n\n<p>A educa\u00e7\u00e3o n\u00e3o formal surgiu como uma atitude cr\u00edtica ao ensino formal e tamb\u00e9m como necessidade, pois muitas crian\u00e7as do mundo atual n\u00e3o possuem espa\u00e7os seguros para desenvolver a sua socializa\u00e7\u00e3o no mundo moderno e suas transforma\u00e7\u00f5es.<\/p>\n\n\n\n<p>Al\u00e9m disso, existe a preocupa\u00e7\u00e3o de deixar os filhos quando os pais est\u00e3o atuando em seus campos profissionais.&nbsp;<\/p>\n\n\n\n<p>Existe tamb\u00e9m na educa\u00e7\u00e3o n\u00e3o formal uma forte atua\u00e7\u00e3o no campo social, especialmente por ONGs e institui\u00e7\u00f5es filantr\u00f3picas no sentido de trabalhar com vulnerabilidades sociais e psicol\u00f3gicas.<\/p>\n\n\n\n<p>Neste sentido, o pedagogo que vai atuar na pedagogia n\u00e3o formal, precisa ter uma disponibilidade e sensibilidade voltada para os v\u00e1rios problemas inerentes \u00e0 sociedade como um todo.<\/p>\n\n\n\n<h2 class=\"wp-block-heading\">3- Pedagogia em hospitais<\/h2>\n\n\n\n<p>A atua\u00e7\u00e3o do pedagogo que atua na pedagogia hospitalar pode ser em hospitais, cl\u00ednicas e at\u00e9 em atendimentos domiciliares. Muitas crian\u00e7as, por causa de acidentes ou doen\u00e7as que envolvem tratamento constante, n\u00e3o podem assistir aulas nas escolas regulares.<\/p>\n\n\n\n<p>Esta situa\u00e7\u00e3o acontece por per\u00edodos ou at\u00e9 constantemente no caso de crian\u00e7as que precisam passar por muitos tratamentos. Em todos estes casos o pedagogo hospitalar atua de forma diferente que na escola, pois as estrat\u00e9gias de ensino s\u00e3o outras.<\/p>\n\n\n\n<p>Ou seja, os alunos\/pacientes podem possuir limita\u00e7\u00f5es que dificultam seus desenvolvimentos cognitivos, sensorial e at\u00e9 psicomotor.<\/p>\n\n\n\n<p>Al\u00e9m disso, nesse cen\u00e1rio o pedagogo precisa buscar ferramentas l\u00fadicas para que os alunos se engajem mais no processo.<\/p>\n\n\n\n<p>Vale lembrar que o pedagogo que busca esta profiss\u00e3o dentro da pedagogia precisa se aperfei\u00e7oar e se especializar em psicopedagogia, pois este \u00e2mbito de ensino demanda um profissional que forne\u00e7a uma assist\u00eancia emocional e human\u00edstica.<\/p>\n\n\n\n<h2 class=\"wp-block-heading\">4- Pedagogia carcer\u00e1ria<\/h2>\n\n\n\n<p>A pedagogia carcer\u00e1ria \u00e9 um ramo da pedagogia social e \u00e9 voltada para a reintegra\u00e7\u00e3o do indiv\u00edduo na sociedade. Neste sentido, \u00e9 uma pedagogia que transmite conhecimento e forma\u00e7\u00e3o.<\/p>\n\n\n\n<p>A lei de execu\u00e7\u00e3o penal n\u00ba 7.210\/84 assegura o direito \u00e0 educa\u00e7\u00e3o a todo presidi\u00e1rio e esta educa\u00e7\u00e3o carcer\u00e1ria pode ser realizada pelo poder p\u00fablico ou por institui\u00e7\u00f5es parceiras, que trabalham com demandas espec\u00edficas de cada pres\u00eddio.<\/p>\n\n\n\n<p>O direito \u00e0 educa\u00e7\u00e3o em espa\u00e7os carcer\u00e1rios tamb\u00e9m contempla a instala\u00e7\u00e3o de uma biblioteca equipada de livros recreativos e did\u00e1ticos.<\/p>\n\n\n\n<p>O pedagogo que visa trabalhar em espa\u00e7os carcer\u00e1rios precisa se aperfei\u00e7oar em uma forma\u00e7\u00e3o socioeducativa que tem como principal objetivo a forma\u00e7\u00e3o plena do ser humano, a constru\u00e7\u00e3o da cidadania e a capacita\u00e7\u00e3o para o mundo do trabalho.<\/p>\n\n\n\n<h2 class=\"wp-block-heading\">5- RH e pedagogia<\/h2>\n\n\n\n<p>O RH de uma empresa trabalha focado em dois processos, o processo de gest\u00e3o e de sele\u00e7\u00e3o. Neste sentido, atualmente as empresas est\u00e3o dando muita import\u00e2ncia para funcion\u00e1rios competentes na t\u00e9cnica e no relacionamento.<\/p>\n\n\n\n<p>Esta compet\u00eancia est\u00e1 conectada com habilidades t\u00e9cnicas e sociais. Neste sentido, as empresas buscam funcion\u00e1rios pr\u00f3 ativos, com facilidades de relacionamentos e com capacidade t\u00e9cnica em suas \u00e1reas.<\/p>\n\n\n\n<p>Assim, o pedagogo que atua no RH ir\u00e1 trabalhar junto a equipe para realizar a sele\u00e7\u00e3o dos melhores perfis para o trabalho na empresa.&nbsp;<\/p>\n\n\n\n<p>No entanto, o pedagogo vai tamb\u00e9m atuar no processo de gest\u00e3o do RH. Ou seja, acompanhando os colaboradores, oferecendo e planejando treinamentos, rodas de conversa e din\u00e2micas.<\/p>\n\n\n\n<p>O pedagogo que visa trabalhar com RH de empresas precisa buscar subs\u00eddios em \u00e1reas que o preparem para as seguintes fun\u00e7\u00f5es:<\/p>\n\n\n\n<ul class=\"wp-block-list\"><li>Acolhimento de funcion\u00e1rios<\/li><li>Saneamento de indisposi\u00e7\u00f5es para aprendizado<\/li><li>Engajamento<\/li><li>An\u00e1lise e identifica\u00e7\u00e3o de talentos para a empresa<\/li><li>Entender as necessidades das empresas<\/li><li>Promover atividades<\/li><li>Aconselhar sobre condutas<\/li><\/ul>\n\n\n\n<h2 class=\"wp-block-heading\">6- Pedagogo e tutoria em ead<\/h2>\n\n\n\n<p>O pedagogo ou o graduado e licenciado em qualquer \u00e1rea do conhecimento pode realizar uma p\u00f3s-gradua\u00e7\u00e3o lato sensu em tutoria e gest\u00e3o. Este curso fez com que o estudante adquira t\u00e9cnicas, estrat\u00e9gias e saberes tecnol\u00f3gicos para lidar com o universo ead.<\/p>\n\n\n\n<p>\u00c9 importante salientar que a modalidade Ead de ensino tem aumentado muito nos \u00faltimos anos, nesse sentido \u00e9 uma \u00e1rea que demanda muitos profissionais.<\/p>\n\n\n\n<p>Esta \u00e1rea demanda um profissional que tenha forma\u00e7\u00e3o na tutoria ead e tenha alguns requisitos como:&nbsp;<\/p>\n\n\n\n<ul class=\"wp-block-list\"><li>Clareza na comunica\u00e7\u00e3o<\/li><li>Bom portugues&nbsp;<\/li><li>Confian\u00e7a<\/li><li>\u00d3timo ouvinte<\/li><li>Que tenha est\u00edmulo ao aprendizado ampliado<\/li><li>Que busque forma\u00e7\u00e3o constante<\/li><\/ul>\n\n\n\n<h2 class=\"wp-block-heading\">7- Especializa\u00e7\u00e3o em design instrucional<\/h2>\n\n\n\n<p>O design instrucional \u00e9 uma profiss\u00e3o muito requerida atualmente, nessa fun\u00e7\u00e3o o profissional pode trabalhar em plataformas educacionais, em treinamentos de funcion\u00e1rios.<\/p>\n\n\n\n<p>Al\u00e9m disso, ele atua tamb\u00e9m como desenvolvedor de cursos, podcasts, software,&nbsp; ebooks e outros instrumentos did\u00e1ticos\/pedag\u00f3gicos.<\/p>\n\n\n\n<p>Para trabalhar nesta \u00e1rea, o pedagogo precisa realizar uma p\u00f3s-gradua\u00e7\u00e3o em design instrucional que o capacitar\u00e1 em planejamento e cria\u00e7\u00e3o de projetos pedag\u00f3gicos.<\/p>\n\n\n\n<p>Basicamente, a \u00e1rea de design instrucional se caracteriza como uma engenharia pedag\u00f3gica e um desenho do planejamento educacional.<\/p>\n\n\n\n<p>O pedagogo que se especializa nessa \u00e1rea, tem a fun\u00e7\u00e3o de garantir o desenvolvimento de atividades de aprendizagem de forma coerente e sistem\u00e1tica.&nbsp;<\/p>\n\n\n\n<p>O design instrucional aplicado na educa\u00e7\u00e3o em geral e na capacita\u00e7\u00e3o profissional, serve para estabelecer princ\u00edpios, objetivos e m\u00e9todos de ensino adequados \u00e0 interven\u00e7\u00e3o pretendida.<\/p>\n\n\n\n<h2 class=\"wp-block-heading\">8- Produ\u00e7\u00e3o de material did\u00e1tico<\/h2>\n\n\n\n<p>O crescimento de plataformas educacionais, podcasts, quizzes, software educacionais criou muitas vagas para produtores de materiais did\u00e1ticos.<\/p>\n\n\n\n<p>Antigamente um dos \u00fanicos instrumentos na veicula\u00e7\u00e3o did\u00e1tica eram os livros did\u00e1ticos, no entanto, atualmente esses instrumentos se multiplicaram em v\u00e1rias formas de organiza\u00e7\u00e3o.<\/p>\n\n\n\n<p>Hoje vivemos em um mundo que prolifera informa\u00e7\u00f5es online, al\u00e9m disso o mercado editorial voltado para livros f\u00edsicos ainda \u00e9 muito forte, pois a produ\u00e7\u00e3o did\u00e1tica online n\u00e3o substitui os livros f\u00edsicos.<\/p>\n\n\n\n<p>Este grande mercado necessita constantemente de pedagogos e licenciados que desenvolvam conte\u00fados did\u00e1ticos.<\/p>\n\n\n\n<p>Neste sentido, o mercado did\u00e1tico requer pessoas que produzam livros inteiros, unidades, quest\u00f5es para ENEM e vestibular, conte\u00fados para plataformas educativas entre muitas outras demandas.<\/p>\n\n\n\n<h2 class=\"wp-block-heading\">9- Gest\u00e3o e pedagogia<\/h2>\n\n\n\n<p>As faculdades de pedagogia tamb\u00e9m preparam seus alunos para fun\u00e7\u00f5es de gest\u00e3o oferecendo cursos de p\u00f3s-gradua\u00e7\u00e3o de especializa\u00e7\u00e3o nessa \u00e1rea.<\/p>\n\n\n\n<p>Os alunos que se especializaram em gest\u00e3o s\u00e3o capacitados para fun\u00e7\u00f5es variadas dentro da escola e&nbsp; nas secretarias de ensino como diretoria, supervis\u00e3o, coordena\u00e7\u00e3o pedag\u00f3gica, orienta\u00e7\u00e3o entre outras.<\/p>\n\n\n\n<p>Formar-se em gest\u00e3o escolar abre mais possibilidades de trabalho, pois o estudante que sai da universidade pode trabalhar inicialmente como professor e depois migrar para \u00e1reas de gest\u00e3o contando com sua experi\u00eancia adquirida em sala de aula.<\/p>\n\n\n\n<p>A gest\u00e3o escolar \u00e9 respons\u00e1vel diretamente pelo \u00cdndice de Desenvolvimento da Educa\u00e7\u00e3o B\u00e1sica (IDEB) da escola. O pedagogo que tem como objetivo trabalhar nesta \u00e1rea, precisa se especializar em estrat\u00e9gias que visem elevar o IDEB da escola.<\/p>\n\n\n\n<p>Vale lembrar que a qualidade da escola depende da comunica\u00e7\u00e3o saud\u00e1vel entre supervisor de ensino, diretor, coordenador, orientador, professor e alunos.&nbsp;<\/p>\n\n\n\n<p>Por\u00e9m, a fun\u00e7\u00e3o de um bom gestor \u00e9 manter esta&nbsp; comunica\u00e7\u00e3o com objetivos conjuntos, debates, discuss\u00f5es, tudo dentro de um \u00e2mbito igualit\u00e1rio e democr\u00e1tico.<\/p>\n\n\n\n<h2 class=\"wp-block-heading\">10 &#8211; Educa\u00e7\u00e3o especial<\/h2>\n\n\n\n<p>A educa\u00e7\u00e3o especial \u00e9 voltada diretamente para a inclus\u00e3o e projetos inclusivos. Dentro desta \u00e1rea da pedagogia est\u00e1 o trabalho com jovens e crian\u00e7as que possuem defici\u00eancias f\u00edsicas e\/ou cognitivas.<\/p>\n\n\n\n<p>O pedagogo ou licenciado que visa trabalhar dentro desta perspectiva, precisa se especializar em psicopedagogia ou mesmo psicologia, realizando cursos de p\u00f3s-gradua\u00e7\u00e3o.<\/p>\n\n\n\n<p>No entanto, existem cursos de gradua\u00e7\u00e3o em pedagogia voltados para a educa\u00e7\u00e3o especial. Al\u00e9m disso, este tema \u00e9 obrigat\u00f3rio nos curr\u00edculos de faculdades de pedagogia.&nbsp;<\/p>\n\n\n\n<p>Portanto, o pedagogo que concluiu sua gradua\u00e7\u00e3o pode trabalhar em escolas regulares inclusivas e tamb\u00e9m em espa\u00e7os preparat\u00f3rios para a inclus\u00e3o de crian\u00e7as e jovens deficientes.<\/p>\n\n\n\n<p>\u00c9 importante lembrar que a inclus\u00e3o \u00e9 garantida pela lei n\u00ba 7.853\/89 e obriga a todas as escolas a incluir crian\u00e7as que tenham defici\u00eancias f\u00edsicas, emocionais e cognitivas.&nbsp;<\/p>\n\n\n\n<p>Neste sentido, a escola atual demanda constantemente de pessoas que tenham forma\u00e7\u00e3o em educa\u00e7\u00e3o especial, tanto para estar \u00e0 frente da sala de aula como para atuar como auxiliar no processo educativo.<\/p>\n\n\n\n<h2 class=\"wp-block-heading\">Conclus\u00e3o<\/h2>\n\n\n\n<p>Neste texto vimos a grande amplitude profissional do estudante que se forma em pedagogia. Al\u00e9m disso, podemos compreender que para ingressar em qualquer \u00e1rea relacionada com o trabalho pedag\u00f3gico \u00e9 preciso que o estudante fa\u00e7a uma escolha e se especialize em um determinado segmento.<\/p>\n\n\n\n<p>A especializa\u00e7\u00e3o profissional \u00e9 uma a\u00e7\u00e3o indispens\u00e1vel para qualquer profiss\u00e3o nos nossos dias, pois o conhecimento e informa\u00e7\u00e3o em cada \u00e1rea do saber se aprofundou com o advento tecnol\u00f3gico e com a evolu\u00e7\u00e3o cient\u00edfica.<\/p>\n","protected":false},"excerpt":{"rendered":"<p>Neste texto conheceremos um pouco do campo de trabalho do pedagogo. Atualmente, o \u00e2mbito do profissional formado em pedagogia se ampliou consideravelmente. Muitas perspectivas foram abertas al\u00e9m do trabalho na escola regular. Neste sentido, hoje&hellip;<\/p>\n<p><a class=\"readmore\" href=\"https:\/\/uniplenaeducacional.com.br\/blog\/conheca-10-areas-de-atuacao-do-pedagogo\/\">Read More<\/a><\/p>\n","protected":false},"author":6,"featured_media":0,"comment_status":"open","ping_status":"open","sticky":false,"template":"","format":"standard","meta":{"footnotes":""},"categories":[1],"tags":[],"class_list":["post-829","post","type-post","status-publish","format-standard","hentry","category-educacao-basica"],"_links":{"self":[{"href":"https:\/\/uniplenaeducacional.com.br\/blog\/wp-json\/wp\/v2\/posts\/829"}],"collection":[{"href":"https:\/\/uniplenaeducacional.com.br\/blog\/wp-json\/wp\/v2\/posts"}],"about":[{"href":"https:\/\/uniplenaeducacional.com.br\/blog\/wp-json\/wp\/v2\/types\/post"}],"author":[{"embeddable":true,"href":"https:\/\/uniplenaeducacional.com.br\/blog\/wp-json\/wp\/v2\/users\/6"}],"replies":[{"embeddable":true,"href":"https:\/\/uniplenaeducacional.com.br\/blog\/wp-json\/wp\/v2\/comments?post=829"}],"version-history":[{"count":1,"href":"https:\/\/uniplenaeducacional.com.br\/blog\/wp-json\/wp\/v2\/posts\/829\/revisions"}],"predecessor-version":[{"id":830,"href":"https:\/\/uniplenaeducacional.com.br\/blog\/wp-json\/wp\/v2\/posts\/829\/revisions\/830"}],"wp:attachment":[{"href":"https:\/\/uniplenaeducacional.com.br\/blog\/wp-json\/wp\/v2\/media?parent=829"}],"wp:term":[{"taxonomy":"category","embeddable":true,"href":"https:\/\/uniplenaeducacional.com.br\/blog\/wp-json\/wp\/v2\/categories?post=829"},{"taxonomy":"post_tag","embeddable":true,"href":"https:\/\/uniplenaeducacional.com.br\/blog\/wp-json\/wp\/v2\/tags?post=829"}],"curies":[{"name":"wp","href":"https:\/\/api.w.org\/{rel}","templated":true}]}}