{"id":804,"date":"2023-08-23T09:00:00","date_gmt":"2023-08-23T09:00:00","guid":{"rendered":"https:\/\/uniplenaeducacional.com.br\/blog\/?p=804"},"modified":"2023-08-01T19:13:03","modified_gmt":"2023-08-01T19:13:03","slug":"planeje-a-sua-carreira-docente-em-7-passos-principais","status":"publish","type":"post","link":"https:\/\/uniplenaeducacional.com.br\/blog\/planeje-a-sua-carreira-docente-em-7-passos-principais\/","title":{"rendered":"Planeje a sua carreira docente em 7 passos principais"},"content":{"rendered":"\n<p>A carreira docente, infelizmente, n\u00e3o \u00e9 a mais procurada e desejada por muitos jovens universit\u00e1rios. Esta situa\u00e7\u00e3o acontece, pelo fato da profiss\u00e3o de ensinar estar muito desvalorizada e desacreditada.<\/p>\n\n\n\n<p>No entanto, se pensarmos no mercado profissional de maneira geral, todas as profiss\u00f5es sofrem atualmente muitos reveses, e acreditar em mitos de que existem profiss\u00f5es inating\u00edveis e s\u00f3lidas \u00e9 um pouco falacioso.<\/p>\n\n\n\n<p>Outro fato que faz com que acreditemos que o planejamento de uma carreira \u00e9 crucial para qualquer profissional, s\u00e3o os exemplos de professores que se tornam bem sucedidos seguindo uma organiza\u00e7\u00e3o de seu tempo e unificando teoria e pr\u00e1tica.<\/p>\n\n\n\n<p>Quando qualquer profissional docente se coloca diante de seu cotidiano de uma maneira anal\u00edtica ele pode transformar sua situa\u00e7\u00e3o.<\/p>\n\n\n\n<p>Neste sentido, ele pode lidar com os problemas tornando-o objeto de futuras pesquisas e observa\u00e7\u00f5es de novas perspectivas e possibilidades.<\/p>\n\n\n\n<p>Neste texto vamos separar 7 passos principais que os futuros professores precisam dar para concretizar uma carreira com futuro promissor.<\/p>\n\n\n\n<h2 class=\"wp-block-heading\">1-Investir em forma\u00e7\u00e3o<\/h2>\n\n\n\n<p>Quando falamos em investimento estamos nos relacionando mais com o tempo do que recursos econ\u00f4micos.&nbsp;<\/p>\n\n\n\n<p>O docente que consegue planejar o seu tempo entre pr\u00e1tica docente e forma\u00e7\u00e3o continuada, tem nas m\u00e3os uma grande chance de concretizar os seus objetivos profissionais.<\/p>\n\n\n\n<p>Vale lembrar, que qualquer tipo de forma\u00e7\u00e3o, seja acad\u00eamica-regular ou complementar, \u00e9 necess\u00e1rio ter uma tem\u00e1tica educativa.&nbsp;<\/p>\n\n\n\n<p>Ou seja, em todos os n\u00edveis acad\u00eamicos como gradua\u00e7\u00e3o, p\u00f3s-gradua\u00e7\u00e3o, mestrado, doutorado e outros, o estudante precisa ter um tema educacional que vai transform\u00e1-lo em sua pesquisa pessoal e futura especialidade.<\/p>\n\n\n\n<p>Portanto, investir o tempo em forma\u00e7\u00e3o \u00e9 tamb\u00e9m analisar quais tem\u00e1ticas educacionais se quer trabalhar e aperfei\u00e7oar.<\/p>\n\n\n\n<h2 class=\"wp-block-heading\">2- Prepara\u00e7\u00e3o para concursos p\u00fablicos<\/h2>\n\n\n\n<p>O docente que saiu de sua primeira forma\u00e7\u00e3o tem pela frente um cen\u00e1rio nebuloso sobre a profiss\u00e3o, no entanto como primeiro passo ele pode analisar os concursos que s\u00e3o oferecidos para o ensino p\u00fablico.<\/p>\n\n\n\n<p>Neste sentido, \u00e9 necess\u00e1rio ficar atento \u00e0s atribui\u00e7\u00f5es de cada cargo, os documentos que s\u00e3o exigidos e priorizados na prova de t\u00edtulos e ainda saber se o cargo oferecido \u00e9 tempor\u00e1rio ou efetivo.<\/p>\n\n\n\n<p>Neste sentido, o estudante que se formou em sua licenciatura ou faculdade de pedagogia pode investir em p\u00f3s-gradua\u00e7\u00f5es ou em alguns cursos complementares para aumentar a sua titula\u00e7\u00e3o, isso vai influenciar em sua pontua\u00e7\u00e3o, caso prestar algum concurso.<\/p>\n\n\n\n<p>Outra prepara\u00e7\u00e3o indispens\u00e1vel para concursos p\u00fablicos \u00e9 saber sobre alguns temas que sempre est\u00e3o presentes nas provas, como a rela\u00e7\u00e3o de leis que regem a educa\u00e7\u00e3o p\u00fablica.<\/p>\n\n\n\n<p>Vale lembrar que a legisla\u00e7\u00e3o educacional \u00e9 o conjunto de leis, normas, resolu\u00e7\u00f5es, decretos e atos. A constitui\u00e7\u00e3o federal \u00e9 a base para todas as decis\u00f5es educacionais.&nbsp;<\/p>\n\n\n\n<p>Abaixo da constitui\u00e7\u00e3o e decorrente desta est\u00e1 a lei de Diretrizes e bases da Educa\u00e7\u00e3o nacional.<\/p>\n\n\n\n<p>Al\u00e9m disso, em cada escola existe um regimento escolar que trabalha com certa autonomia, pois cada regi\u00e3o possui suas demandas pr\u00f3prias.<\/p>\n\n\n\n<p>Todo professor que pleiteia um cargo p\u00fablico precisa saber sobre a rela\u00e7\u00e3o de leis presente na educa\u00e7\u00e3o. Entre elas est\u00e3o:<\/p>\n\n\n\n<ul class=\"wp-block-list\"><li>Constitui\u00e7\u00e3o de 1988<\/li><li>LDB &#8211; Lei de diretrizes e bases da educa\u00e7\u00e3o 9.394\/96<\/li><li>Emenda constitucional n\u00b0 53\/2006<\/li><li>ECA &#8211; Estatuto da crian\u00e7a e adolescente lei 8.069\/90<\/li><li>L\u00edngua Brasileira de Sinais &#8211; lei 10.436\/02<\/li><li>Estatuto de Pessoa com Defici\u00eancia &#8211; lei 13.146\/15<\/li><li>entre outras<\/li><\/ul>\n\n\n\n<h2 class=\"wp-block-heading\">3- Ter consci\u00eancia do cen\u00e1rio educacional<\/h2>\n\n\n\n<p>O cen\u00e1rio educacional brasileiro se divide em educa\u00e7\u00e3o formal regular que vai do ensino b\u00e1sico ao ensino universit\u00e1rio, passando pelo ensino t\u00e9cnico. Al\u00e9m disso, existem propostas n\u00e3o formais de ensino como ONGs, Hospitais, Recursos Humanos, pres\u00eddios e outros espa\u00e7os n\u00e3o formalizados de educa\u00e7\u00e3o.<\/p>\n\n\n\n<p>Neste sentido, atualmente o trabalho com educa\u00e7\u00e3o \u00e9 bem mais amplo que no passado. Entre as profiss\u00f5es que o docente pode trabalhar hoje, est\u00e3o:<\/p>\n\n\n\n<ul class=\"wp-block-list\"><li><strong>Educa\u00e7\u00e3o em hospitais:<\/strong> O pedagogo hospitalar possui um papel fundamental no desenvolvimento de crian\u00e7as e jovens que est\u00e3o internadas, objetivando a inclus\u00e3o e recupera\u00e7\u00e3o desses indiv\u00edduos em rela\u00e7\u00e3o ao ensino regular.<\/li><\/ul>\n\n\n\n<ul class=\"wp-block-list\"><li><strong>Produ\u00e7\u00e3o de material did\u00e1tico:<\/strong> A produ\u00e7\u00e3o de material did\u00e1tico \u00e9 bastante solicitada atualmente pelas demandas de sites, blogs e das v\u00e1rias plataformas educacionais.&nbsp;<\/li><\/ul>\n\n\n\n<ul class=\"wp-block-list\"><li><strong>Pedagogia no RH: <\/strong>O profissional ligado a esta pedagogia, atua na elabora\u00e7\u00e3o treinamentos, din\u00e2micas de grupo para processos seletivos e para a cria\u00e7\u00e3o de engajamentos dos funcion\u00e1rios.&nbsp;<\/li><\/ul>\n\n\n\n<ul class=\"wp-block-list\"><li><strong>Educa\u00e7\u00e3o em ONGs:<\/strong> Atualmente existe uma diversidade de ONGs em trabalhos com v\u00e1rios objetivos que v\u00e3o de pautas identit\u00e1rias, raciais e de exclus\u00e3o.&nbsp;<\/li><\/ul>\n\n\n\n<p>A educa\u00e7\u00e3o em ONGs segue os preceitos da educa\u00e7\u00e3o em espa\u00e7os n\u00e3o formais em que a educa\u00e7\u00e3o perpassa toda a esfera social nos mais variados espa\u00e7os.<\/p>\n\n\n\n<ul class=\"wp-block-list\"><li><strong>Produ\u00e7\u00e3o de quest\u00f5es:<\/strong> os professores licenciados podem tamb\u00e9m criar e revisar quest\u00f5es. Existem muitas demandas em plataformas, provas de concursos, ENEM e vestibular.<\/li><\/ul>\n\n\n\n<ul class=\"wp-block-list\"><li><strong>Produ\u00e7\u00e3o de material did\u00e1tico:<\/strong> Editoras, plataformas educacionais e at\u00e9 escolas demandam de educadores\/autores no mercado profissional.<\/li><\/ul>\n\n\n\n<ul class=\"wp-block-list\"><li><strong>Produ\u00e7\u00e3o de artigos:<\/strong> Hoje em dia existem muitos sites e blogs sobre conhecimento em geral. Estes sites ajudam os alunos a passarem em provas de sele\u00e7\u00e3o como ENEM e vestibular e est\u00e3o sempre demandando de professores que produzam artigos para v\u00e1rias disciplinas.<\/li><\/ul>\n\n\n\n<h2 class=\"wp-block-heading\">4- Ter forma\u00e7\u00e3o em temas transversais<\/h2>\n\n\n\n<p>Atualmente os temas transversais est\u00e3o cada vez mais presentes na educa\u00e7\u00e3o. O conhecimento sobre pautas identit\u00e1rias, heterogeneidades, e pautas raciais s\u00e3o obrigat\u00f3rios para qualquer docente.<\/p>\n\n\n\n<p>Al\u00e9m disso, todos os professores precisam ter consci\u00eancia de temas sobre a inclus\u00e3o de crian\u00e7as com limita\u00e7\u00f5es f\u00edsicas e cognitivas.&nbsp;<\/p>\n\n\n\n<p>Estes assuntos s\u00e3o indispens\u00e1veis na forma\u00e7\u00e3o continuada de professores de qualquer disciplina, portanto na primeira forma\u00e7\u00e3o e nas outras subsequentes, todo docente precisa aperfei\u00e7oar o conhecimento deste temas.<\/p>\n\n\n\n<h2 class=\"wp-block-heading\">5- Cultura e linguagens art\u00edsticas<\/h2>\n\n\n\n<p>Nos documentos atuais de ensino como a BNCC e o Curr\u00edculo Paulista a arte \u00e9 vista como linguagem. Portanto, o campo da linguagem abrange uma amplitude maior quando comparado com o ensino de algumas d\u00e9cadas atr\u00e1s.<\/p>\n\n\n\n<p>Hoje as disciplinas que est\u00e3o dentro do campo da linguagem s\u00e3o: Portugu\u00eas, L\u00edngua Inglesa, Educa\u00e7\u00e3o F\u00edsica e linguagens art\u00edsticas.<\/p>\n\n\n\n<p>Portanto, quem trabalha com educa\u00e7\u00e3o art\u00edstica precisa conhecer as seguintes linguagens: M\u00fasica, dan\u00e7a, artes visuais e teatro.&nbsp;<\/p>\n\n\n\n<p>Para quem trabalha com educa\u00e7\u00e3o f\u00edsica, precisa entender que os esportes s\u00e3o linguagens culturais que est\u00e3o inseridas sobre um cen\u00e1rio de discuss\u00e3o social.<\/p>\n\n\n\n<p>Para quem trabalha com l\u00edngua inglesa e portugu\u00eas precisa saber dos aspectos sociais e culturais de produ\u00e7\u00e3o e cr\u00edticas que est\u00e3o inseridos na sociedade.<\/p>\n\n\n\n<h2 class=\"wp-block-heading\">&nbsp;6- Assessoria para empresas<\/h2>\n\n\n\n<p>Um passo importante na carreira docente \u00e9 estar conectado com o mundo profissional em geral. Hoje um pedagogo pode atuar em estrat\u00e9gias internas e externas de muitas empresas.<\/p>\n\n\n\n<p>As empresas que trabalham em formatos de contribui\u00e7\u00e3o dos funcion\u00e1rios em cria\u00e7\u00e3o de estrat\u00e9gias comerciais demandam muito de pedagogos.<\/p>\n\n\n\n<p>Neste sentido, quem tem forma\u00e7\u00e3o pedag\u00f3gica pode elaborar din\u00e2micas em empresas destinadas a encontrar solu\u00e7\u00f5es como as inovadoras Brainstormings ( tempestade de ideias).<\/p>\n\n\n\n<p>Nestes reuni\u00f5es, o pedagogo pode ajudar na elabora\u00e7\u00e3o e estrutura\u00e7\u00e3o das ideias dos membros de uma equipe de funcion\u00e1rios.&nbsp;<\/p>\n\n\n\n<h2 class=\"wp-block-heading\">7- Estudo de idiomas<\/h2>\n\n\n\n<p>No uso da sua flexibiliza\u00e7\u00e3o profissional, o professor pode se aprimorar em idiomas, pois esta forma\u00e7\u00e3o vai ampliar futuramente o seu campo de atua\u00e7\u00e3o profissional.&nbsp;<\/p>\n\n\n\n<p>Assim, ele pode lecionar em escolas direcionadas a p\u00fablicos estrangeiros, muitas das escolas pagam um sal\u00e1rio maior que as escolas regulares brasileiras.<\/p>\n\n\n\n<p>Vale lembrar, que em qualquer especialidade de ensino entre matem\u00e1tica, portugues, geografia, hist\u00f3ria e outras mat\u00e9rias, saber outros idiomas contribui para melhorar as aulas e a pesquisa da carreira acad\u00eamica.<\/p>\n\n\n\n<h2 class=\"wp-block-heading\">Conclus\u00e3o<\/h2>\n\n\n\n<p>A abordagem deste texto foi pautada nos passos necess\u00e1rios para ter uma carreira docente promissora. Para tal meta vimos que todo o profissional da educa\u00e7\u00e3o precisa adquirir uma vis\u00e3o ampla do cen\u00e1rio educacional.<\/p>\n\n\n\n<p>No Brasil e no mundo o campo de trabalho com educa\u00e7\u00e3o se modificou muito, hoje este trabalho se desenvolve em uma pr\u00e1xis h\u00edbrida. Ou seja, existem trabalhos presenciais e virtuais.<\/p>\n\n\n\n<p>Al\u00e9m disso,o trabalho docente n\u00e3o se resume a uma sala de aula, neste sentido ele pode atuar, como consultor, mediador, produtor em v\u00e1rios segmentos.<\/p>\n\n\n\n<p>Portanto, ele pode trabalhar em plataformas educacionais, podcasts, escolas, ONGs, empresas de RH, startups e outras.<\/p>\n\n\n\n<h2 class=\"wp-block-heading\">&nbsp;&nbsp;<\/h2>\n","protected":false},"excerpt":{"rendered":"<p>A carreira docente, infelizmente, n\u00e3o \u00e9 a mais procurada e desejada por muitos jovens universit\u00e1rios. Esta situa\u00e7\u00e3o acontece, pelo fato da profiss\u00e3o de ensinar estar muito desvalorizada e desacreditada. No entanto, se pensarmos no mercado&hellip;<\/p>\n<p><a class=\"readmore\" href=\"https:\/\/uniplenaeducacional.com.br\/blog\/planeje-a-sua-carreira-docente-em-7-passos-principais\/\">Read More<\/a><\/p>\n","protected":false},"author":6,"featured_media":0,"comment_status":"open","ping_status":"open","sticky":false,"template":"","format":"standard","meta":{"footnotes":""},"categories":[1],"tags":[],"class_list":["post-804","post","type-post","status-publish","format-standard","hentry","category-educacao-basica"],"_links":{"self":[{"href":"https:\/\/uniplenaeducacional.com.br\/blog\/wp-json\/wp\/v2\/posts\/804"}],"collection":[{"href":"https:\/\/uniplenaeducacional.com.br\/blog\/wp-json\/wp\/v2\/posts"}],"about":[{"href":"https:\/\/uniplenaeducacional.com.br\/blog\/wp-json\/wp\/v2\/types\/post"}],"author":[{"embeddable":true,"href":"https:\/\/uniplenaeducacional.com.br\/blog\/wp-json\/wp\/v2\/users\/6"}],"replies":[{"embeddable":true,"href":"https:\/\/uniplenaeducacional.com.br\/blog\/wp-json\/wp\/v2\/comments?post=804"}],"version-history":[{"count":1,"href":"https:\/\/uniplenaeducacional.com.br\/blog\/wp-json\/wp\/v2\/posts\/804\/revisions"}],"predecessor-version":[{"id":805,"href":"https:\/\/uniplenaeducacional.com.br\/blog\/wp-json\/wp\/v2\/posts\/804\/revisions\/805"}],"wp:attachment":[{"href":"https:\/\/uniplenaeducacional.com.br\/blog\/wp-json\/wp\/v2\/media?parent=804"}],"wp:term":[{"taxonomy":"category","embeddable":true,"href":"https:\/\/uniplenaeducacional.com.br\/blog\/wp-json\/wp\/v2\/categories?post=804"},{"taxonomy":"post_tag","embeddable":true,"href":"https:\/\/uniplenaeducacional.com.br\/blog\/wp-json\/wp\/v2\/tags?post=804"}],"curies":[{"name":"wp","href":"https:\/\/api.w.org\/{rel}","templated":true}]}}