{"id":796,"date":"2023-08-16T09:00:00","date_gmt":"2023-08-16T09:00:00","guid":{"rendered":"https:\/\/uniplenaeducacional.com.br\/blog\/?p=796"},"modified":"2023-08-01T18:23:59","modified_gmt":"2023-08-01T18:23:59","slug":"como-elaborar-a-recomposicao-de-aprendizagem","status":"publish","type":"post","link":"https:\/\/uniplenaeducacional.com.br\/blog\/como-elaborar-a-recomposicao-de-aprendizagem\/","title":{"rendered":"Como elaborar a recomposi\u00e7\u00e3o de aprendizagem"},"content":{"rendered":"\n<p>A pandemia de COVID-19 que durou por volta de dois anos, ampliou de forma significativa as desigualdades educacionais e as lacunas que j\u00e1 existiam na educa\u00e7\u00e3o.<\/p>\n\n\n\n<p>\u00c9 importante lembrar que quando tratamos de desigualdades educacionais ao mesmo tempo nos referimos \u00e0s desigualdades sociais, pois as diferen\u00e7as entre escolas ligadas a estratos sociais diferentes ainda \u00e9 muito grande.<\/p>\n\n\n\n<p>No entanto, quando falamos de lacunas educacionais nos referimos tamb\u00e9m \u00e0 diferen\u00e7as de \u00e2mbitos cognitivos que existem dentro de uma mesma sala de aula, pois atualmente as salas s\u00e3o bastante heterog\u00eaneas devido a inclus\u00e3o e o ensino por ciclos de aprendizagens<\/p>\n\n\n\n<p>Al\u00e9m disso, as lacunas de aprendizagens se referem tamb\u00e9m aos objetivos educacionais n\u00e3o alcan\u00e7ados de maneira geral. Como se comprova em resultados de provas de avalia\u00e7\u00f5es para os alunos do ensino b\u00e1sico como o SAEB.<\/p>\n\n\n\n<p>Neste texto vamos compreender o conceito de recomposi\u00e7\u00e3o de aprendizagens confrontando-o com outras modalidades como refor\u00e7o escolar e recupera\u00e7\u00e3o.<\/p>\n\n\n\n<h2 class=\"wp-block-heading\">Conceito de recomposi\u00e7\u00e3o de aprendizagem<\/h2>\n\n\n\n<p>Para dar uma ideia geral e completa do conceito de recomposi\u00e7\u00e3o de aprendizagem \u00e9 necess\u00e1rio separ\u00e1-lo da recupera\u00e7\u00e3o e do refor\u00e7o escolar.<\/p>\n\n\n\n<p>Estes dois \u00faltimos s\u00e3o bem diferentes da recomposi\u00e7\u00e3o de aprendizagem, pois esta trabalha mais as lacunas deixadas por um acontecimento espec\u00edfico, no nosso caso o resultado deixado pela pandemia.<\/p>\n\n\n\n<p>A recupera\u00e7\u00e3o educacional muitas vezes \u00e9 dada no cotidiano das aulas tanto para dar uma oportunidade a mais para turma dos alunos, como para auxiliar individualmente um aluno no seu percurso formativo.<\/p>\n\n\n\n<p>O refor\u00e7o escolar est\u00e1 ligado a atividades extras de alguma disciplina, que pode ser trabalhada por um tutor dentro da institui\u00e7\u00e3o ou at\u00e9 professor particular.<\/p>\n\n\n\n<p>A recomposi\u00e7\u00e3o da aprendizagem como diz o nome \u00e9 utilizada para recompor os assuntos que n\u00e3o foram trabalhados resultando em grandes lacunas no aprendizado, estas lacunas surgiram durante e depois da pandemia devido ao acesso tecnol\u00f3gico diferenciado.<\/p>\n\n\n\n<p>Ou seja, nem todas as crian\u00e7as possu\u00edam equipamentos e internet razo\u00e1vel para acessar as aulas de maneira eficaz, comprometendo assim a sua forma\u00e7\u00e3o.&nbsp;<\/p>\n\n\n\n<p>Neste sentido, muitas crian\u00e7as ficaram defasadas causando muitas diferen\u00e7as nas salas de aula. Assim os ciclos de aprendizagens ficaram mais dif\u00edceis de se realizar resultando em reten\u00e7\u00e3o e at\u00e9 evas\u00e3o escolar.<\/p>\n\n\n\n<h2 class=\"wp-block-heading\">Funcionamento da recomposi\u00e7\u00e3o de aprendizagem<\/h2>\n\n\n\n<p>Para colaborar na agilidade do processo de recomposi\u00e7\u00e3o de aprendizagem \u00e9 preciso separar em cada disciplina os ensinos essenciais. Por\u00e9m, \u00e9 muito dif\u00edcil definir o que \u00e9 essencial em cada disciplina, por esse motivo o Instituto Re\u00fana e a Nova Escola criaram alguns referenciais t\u00e9cnicos para auxiliar as escolas e os professores.<\/p>\n\n\n\n<ul class=\"wp-block-list\"><li><strong>Mapas de foco:<\/strong> Sele\u00e7\u00e3o de habilidades fiscais para cada ano do ensino b\u00e1sico<\/li><li><strong>Avalia e aprende:<\/strong> este referencial foi criado para avaliar a consolida\u00e7\u00e3o do conhecimento e detectar defasagens.<\/li><li><strong>Planos de aula:<\/strong> S\u00e3o materiais online gratuitos para auxiliar os professores na prepara\u00e7\u00e3o de atividades com temas essenciais ao aprendizado, ligados \u00e0 BNCC.<\/li><\/ul>\n\n\n\n<p>\u00c9 importante salientar que o conceito de recomposi\u00e7\u00e3o de aprendizagem \u00e9 bem mais profundo do que recupera\u00e7\u00e3o e refor\u00e7o escolar, segundo \u00c9rica Catalani, coordenadora do Cenpec na recomposi\u00e7\u00e3o da aprendizagem, o aluno n\u00e3o est\u00e1 recuperando algum conte\u00fado, ele est\u00e1 restaurando e recompondo sua conex\u00e3o com a escola.<\/p>\n\n\n\n<p>Da parte da escola ela est\u00e1 restaurando a sua responsabilidade social e visando garantir o direito \u00e0 educa\u00e7\u00e3o. A recomposi\u00e7\u00e3o funciona como uma retomada no percurso dos ciclos de ensino visando a forma\u00e7\u00e3o e integra\u00e7\u00e3o dos alunos \u00e0 escola.<\/p>\n\n\n\n<p>Neste sentido, a recomposi\u00e7\u00e3o da aprendizagem \u00e9 um conceito que \u00e9 trabalhado pelo aluno e tamb\u00e9m pela escola em rela\u00e7\u00e3o a esse.<\/p>\n\n\n\n<h2 class=\"wp-block-heading\">Passos para a elabora\u00e7\u00e3o da recomposi\u00e7\u00e3o da aprendizagem<\/h2>\n\n\n\n<h3 class=\"wp-block-heading\">1- Plano de aulas<\/h3>\n\n\n\n<p>Para elaborar um plano de aula de acordo com a BNCC \u00e9 necess\u00e1rio consultar as habilidades inseridas neste documento. Posteriormente precisamos definir o objetivo da atividade de ensino que precisa estar de acordo com os objetos de aprendizagens presentes tamb\u00e9m na BNCC.&nbsp;<\/p>\n\n\n\n<p>Voc\u00ea tamb\u00e9m pode consultar o curr\u00edculo paulista que traz as habilidades e os objetos de aprendizagens de todas as disciplinas.<\/p>\n\n\n\n<p>Al\u00e9m de elaborar esta atividade linkada com as habilidades da BNCC \u00e9 necess\u00e1rio tamb\u00e9m avaliar as compet\u00eancias que ser\u00e3o atingidas. Todas estas compet\u00eancias est\u00e3o presentes no documento citado e est\u00e3o divididas em compet\u00eancias gerais e espec\u00edficas de cada disciplina.<\/p>\n\n\n\n<p><strong>Exemplo de uma atividade de arte ( M\u00fasica):<\/strong><\/p>\n\n\n\n<p>O professor do terceiro ano fundamental pode propor para a turma uma atividade de m\u00fasica e literatura coligadas. Ou seja, em uma atividade os alunos podem discutir formas de produzir trilhas sonoras em uma hist\u00f3ria contada.<\/p>\n\n\n\n<p>Vale lembrar, que essas discuss\u00f5es precisam ser mediadas pelo docente e este precisa fazer uma pequena pesquisa sobre trilhas sonoras.&nbsp;<\/p>\n\n\n\n<p>Al\u00e9m disso, \u00e9 preciso escolher uma hist\u00f3ria liter\u00e1ria que fa\u00e7a os alunos refletirem sobre o isolamento causado pela pandemia, pois assim esta atividade entra como contributiva para a recomposi\u00e7\u00e3o de aprendizagem se enquadrando ao aspecto psicol\u00f3gico.<\/p>\n\n\n\n<p>Esta atividade est\u00e1 ligada a seguinte habilidade que consta no curr\u00edculo paulista, dispon\u00edvel na internet:<\/p>\n\n\n\n<p>\u201c(EF03AR17) Apreciar e experimentar improvisa\u00e7\u00f5es musicais e sonoriza\u00e7\u00e3o de hist\u00f3rias, explorando vozes, sons corporais e\/ou instrumentos musicais n\u00e3o convencionais, de modo individual e coletivo\u201d.&nbsp;<\/p>\n\n\n\n<p><strong>\u201cObjeto do conhecimento:<\/strong> Processos de cria\u00e7\u00e3o\u201d<\/p>\n\n\n\n<h3 class=\"wp-block-heading\">2- Promover acolhimento<\/h3>\n\n\n\n<p>Uma das principais estrat\u00e9gias de ensino no per\u00edodo p\u00f3s-pand\u00eamico \u00e9 o acolhimento, pois tanto alunos como professores foram atingidos por esse evento em seus aspectos subjetivos.<\/p>\n\n\n\n<p>Para assegurar que a escola seja uma espa\u00e7o que promova pertencimento \u00e9 importante ficar atento aos seguinte aspectos que envolve o acolhimento:<\/p>\n\n\n\n<ul class=\"wp-block-list\"><li>Voltar \u00e0s atividades de ensino para a educa\u00e7\u00e3o socioemocional com intuito de promover a sa\u00fade mental dos discentes.<\/li><li>A gest\u00e3o escolar precisa disponibilizar atendimento psicol\u00f3gico apropriado para os estudantes e professores.<\/li><li>Iniciativas de acolhimento para todos os profissionais da escola<\/li><li>Forma\u00e7\u00e3o de uma rede de atendimento aos alunos envolvendo familiares, conselho tutelar, centro de refer\u00eancia de atendimento social e outros<\/li><\/ul>\n\n\n\n<h3 class=\"wp-block-heading\">3- Modifica\u00e7\u00f5es da carga hor\u00e1ria<\/h3>\n\n\n\n<p>Muitas vezes para elaborar uma recomposi\u00e7\u00e3o de aprendizagem que seja assertiva e eficaz a escola juntamente com os professores coordenadores e tutores, precisa oferecer outros hor\u00e1rios de atividades.<\/p>\n\n\n\n<p>Estas modifica\u00e7\u00f5es de carga hor\u00e1ria s\u00e3o necess\u00e1rias para a recomposi\u00e7\u00e3o da aprendizagem de uma turma inteira, de um grupo determinado ou at\u00e9 um atendimento individual.<\/p>\n\n\n\n<p>Neste sentido existem muitas alternativas que uma escola pode seguir, sempre lembrando que existem varia\u00e7\u00f5es nas redes de ensino e escolas devido ao seu or\u00e7amento.<\/p>\n\n\n\n<p>Entre as alternativas para mudan\u00e7as de carga hor\u00e1rias est\u00e3o:<\/p>\n\n\n\n<ul class=\"wp-block-list\"><li>Regime integral<\/li><li>Aumento de carga hor\u00e1ria no per\u00edodo regular de aulas<\/li><li>Organizar outros turnos separados por turmas de n\u00edveis diferentes&nbsp;<\/li><\/ul>\n\n\n\n<h3 class=\"wp-block-heading\">4- Modifica\u00e7\u00f5es do curr\u00edculo<\/h3>\n\n\n\n<p>Em uma recomposi\u00e7\u00e3o de aprendizagem acontece a prioriza\u00e7\u00e3o de aprendizagem focada em habilidades estruturantes. Entre estas habilidades est\u00e3o:<\/p>\n\n\n\n<ul class=\"wp-block-list\"><li>Linguagens: Esta modalidade envolve protugues, l\u00edngua inglesa, artes e educa\u00e7\u00e3o f\u00edsica<\/li><li>Matem\u00e1tica<\/li><li>Habilidades socioemocionais<\/li><\/ul>\n\n\n\n<p>Vale lembrar, que na prioriza\u00e7\u00e3o do ensino evita-se a repeti\u00e7\u00e3o e a superposi\u00e7\u00e3o de atividades entre as s\u00e9ries.<\/p>\n\n\n\n<p>A modifica\u00e7\u00e3o do curr\u00edculo na recomposi\u00e7\u00e3o de aprendizagem, atinge tamb\u00e9m a maneira de trabalhar. Ou seja, pode-se focar em um ensino mais personalizado, trabalhando as dificuldades trazidas pelos alunos de forma individual.<\/p>\n\n\n\n<p>Al\u00e9m disso, pode-se formar grupos de alunos por diferencia\u00e7\u00e3o de desempenho, cuidando para que o ensino n\u00e3o caia e formas de segrega\u00e7\u00e3o.<\/p>\n\n\n\n<h2 class=\"wp-block-heading\">Conclus\u00e3o<\/h2>\n\n\n\n<p>Neste texto vimos de forma panor\u00e2mica, como \u00e9 definido o conceito de recomposi\u00e7\u00e3o de aprendizagem. Neste sentido, compreendemos que esta forma de ensino \u00e9 trabalhada quando acontece um evento social extraordin\u00e1rio.<\/p>\n\n\n\n<p>No caso mais recente este evento foi a pandemia de COVID-19 que causou o isolamento de crian\u00e7as e jovens, comprometendo o aprendizado e o conv\u00edvio social.<\/p>\n\n\n\n<p>No entanto, os problemas que apareceram foram muitos e profundos, pois muitos problemas foram resultados e agravamentos de outros problemas j\u00e1 existentes na educa\u00e7\u00e3o.<\/p>\n\n\n\n<p>Como por exemplo, a evas\u00e3o e a defasagem escolar, estes s\u00e3o velhos conhecidos da educa\u00e7\u00e3o j\u00e1 faz um bom tempo. Por\u00e9m com a pandemia ouve o seu agravamento trazendo mais preju\u00edzos para o ensino geral.<\/p>\n\n\n\n<p>A forma mais urgente e pr\u00e1tica para lidar com estes problemas foi a recomposi\u00e7\u00e3o da aprendizagem, mas vale lembrar que para sanar totalmente as lacunas do ensino \u00e9 preciso muito trabalho ainda.<\/p>\n","protected":false},"excerpt":{"rendered":"<p>A pandemia de COVID-19 que durou por volta de dois anos, ampliou de forma significativa as desigualdades educacionais e as lacunas que j\u00e1 existiam na educa\u00e7\u00e3o. \u00c9 importante lembrar que quando tratamos de desigualdades educacionais&hellip;<\/p>\n<p><a class=\"readmore\" href=\"https:\/\/uniplenaeducacional.com.br\/blog\/como-elaborar-a-recomposicao-de-aprendizagem\/\">Read More<\/a><\/p>\n","protected":false},"author":6,"featured_media":0,"comment_status":"open","ping_status":"open","sticky":false,"template":"","format":"standard","meta":{"footnotes":""},"categories":[1],"tags":[],"class_list":["post-796","post","type-post","status-publish","format-standard","hentry","category-educacao-basica"],"_links":{"self":[{"href":"https:\/\/uniplenaeducacional.com.br\/blog\/wp-json\/wp\/v2\/posts\/796"}],"collection":[{"href":"https:\/\/uniplenaeducacional.com.br\/blog\/wp-json\/wp\/v2\/posts"}],"about":[{"href":"https:\/\/uniplenaeducacional.com.br\/blog\/wp-json\/wp\/v2\/types\/post"}],"author":[{"embeddable":true,"href":"https:\/\/uniplenaeducacional.com.br\/blog\/wp-json\/wp\/v2\/users\/6"}],"replies":[{"embeddable":true,"href":"https:\/\/uniplenaeducacional.com.br\/blog\/wp-json\/wp\/v2\/comments?post=796"}],"version-history":[{"count":1,"href":"https:\/\/uniplenaeducacional.com.br\/blog\/wp-json\/wp\/v2\/posts\/796\/revisions"}],"predecessor-version":[{"id":797,"href":"https:\/\/uniplenaeducacional.com.br\/blog\/wp-json\/wp\/v2\/posts\/796\/revisions\/797"}],"wp:attachment":[{"href":"https:\/\/uniplenaeducacional.com.br\/blog\/wp-json\/wp\/v2\/media?parent=796"}],"wp:term":[{"taxonomy":"category","embeddable":true,"href":"https:\/\/uniplenaeducacional.com.br\/blog\/wp-json\/wp\/v2\/categories?post=796"},{"taxonomy":"post_tag","embeddable":true,"href":"https:\/\/uniplenaeducacional.com.br\/blog\/wp-json\/wp\/v2\/tags?post=796"}],"curies":[{"name":"wp","href":"https:\/\/api.w.org\/{rel}","templated":true}]}}