{"id":74,"date":"2020-03-25T00:01:00","date_gmt":"2020-03-25T00:01:00","guid":{"rendered":"https:\/\/uniplenaeducacional.com.br\/blog\/?p=74"},"modified":"2020-03-12T20:15:39","modified_gmt":"2020-03-12T20:15:39","slug":"3-mitos-sobre-a-relacao-entre-professores-e-alunos","status":"publish","type":"post","link":"https:\/\/uniplenaeducacional.com.br\/blog\/3-mitos-sobre-a-relacao-entre-professores-e-alunos\/","title":{"rendered":"3 mitos sobre a rela\u00e7\u00e3o entre professores e alunos"},"content":{"rendered":"\n<hr class=\"wp-block-separator\"\/>\n\n\n\n<p>No dia a dia do professor e aluno, uma das coisas mais importantes \u00e9 a rela\u00e7\u00e3o que se estabelece. E essa rela\u00e7\u00e3o independe da idade ou grau de forma\u00e7\u00e3o do aluno. Quando educadores e educandos mant\u00e9m um bom relacionamento, o aprendizado torna-se eficiente e inicia a partir desta rela\u00e7\u00e3o, uma melhor engajamento acad\u00eamico e comportamental dos nossos alunos.<\/p>\n\n\n\n<p><\/p>\n\n\n\n<p><strong>1# &#8211; A rela\u00e7\u00e3o de poder e submiss\u00e3o:<\/strong><br><\/p>\n\n\n\n<p>Muitos de n\u00f3s j\u00e1 ouvimos ou vivenciamos a hist\u00f3ria de que o professor \u00e9 o detentor do conhecimento.&nbsp;<br><\/p>\n\n\n\n<p>O panorama da rela\u00e7\u00e3o aluno vs professor mudou completamente. O professor transformou-se e seu principal papel \u00e9 o de orientador.&nbsp;<br><\/p>\n\n\n\n<p>Ele permite-se sair da posi\u00e7\u00e3o de autoridade m\u00e1xima para contextualizar e usar sua criatividade em suas aulas e fazer do processo ensino aprendizagem, algo simples e encantador.<br><\/p>\n\n\n\n<p><strong>#2 &#8211; O professor n\u00e3o consegue aplicar a inclus\u00e3o em sala de aula:&nbsp;<\/strong><br><\/p>\n\n\n\n<p>Esta \u00e9 uma quest\u00e3o s\u00e9ria e merece ser apresentada com maior propriedade. Quando o assunto \u00e9 a pr\u00e1tica pedag\u00f3gica na perspectiva inclusiva, nossas escolas possuem lacunas, por\u00e9m, nosso corpo docente \u00e9 humanizado e isso \u00e9 a grande diferen\u00e7a do contexto.<br><\/p>\n\n\n\n<p>Podemos encontrar institui\u00e7\u00f5es onde o monitor que acompanha os alunos de inclus\u00e3o nem sempre est\u00e1 preparado para desempenhar bem seu papel de facilitador, mas existe um educador nesta sala de aula e a maioria deles, desempenham um papel humano onde desdobram-se com novas diretrizes e a vontade de fazer acontecer o aprendizado do aluno.&nbsp;<br><\/p>\n\n\n\n<p>O professor est\u00e1 muito atento e sens\u00edvel \u00e0 necessidade do aluno de inclus\u00e3o, inclusive \u00e0 socializa\u00e7\u00e3o dele ao grupo \u00e9 harmonizando a classe para receb\u00ea-lo e apoi\u00e1-lo em todo o sentido, seja acad\u00eamico e social.&nbsp;&nbsp;<br><\/p>\n\n\n\n<p><strong>#3 &#8211; O professor reprova o aluno?<\/strong>&nbsp;<br><\/p>\n\n\n\n<p>Ainda existe uma ideia de que a escola possui um sistema r\u00edgido-punitivo-discriminat\u00f3rio e que o professor reprova.&nbsp;&nbsp;<br><\/p>\n\n\n\n<p>Por outro lado, sabe-se que a escola reconhece cada vez mais os avan\u00e7os da trajet\u00f3ria acad\u00eamica dos alunos e considera suas etapas como parte da constru\u00e7\u00e3o do pr\u00f3prio sistema de aprendizagem.&nbsp;<br><\/p>\n\n\n\n<p>Talvez esta seja a defini\u00e7\u00e3o mais atualizada da avalia\u00e7\u00e3o escolar. Hoje, t\u00eam-se em mente que Avaliar<strong> <\/strong>n\u00e3o \u00e9 reprovar, mas sim, compreender e promover a cada momento, o desenvolvimento pleno do indiv\u00edduo que se submeta ao processo de alfabetiza\u00e7\u00e3o e de aprendizagem em geral.&nbsp;<br><\/p>\n\n\n\n<p>N\u00e3o h\u00e1 interesse algum do professor em reprovar. Hoje o professor consegue avaliar o aluno n\u00e3o apenas quantitativamente, mas qualitativamente.&nbsp;<br><\/p>\n\n\n\n<p>O professor reconhece o esfor\u00e7o daquele aluno, reconhece que ele busca compreender o que lhe \u00e9 ensinado. Reconhece que o aluno cumpre suas obriga\u00e7\u00f5es enquanto estudante e aplica seu tempo em executar tarefas que s\u00e3o necess\u00e1rias para o processo de aprendizagem e valoriza a educa\u00e7\u00e3o como um todo.&nbsp;<br><\/p>\n\n\n\n<p>At\u00e9 porque hoje o professor tamb\u00e9m se coloca envolvido diretamente nesta avalia\u00e7\u00e3o, afinal, se o aluno n\u00e3o se saiu bem, at\u00e9 que ponto este educador conseguiu promover o interesse e o bom desempenho deste aluno?&nbsp;<br><\/p>\n\n\n\n<p>Existem diretrizes para fazer esta avalia\u00e7\u00e3o como um todo e, principalmente, existe um professor que cuida deste aluno.&nbsp;<br><\/p>\n\n\n\n<p><strong>Conclus\u00e3o<\/strong><br><\/p>\n\n\n\n<p>Quando o professor fomenta, em sala de aula, o senso de grupo e de pertencimento aos alunos, existe um maior engajamento e consequentemente, melhores resultados.<\/p>\n\n\n\n<p>Esse sentimento deve estar presente para estimular os estudantes, n\u00e3o s\u00f3 na vida acad\u00eamica e tamb\u00e9m no processo social deste aluno. As atividades em grupo, as interven\u00e7\u00f5es em sala, os grupos de estudos e discuss\u00f5es, oferecem est\u00edmulos de coopera\u00e7\u00e3o e atuam como agentes de transforma\u00e7\u00e3o em nossos alunos.<br><\/p>\n\n\n\n<div class=\"wp-block-media-text alignwide\" style=\"grid-template-columns:17% auto\"><figure class=\"wp-block-media-text__media\"><img loading=\"lazy\" decoding=\"async\" width=\"722\" height=\"1024\" src=\"https:\/\/uniplenaeducacional.com.br\/blog\/wp-content\/uploads\/2020\/03\/unnamed-722x1024.png\" alt=\"\" class=\"wp-image-75\" srcset=\"https:\/\/uniplenaeducacional.com.br\/blog\/wp-content\/uploads\/2020\/03\/unnamed-722x1024.png 722w, https:\/\/uniplenaeducacional.com.br\/blog\/wp-content\/uploads\/2020\/03\/unnamed-212x300.png 212w, https:\/\/uniplenaeducacional.com.br\/blog\/wp-content\/uploads\/2020\/03\/unnamed-768x1089.png 768w, https:\/\/uniplenaeducacional.com.br\/blog\/wp-content\/uploads\/2020\/03\/unnamed.png 903w\" sizes=\"(max-width: 722px) 100vw, 722px\" \/><\/figure><div class=\"wp-block-media-text__content\">\n<p><strong>Fabiana Tonholo<\/strong> &#8211; Pedagoga e Fonoaudi\u00f3loga.&nbsp;Especialista em Doc\u00eancia do Ensino Superior. Especialista em Educa\u00e7\u00e3o Montessori. Psicopedagoga escolar, Mestre em Educa\u00e7\u00e3o e Mestranda em Pol\u00edticas Sociais pela FUNIBER.&nbsp;Possui ampla experi\u00eancia em Gest\u00e3o Educacional e coordena\u00e7\u00e3o escolar. Professora da Uniplena Educacional <\/p>\n<\/div><\/div>\n","protected":false},"excerpt":{"rendered":"<p>No dia a dia do professor e aluno, uma das coisas mais importantes \u00e9 a rela\u00e7\u00e3o que se estabelece. E essa rela\u00e7\u00e3o independe da idade ou grau de forma\u00e7\u00e3o do aluno. Quando educadores e educandos&hellip;<\/p>\n<p><a class=\"readmore\" href=\"https:\/\/uniplenaeducacional.com.br\/blog\/3-mitos-sobre-a-relacao-entre-professores-e-alunos\/\">Read More<\/a><\/p>\n","protected":false},"author":3,"featured_media":0,"comment_status":"open","ping_status":"open","sticky":false,"template":"","format":"standard","meta":{"footnotes":""},"categories":[1],"tags":[],"class_list":["post-74","post","type-post","status-publish","format-standard","hentry","category-educacao-basica"],"_links":{"self":[{"href":"https:\/\/uniplenaeducacional.com.br\/blog\/wp-json\/wp\/v2\/posts\/74"}],"collection":[{"href":"https:\/\/uniplenaeducacional.com.br\/blog\/wp-json\/wp\/v2\/posts"}],"about":[{"href":"https:\/\/uniplenaeducacional.com.br\/blog\/wp-json\/wp\/v2\/types\/post"}],"author":[{"embeddable":true,"href":"https:\/\/uniplenaeducacional.com.br\/blog\/wp-json\/wp\/v2\/users\/3"}],"replies":[{"embeddable":true,"href":"https:\/\/uniplenaeducacional.com.br\/blog\/wp-json\/wp\/v2\/comments?post=74"}],"version-history":[{"count":2,"href":"https:\/\/uniplenaeducacional.com.br\/blog\/wp-json\/wp\/v2\/posts\/74\/revisions"}],"predecessor-version":[{"id":97,"href":"https:\/\/uniplenaeducacional.com.br\/blog\/wp-json\/wp\/v2\/posts\/74\/revisions\/97"}],"wp:attachment":[{"href":"https:\/\/uniplenaeducacional.com.br\/blog\/wp-json\/wp\/v2\/media?parent=74"}],"wp:term":[{"taxonomy":"category","embeddable":true,"href":"https:\/\/uniplenaeducacional.com.br\/blog\/wp-json\/wp\/v2\/categories?post=74"},{"taxonomy":"post_tag","embeddable":true,"href":"https:\/\/uniplenaeducacional.com.br\/blog\/wp-json\/wp\/v2\/tags?post=74"}],"curies":[{"name":"wp","href":"https:\/\/api.w.org\/{rel}","templated":true}]}}