{"id":731,"date":"2023-05-17T09:00:00","date_gmt":"2023-05-17T09:00:00","guid":{"rendered":"https:\/\/uniplenaeducacional.com.br\/blog\/?p=731"},"modified":"2023-05-01T17:08:23","modified_gmt":"2023-05-01T17:08:23","slug":"funcionamento-das-atribuicoes-de-aulas-na-rede-estadual","status":"publish","type":"post","link":"https:\/\/uniplenaeducacional.com.br\/blog\/funcionamento-das-atribuicoes-de-aulas-na-rede-estadual\/","title":{"rendered":"Funcionamento das atribui\u00e7\u00f5es de aulas na rede estadual"},"content":{"rendered":"\n<p>A atribui\u00e7\u00e3o de aulas \u00e9 um assunto de grande interesse para os professores que querem ampliar sua jornada de aulas ministrando aulas em outras escolas com aulas livres e de substitui\u00e7\u00e3o.<\/p>\n\n\n\n<p>Neste texto conheceremos alguns fatores importantes relacionados com a atribui\u00e7\u00e3o de aulas. Este sistema de atribui\u00e7\u00e3o, atualmente \u00e9 fornecido aos usu\u00e1rios de forma digital, assim os professores podem realizar suas pesquisas e efetivar estas atribui\u00e7\u00f5es sem sair de casa.<\/p>\n\n\n\n<p>Outro elemento da atribui\u00e7\u00e3o de aulas que precisa de aten\u00e7\u00e3o \u00e9 a localidade das escolas, pois o tempo de deslocamento \u00e9 um fator que o professor\/a precisa ficar atento.&nbsp;<\/p>\n\n\n\n<p>Neste texto saberemos tamb\u00e9m o que mudou nas regras de atribui\u00e7\u00e3o para 2023 em rela\u00e7\u00e3o a carga hor\u00e1ria, categorias profissionais e demais fatores.<\/p>\n\n\n\n<h2 class=\"wp-block-heading\">O que \u00e9 atribui\u00e7\u00e3o de aulas<\/h2>\n\n\n\n<p>Basicamente, a atribui\u00e7\u00e3o de aula \u00e9 um procedimento da Secretaria do Estado de Educa\u00e7\u00e3o (SEE) que possibilita a divis\u00e3o democr\u00e1tica das aulas entre os professores da rede estadual do ensino b\u00e1sico.<\/p>\n\n\n\n<p>Atualmente o sistema de atribui\u00e7\u00e3o de aulas \u00e9 digitalizado e este processo pode ser efeito de sua casa de maneira online.<\/p>\n\n\n\n<p>Vale lembrar que \u00e9 importante ter informa\u00e7\u00e3o sobre a Diretoria de Ensino (DE) de sua regi\u00e3o para posterior preenchimento do cadastro online de atribui\u00e7\u00e3o.<\/p>\n\n\n\n<h2 class=\"wp-block-heading\">Categorias de professores<\/h2>\n\n\n\n<p>Antes de compreendermos como funciona o sistema de atribui\u00e7\u00e3o de aulas da rede p\u00fablica \u00e9 necess\u00e1rio entender sobre as diversas categorias de professores existentes.<\/p>\n\n\n\n<h3 class=\"wp-block-heading\">Categoria V<\/h3>\n\n\n\n<p>Esta categoria \u00e9 a mais baixa em termos de pontua\u00e7\u00e3o, remunera\u00e7\u00e3o e estabilidade, nela pode ingressar o estudante de licenciatura com 50% do curso conclu\u00eddo. Basicamente \u00e9 a categoria do professor eventual, ou seja, aquele professor que est\u00e1 pronto para substituir o professor efetivo faltante.&nbsp;<\/p>\n\n\n\n<p>Este professor da categoria<strong> V<\/strong> possui contrato tempor\u00e1rio com o estado por 3 anos. Vale lembrar que esta categoria n\u00e3o \u00e9 concursada e pode entrar no sistema de atribui\u00e7\u00e3o de aulas.<\/p>\n\n\n\n<h3 class=\"wp-block-heading\">Categoria O<\/h3>\n\n\n\n<p>A diferen\u00e7a b\u00e1sica de um professor de categoria <strong>O<\/strong> para o de categoria<strong> V<\/strong> \u00e9 que o primeiro assume uma turma e o segundo s\u00f3 \u00e9 contratado para a substitui\u00e7\u00e3o, uma caracter\u00edstica muito importante desta categoria \u00e9 que o professor precisa estar no \u00faltimo ano de sua licenciatura.&nbsp;<\/p>\n\n\n\n<p>Nesta categoria est\u00e3o vinculados os professores de categoria <strong>S<\/strong> que eram professores eventuais antes do marco regulat\u00f3rio de 2009. Tanto os profissionais pertencentes a categoria <strong>O<\/strong> como a <strong>S<\/strong> n\u00e3o s\u00e3o professores concursados.<\/p>\n\n\n\n<h3 class=\"wp-block-heading\">Categoria F<\/h3>\n\n\n\n<p>Esta categoria tamb\u00e9m pertence aos professores contratados e n\u00e3o concursados. No entanto, esta categoria \u00e9 relativa aos professores que estavam contratados pelo estado antes do marco regulat\u00f3rio de 2009 e tinham turmas.&nbsp;<\/p>\n\n\n\n<p>No processo de atribui\u00e7\u00e3o de aulas eles t\u00eam prefer\u00eancias, pois ele pode escolher as suas turmas antes dos professores de categoria <strong>O<\/strong>.<\/p>\n\n\n\n<p>\u00c9 importante salientar que esta categoria possui estabilidade, conferida a partir da lei n\u00ba 500\/74. No entanto esta estabilidade \u00e9 destinada para os profissionais que foram admitidos at\u00e9 02\/06\/2007 data da publica\u00e7\u00e3o.<\/p>\n\n\n\n<h3 class=\"wp-block-heading\">Categorias P e N<\/h3>\n\n\n\n<p>Os professores pertencentes a categoria <strong>P<\/strong> possuem a sua estabilidade nos termos da constitui\u00e7\u00e3o de 1988, ou seja, os que estavam em atividade em outubro de 1988.<\/p>\n\n\n\n<p>Por outro lado,&nbsp; os da categoria <strong>N<\/strong>, s\u00e3o est\u00e1veis nos termos da consolida\u00e7\u00e3o das leis do trabalho &#8211; CLT.<\/p>\n\n\n\n<h3 class=\"wp-block-heading\">Categoria A<\/h3>\n\n\n\n<p>Esta categoria \u00e9 formada por professores que prestaram concurso e corresponde a categoria dos professores efetivos do estado. Estes docentes possuem prioridade nas atribui\u00e7\u00f5es de aulas.<\/p>\n\n\n\n<h2 class=\"wp-block-heading\">Como funciona a atribui\u00e7\u00e3o de aulas<\/h2>\n\n\n\n<p>Primeiramente, \u00e9 importante saber que a atribui\u00e7\u00e3o de aulas \u00e9 feita por ordem entre categorias. Portanto as atribui\u00e7\u00f5es s\u00e3o feitas primeiro para os efetivos (categoria A), depois para os est\u00e1veis ( categoria F, N e P) e por \u00faltimo para os contratados ( categoria O e V).<\/p>\n\n\n\n<p>Para come\u00e7ar na atribui\u00e7\u00e3o de aulas os professores precisam ter em mente quantas aulas querem ter atribu\u00eddas, localidades de prefer\u00eancia e outros fatores.<\/p>\n\n\n\n<p>O primeiro momento \u00e9 a manifesta\u00e7\u00e3o de interesse em aulas vagas, livres ou em substitui\u00e7\u00e3o. Voc\u00ea pode come\u00e7ar no sistema de atribui\u00e7\u00e3o de aulas por meio digital por meio da plataforma SED ( Secretaria de educa\u00e7\u00e3o digital).<\/p>\n\n\n\n<p>Nesta etapa \u00e9 preciso estar atento para as disciplinas que voc\u00ea est\u00e1 habilitado ou licenciado aquelas que est\u00e3o na sua forma\u00e7\u00e3o curricular. Outro aspecto que \u00e9 preciso definir \u00e9 a quantidade m\u00e1xima semanal de aulas que o professor deseja ser atribu\u00edda, que varia de 1 at\u00e9 32 aulas.<\/p>\n\n\n\n<p>Outro fator importante \u00e9 o n\u00famero de escolas que cada professor\/a deseja atuar, neste aspecto \u00e9 importante ter consci\u00eancia da dist\u00e2ncia entre as escolas e entre a sua resid\u00eancia e as escolas.&nbsp;<\/p>\n\n\n\n<p>Vale lembrar que nesta plataforma os professores podem classificar uma lista de escolas por grau de interesse. Outra caracter\u00edstica deste sistema digital \u00e9 o fato de poder escolher as aulas que quer atribuir com seus hor\u00e1rios e escolas definidas.<\/p>\n\n\n\n<p>Al\u00e9m disso, para as aulas de substitui\u00e7\u00e3o \u00e9 poss\u00edvel visualizar at\u00e9 o motivo do afastamento do outro professor\/a. Voc\u00ea tamb\u00e9m pode ver a quantidade de aluno por turma e os dados da escola, como contato e endere\u00e7o.<\/p>\n\n\n\n<h2 class=\"wp-block-heading\">Quando ser\u00e1 realizada a atribui\u00e7\u00e3o de aulas em 2023<\/h2>\n\n\n\n<p>A atribui\u00e7\u00e3o de aulas para todas as categorias funciona de fevereiro a novembro, no entanto, o per\u00edodo de atribui\u00e7\u00e3o j\u00e1 come\u00e7ou e foram estipuladas datas diferentes para cada categoria.<\/p>\n\n\n\n<p>Para a categoria A que s\u00e3o os docentes efetivos come\u00e7ou no dia 20\/01\/2023; para os da categoria F no dia 24\/01\/2023; e para os da categoria O no dia 27\/01\/2023.<\/p>\n\n\n\n<p>At\u00e9 aqui, j\u00e1 vimos como funciona o processo online de atribui\u00e7\u00e3o, no entanto \u00e9 importante saber qual jornada de trabalho que iremos escolher.<\/p>\n\n\n\n<p>neste sentido \u00e9 importante saber as modalidades de jornadas de trabalho como:<\/p>\n\n\n\n<ul class=\"wp-block-list\"><li><strong>Jornada completa<\/strong>: 32 aulas e 40 semanais (ATPC + ATPL)<\/li><\/ul>\n\n\n\n<ul class=\"wp-block-list\"><li><strong>Jornada B\u00e1sica: <\/strong>24 aulas com 30 horas semanais<\/li><\/ul>\n\n\n\n<ul class=\"wp-block-list\"><li><strong>Jornada inicial:<\/strong> 19 aulas com 24 horas semanais<\/li><\/ul>\n\n\n\n<ul class=\"wp-block-list\"><li><strong>Jornada reduzida:<\/strong> 9 aulas com 12 horas semanais<\/li><\/ul>\n\n\n\n<p>Vale lembrar que as jornadas de aulas s\u00e3o acrescidas da forma\u00e7\u00e3o do professor que s\u00e3o divididas em aulas de trabalho pedag\u00f3gico coletivo (ATPC)&nbsp; e aulas de trabalho pedag\u00f3gico de livre escolha (ATPL).<\/p>\n\n\n\n<p>As ATPCs s\u00e3o realizadas na unidade escolar em hor\u00e1rios definidos pela unidade, no entanto, atualmente, as ATPLs podem ser cumpridas em outros locais mediante comprova\u00e7\u00e3o.<\/p>\n\n\n\n<h2 class=\"wp-block-heading\">Conclus\u00e3o<\/h2>\n\n\n\n<p>Neste texto foram colocadas algumas informa\u00e7\u00f5es sobre as atribui\u00e7\u00f5es de aulas e as diferentes categorias de professores. No entanto, todo docente no in\u00edcio de sua carreira precisa ficar atento \u00e0s modifica\u00e7\u00f5es nas leis do ensino e nas novas resolu\u00e7\u00f5es sobre v\u00e1rios assuntos que englobam a carreira docente.<\/p>\n\n\n\n<p>\u00c9 importante salientar que o processo de atribui\u00e7\u00e3o ficou mais f\u00e1cil com os avan\u00e7os tecnol\u00f3gicos que oferecem um sistema online por meio da secretaria escolar digital (SED)<\/p>\n\n\n\n<p>Outra caracter\u00edstica importante do processo de atribui\u00e7\u00e3o \u00e9 o fato dele ocorrer praticamente todo o ano, nesse sentido sempre haver\u00e1 oportunidade para os professores que n\u00e3o conseguiram a sua atribui\u00e7\u00e3o no in\u00edcio do ano.<\/p>\n","protected":false},"excerpt":{"rendered":"<p>A atribui\u00e7\u00e3o de aulas \u00e9 um assunto de grande interesse para os professores que querem ampliar sua jornada de aulas ministrando aulas em outras escolas com aulas livres e de substitui\u00e7\u00e3o. Neste texto conheceremos alguns&hellip;<\/p>\n<p><a class=\"readmore\" href=\"https:\/\/uniplenaeducacional.com.br\/blog\/funcionamento-das-atribuicoes-de-aulas-na-rede-estadual\/\">Read More<\/a><\/p>\n","protected":false},"author":6,"featured_media":0,"comment_status":"open","ping_status":"open","sticky":false,"template":"","format":"standard","meta":{"footnotes":""},"categories":[1],"tags":[],"class_list":["post-731","post","type-post","status-publish","format-standard","hentry","category-educacao-basica"],"_links":{"self":[{"href":"https:\/\/uniplenaeducacional.com.br\/blog\/wp-json\/wp\/v2\/posts\/731"}],"collection":[{"href":"https:\/\/uniplenaeducacional.com.br\/blog\/wp-json\/wp\/v2\/posts"}],"about":[{"href":"https:\/\/uniplenaeducacional.com.br\/blog\/wp-json\/wp\/v2\/types\/post"}],"author":[{"embeddable":true,"href":"https:\/\/uniplenaeducacional.com.br\/blog\/wp-json\/wp\/v2\/users\/6"}],"replies":[{"embeddable":true,"href":"https:\/\/uniplenaeducacional.com.br\/blog\/wp-json\/wp\/v2\/comments?post=731"}],"version-history":[{"count":1,"href":"https:\/\/uniplenaeducacional.com.br\/blog\/wp-json\/wp\/v2\/posts\/731\/revisions"}],"predecessor-version":[{"id":733,"href":"https:\/\/uniplenaeducacional.com.br\/blog\/wp-json\/wp\/v2\/posts\/731\/revisions\/733"}],"wp:attachment":[{"href":"https:\/\/uniplenaeducacional.com.br\/blog\/wp-json\/wp\/v2\/media?parent=731"}],"wp:term":[{"taxonomy":"category","embeddable":true,"href":"https:\/\/uniplenaeducacional.com.br\/blog\/wp-json\/wp\/v2\/categories?post=731"},{"taxonomy":"post_tag","embeddable":true,"href":"https:\/\/uniplenaeducacional.com.br\/blog\/wp-json\/wp\/v2\/tags?post=731"}],"curies":[{"name":"wp","href":"https:\/\/api.w.org\/{rel}","templated":true}]}}