{"id":670,"date":"2023-03-17T09:00:00","date_gmt":"2023-03-17T09:00:00","guid":{"rendered":"https:\/\/uniplenaeducacional.com.br\/blog\/?p=670"},"modified":"2023-03-06T03:26:23","modified_gmt":"2023-03-06T03:26:23","slug":"como-a-titulacao-ajuda-na-carreira-docente","status":"publish","type":"post","link":"https:\/\/uniplenaeducacional.com.br\/blog\/como-a-titulacao-ajuda-na-carreira-docente\/","title":{"rendered":"Como a titula\u00e7\u00e3o ajuda na carreira docente"},"content":{"rendered":"\n<p>Muitos fatores integram a carreira docente do ensino b\u00e1sico das escolas p\u00fablicas. Entre eles est\u00e3o os diferentes cargos, as jornadas de trabalho e os subs\u00eddios por titula\u00e7\u00e3o.<\/p>\n\n\n\n<p>Neste texto vamos compreender tamb\u00e9m como se d\u00e1 o programa de ensino integral e as gratifica\u00e7\u00f5es por dedica\u00e7\u00e3o exclusiva para professores e gestores. Este texto ser\u00e1 focado nas mudan\u00e7as que ocorreram no plano de carreira dos professores das escolas estaduais de S\u00e3o Paulo.<\/p>\n\n\n\n<p>Al\u00e9m disso, veremos algumas diferen\u00e7as entre a jornada de trabalho completa e a ampliada. \u00c9 importante lembrar que o novo plano de carreira docente est\u00e1 baseado nas trilhas de carreiras divididas em 3: Reg\u00eancia, especialista educacional e gest\u00e3o educacional.<\/p>\n\n\n\n<p>Dentro de todos estes fatores veremos como a titula\u00e7\u00e3o ajuda na carreira docente e nos subs\u00eddios, lembrando que a titula\u00e7\u00e3o \u00e9 referida a licenciatura plena, mestrado e doutorado.<\/p>\n\n\n\n<h2 class=\"wp-block-heading\">Novas fun\u00e7\u00f5es nas escolas e trajet\u00f3ria do professor<\/h2>\n\n\n\n<p>Para compreender melhor como acontece a carreira do professor do ensino b\u00e1sico \u00e9 preciso estabelecermos uma Trajet\u00f3ria. Primeiro o professor entra no est\u00e1gio probat\u00f3rio onde ele ser\u00e1 submetido a curso de forma\u00e7\u00e3o e avalia\u00e7\u00e3o de desempenho, este per\u00edodo dura 3 anos.<\/p>\n\n\n\n<p>Este curso \u00e9 focado no desenvolvimento de compet\u00eancias e habilidades, posteriormente este profissional ir\u00e1 adquirir sua estabilidade condicionada ao desempenho satisfat\u00f3rio.<\/p>\n\n\n\n<p>A titula\u00e7\u00e3o ajuda tamb\u00e9m na carreira e remunera\u00e7\u00e3o ap\u00f3s o t\u00e9rmino do est\u00e1gio probat\u00f3rio. Assim, se o professor tiver titula\u00e7\u00e3o de mestre ou doutor e que tenha desenvolvido uma pesquisa aplicada em educa\u00e7\u00e3o b\u00e1sica ou gest\u00e3o educacional, seguir\u00e1 uma tabela de subs\u00eddios diferente com remunera\u00e7\u00f5es maiores.<\/p>\n\n\n\n<p>A jornada de trabalho influi tamb\u00e9m nos subs\u00eddios assim, na jornada de 25 horas semanais existe um valor para estes subs\u00eddios e na jornada de 40 horas um valor maior.<\/p>\n\n\n\n<h2 class=\"wp-block-heading\">Novo plano de carreira em S\u00e3o Paulo<\/h2>\n\n\n\n<p>Por meio da lei complementar 1374\/2022 foi implantado o novo plano de carreira para professores da rede estadual de S\u00e3o Paulo.&nbsp;<\/p>\n\n\n\n<p>Portanto, existe um mecanismo de subs\u00eddios que o professor pode come\u00e7ar com o sal\u00e1rio de 5 mil reais, podendo chegar a 13 mil para uma carga hor\u00e1ria de 40 horas semanais.<\/p>\n\n\n\n<p>Assim, a cada dois anos os professores passam por uma avalia\u00e7\u00e3o para aumentar seu status em sua carreira. A carreira docente se d\u00e1 por meio da avalia\u00e7\u00e3o de desempenho e desenvolvimento.&nbsp;<\/p>\n\n\n\n<ul class=\"wp-block-list\"><li><strong>Desempenho:<\/strong> O professor pode evoluir no status de sua trilha por meio da avalia\u00e7\u00e3o de compet\u00eancias, e habilidades ligadas a conhecimento t\u00e9cnico-cient\u00edfico, habilidades de did\u00e1ticas aplicadas, pr\u00e1ticas pedag\u00f3gicas, engajamento e pr\u00e1tica profissional.&nbsp;<\/li><li><strong>Desenvolvimento:<\/strong> Nesse quesito ser\u00e1 observado as compet\u00eancias adquiridas pelo docente por meio de cursos de forma\u00e7\u00e3o e atualiza\u00e7\u00e3o. Al\u00e9m disso, ser\u00e1 avaliado o aperfei\u00e7oamento profissional e tamb\u00e9m o desenvolvimento dos professores na p\u00f3s-gradua\u00e7\u00e3o. Neste sentido ser\u00e3o pontuadas as produ\u00e7\u00f5es cient\u00edficas que o professor desenvolveu relacionadas com a sua pr\u00e1tica pedag\u00f3gica.<\/li><\/ul>\n\n\n\n<p>A avalia\u00e7\u00e3o dos professores ser\u00e1 de dois em dois anos por meio de provas, coordenada pela secretaria de educa\u00e7\u00e3o.&nbsp;<\/p>\n\n\n\n<p>At\u00e9 aqui voc\u00ea viu como os cursos de forma\u00e7\u00e3o e a titula\u00e7\u00e3o podem influenciar na avalia\u00e7\u00e3o dos professores. Agora vamos entender um pouco sobre as trilhas.<\/p>\n\n\n\n<h2 class=\"wp-block-heading\">Carreira docente e trilhas<\/h2>\n\n\n\n<p>A carreira docente ser\u00e1 organizada em 3 trilhas, uma principal e as outras complementares. portanto as trilhas da carreira docente ser\u00e3o:<\/p>\n\n\n\n<ul class=\"wp-block-list\"><li><strong>Reg\u00eancia:<\/strong> Trilha principal de desenvolvimento. Esta trilha visa o desenvolvimento de professores especializados na classe e salas de aula.<\/li><li><strong>Especialista Educacional: <\/strong>Docentes que almejam ocupar posi\u00e7\u00f5es de especialistas em \u00e1rea de curr\u00edculo, planejamento, avalia\u00e7\u00e3o tecnologia e outras<\/li><li><strong>Gest\u00e3o educacional: <\/strong>Desenvolvimento de compet\u00eancias de lideran\u00e7a para professores que querem ocupar posi\u00e7\u00f5es de gest\u00e3o escolar e diretoria de ensino.<\/li><\/ul>\n\n\n\n<p>Al\u00e9m destas trilhas na carreira dos professores, a nova norma tamb\u00e9m cria novas fun\u00e7\u00f5es para o ensino. Entre elas est\u00e3o: Especialista em curr\u00edculo; coordenador de gest\u00e3o pedag\u00f3gica; coordenador de organiza\u00e7\u00e3o escolar. Vale lembrar que estas fun\u00e7\u00f5es est\u00e3o relacionadas com os graus de diferentes forma\u00e7\u00f5es.<\/p>\n\n\n\n<h2 class=\"wp-block-heading\">Tabelas de subs\u00eddios levando em conta a titula\u00e7\u00e3o<\/h2>\n\n\n\n<p>O novo plano de carreira apresenta uma tabela de subs\u00eddios que leva em conta as titula\u00e7\u00f5es acad\u00eamicas. Assim, o professor fica 3 anos no est\u00e1gio probat\u00f3rio, depois ele ascende ao status 1 do plano de carreira.<\/p>\n\n\n\n<p>A partir disso, se ele possuir mestrado ele pode passar para uma carreira com ganhos maiores, se tiver doutorado pode passar ainda para ganhos superiores.<\/p>\n\n\n\n<p>Para entender melhor abaixo est\u00e3o os ganhos para cada status e categorias. Vale lembrar, que o subs\u00eddio \u00e9 o valor acrescentado ao sal\u00e1rio posteriormente \u00e1 uma avalia\u00e7\u00e3o que o professor \u00e9 submetido a cada 2 anos.<\/p>\n\n\n\n<h3 class=\"wp-block-heading\">Sal\u00e1rios com subs\u00eddio para professores com licenciatura ( categoria L)<\/h3>\n\n\n\n<figure class=\"wp-block-table\"><table><tbody><tr><td><\/td><td>40 horas semanais<\/td><td>25 horas semanais<\/td><\/tr><tr><td>L1<\/td><td>5.000<\/td><td>3.125<\/td><\/tr><tr><td>L2<\/td><td>5.500<\/td><td>3.437<\/td><\/tr><tr><td>L3<\/td><td>6.100<\/td><td>3.812<\/td><\/tr><tr><td>L4<\/td><td>6.600<\/td><td>4.125<\/td><\/tr><tr><td>L5<\/td><td>7.200<\/td><td>4.500<\/td><\/tr><tr><td>L6<\/td><td>7.700<\/td><td>4.812<\/td><\/tr><tr><td>L7<\/td><td>8.300<\/td><td>5.187<\/td><\/tr><tr><td>L8<\/td><td>8.800<\/td><td>5.500<\/td><\/tr><tr><td>L9<\/td><td>9400<\/td><td>5.875<\/td><\/tr><tr><td>L10<\/td><td>9.900<\/td><td>6.187<\/td><\/tr><tr><td>L11<\/td><td>10.500<\/td><td>6.562<\/td><\/tr><tr><td>L12<\/td><td>11.000<\/td><td>6.875<\/td><\/tr><tr><td>L13<\/td><td>11.600<\/td><td>7.250<\/td><\/tr><tr><td>L14<\/td><td>12.300<\/td><td>7.687<\/td><\/tr><tr><td>L15<\/td><td>13.000<\/td><td>8.125<\/td><\/tr><\/tbody><\/table><\/figure>\n\n\n\n<h3 class=\"wp-block-heading\">Sal\u00e1rios com subs\u00eddio para professores com mestrado ( categoria M)<\/h3>\n\n\n\n<p>Vale lembrar que os sal\u00e1rios iniciais s\u00e3o ainda na categoria L, a partir do status 2 a categoria muda para M.&nbsp;<\/p>\n\n\n\n<figure class=\"wp-block-table\"><table><tbody><tr><td><\/td><td>40 horas semanais<\/td><td>25 horas semanais<\/td><\/tr><tr><td>L1<\/td><td>5.000<\/td><td>3.125<\/td><\/tr><tr><td>M2<\/td><td>5.775<\/td><td>3.609<\/td><\/tr><tr><td>M3<\/td><td>6.405<\/td><td>4.003<\/td><\/tr><tr><td>M4<\/td><td>6.930<\/td><td>4.331<\/td><\/tr><tr><td>M5<\/td><td>7.560<\/td><td>4.725<\/td><\/tr><tr><td>M6<\/td><td>8.085<\/td><td>5.053<\/td><\/tr><tr><td>M7<\/td><td>8.715<\/td><td>5.446<\/td><\/tr><tr><td>M8<\/td><td>9.240<\/td><td>5.775<\/td><\/tr><tr><td>M9<\/td><td>9.870<\/td><td>6.168<\/td><\/tr><tr><td>M10<\/td><td>10.395<\/td><td>6.496<\/td><\/tr><tr><td>M11<\/td><td>11.025<\/td><td>6.890<\/td><\/tr><tr><td>M12<\/td><td>11.550<\/td><td>7.218<\/td><\/tr><tr><td>M13<\/td><td>12.180<\/td><td>7.612<\/td><\/tr><tr><td>M14<\/td><td>12.915<\/td><td>8.071<\/td><\/tr><tr><td>M15<\/td><td>13.650<\/td><td>8.531<\/td><\/tr><\/tbody><\/table><\/figure>\n\n\n\n<h3 class=\"wp-block-heading\">Sal\u00e1rios com subs\u00eddio para professores com doutorado ( categoria D)<\/h3>\n\n\n\n<p>Vale lembrar que os sal\u00e1rios iniciais s\u00e3o ainda na categoria L, a partir do status 2 a categoria muda para D.&nbsp;<\/p>\n\n\n\n<figure class=\"wp-block-table\"><table><tbody><tr><td><\/td><td>40 horas semanais<\/td><td>25 horas semanais<\/td><\/tr><tr><td>L1<\/td><td>5.000<\/td><td>3.125<\/td><\/tr><tr><td>D2<\/td><td>6.050<\/td><td>3.781<\/td><\/tr><tr><td>D3<\/td><td>6,710<\/td><td>4.193<\/td><\/tr><tr><td>D4<\/td><td>7.260<\/td><td>4.537<\/td><\/tr><tr><td>D5<\/td><td>7.920<\/td><td>4.950<\/td><\/tr><tr><td>D6<\/td><td>8.470<\/td><td>5.293<\/td><\/tr><tr><td>D7<\/td><td>9.130<\/td><td>5.706<\/td><\/tr><tr><td>D8<\/td><td>9.680<\/td><td>6.050<\/td><\/tr><tr><td>D9<\/td><td>10.340<\/td><td>6.462<\/td><\/tr><tr><td>D10<\/td><td>10.890<\/td><td>6.806<\/td><\/tr><tr><td>D11<\/td><td>11.550<\/td><td>7.218<\/td><\/tr><tr><td>D12<\/td><td>12.100<\/td><td>7.562<\/td><\/tr><tr><td>D13<\/td><td>12.760<\/td><td>7.975<\/td><\/tr><tr><td>D14<\/td><td>13.530<\/td><td>8.456<\/td><\/tr><tr><td>D15<\/td><td>14.300<\/td><td>8.937<\/td><\/tr><\/tbody><\/table><\/figure>\n\n\n\n<p>(Lei Complementar 1.374\/2022)<\/p>\n\n\n\n<h2 class=\"wp-block-heading\">Fun\u00e7\u00f5es escolares: Atribui\u00e7\u00f5es e requisitos<\/h2>\n\n\n\n<p>Agora veremos como est\u00e3o distribu\u00eddas as novas fun\u00e7\u00f5es escolares e suas atribui\u00e7\u00f5es. Al\u00e9m disso, veremos o que \u00e9 preciso para pleitear estas fun\u00e7\u00f5es dentro do ensino b\u00e1sico estadual de S\u00e3o Paulo. Entre estas fun\u00e7\u00f5es est\u00e3o:<\/p>\n\n\n\n<h3 class=\"wp-block-heading\">Supervisor educacional<\/h3>\n\n\n\n<p>O supervisor escolar acompanha as escolas no planejamento, al\u00e9m de orientar e assessorar os aspectos pedag\u00f3gicos e de gest\u00e3o.<\/p>\n\n\n\n<p>Esta fun\u00e7\u00e3o est\u00e1 tamb\u00e9m direcionada para a implementa\u00e7\u00e3o de pol\u00edticas educacionais. Ou seja, o supervisor escolar orienta o dirigente regional na implementa\u00e7\u00e3o, monitoramento e avalia\u00e7\u00e3o das pol\u00edticas.<\/p>\n\n\n\n<p>No entanto, os requisitos exigidos para esta cargo s\u00e3o:<\/p>\n\n\n\n<ul class=\"wp-block-list\"><li>Ser professor do ensino fundamental ou m\u00e9dio<\/li><li>Possuir licenciatura plena<\/li><li>Possuir 3 anos de experi\u00eancia em pol\u00edtica educacional<\/li><\/ul>\n\n\n\n<h3 class=\"wp-block-heading\">Coordenador de equipe curricular<\/h3>\n\n\n\n<p>As atividades do coordenador de equipe curricular est\u00e3o relacionadas com o professor especialista e com o curr\u00edculo. Portanto ele coordena as atividades dos professores especialista e implementa, monitora e avalia as pol\u00edticas educacionais e o Curr\u00edculo Paulista.<\/p>\n\n\n\n<p>Vale lembrar que este profissional est\u00e1 sempre em articula\u00e7\u00e3o com a equipe de supervis\u00e3o de ensino.<\/p>\n\n\n\n<p>Os requisitos exigidos para esta cargo s\u00e3o:<\/p>\n\n\n\n<ul class=\"wp-block-list\"><li>Ser professor do ensino fundamental ou m\u00e9dio<\/li><li>Possuir licenciatura plena<\/li><li>Possuir 3 anos de experi\u00eancia em doc\u00eancia e pol\u00edtica educacional<\/li><\/ul>\n\n\n\n<h3 class=\"wp-block-heading\">Professor especialista em curr\u00edculo<\/h3>\n\n\n\n<p>Este profissional trabalha com foco nos professores especialistas e docentes. Ou seja, ele oriente e forma estes professores em 2 a\u00e7\u00f5es:<\/p>\n\n\n\n<p>1- Apoios pedag\u00f3gicos e educacionais<\/p>\n\n\n\n<p>2- Implementa\u00e7\u00f5es das pol\u00edticas educacionais e Curr\u00edculo Paulista<\/p>\n\n\n\n<p>Os requisitos s\u00e3o os mesmos do cargo anterior.<\/p>\n\n\n\n<h3 class=\"wp-block-heading\">Coordenador de organiza\u00e7\u00e3o escolar<\/h3>\n\n\n\n<p>Este profissional \u00e9 direcionado para quest\u00f5es administrativas e educativas, assim, ele tem a fun\u00e7\u00e3o de gerir atividades de apoio aos alunos e tr\u00e2mites administrativos. Al\u00e9m disso, ele orienta as atividades pedag\u00f3gicas e os servidores.<\/p>\n\n\n\n<p>os requisitos s\u00e3o os mesmos das fun\u00e7\u00f5es acima<\/p>\n\n\n\n<h3 class=\"wp-block-heading\">Diretor escolar<\/h3>\n\n\n\n<p>Esta fun\u00e7\u00e3o \u00e9 respons\u00e1vel pela gest\u00e3o administrativa, financeira e pedag\u00f3gica visando a qualidade do ensino e a equidade entre os alunos.<\/p>\n\n\n\n<p>Os requisitos exigidos para esta cargo s\u00e3o:<\/p>\n\n\n\n<ul class=\"wp-block-list\"><li>Ser professor do ensino fundamental ou m\u00e9dio<\/li><li>Possuir licenciatura plena<\/li><li>Possuir 3 anos de experi\u00eancia em doc\u00eancia e conhecimento de gest\u00e3o escolar<\/li><\/ul>\n\n\n\n<h2 class=\"wp-block-heading\">Conclus\u00e3o<\/h2>\n\n\n\n<p>Este texto teve a inten\u00e7\u00e3o de informar sobre as novidades sobre planos de carreira para professores e tamb\u00e9m vislumbrar quais vantagens que a forma\u00e7\u00e3o docente pode proporcionar na carreira.<\/p>\n\n\n\n<p>Portanto, fazer p\u00f3s-gradua\u00e7\u00e3o, mestrado e doutorado \u00e9 sempre vantajoso frente \u00e0s novidades de ganhos e carreiras que s\u00e3o oferecidos atualmente.<\/p>\n\n\n\n<p>Outro aspecto de apostar em forma\u00e7\u00e3o profissional \u00e9 focar em gest\u00e3o educacional, pois todo professor que possui uma certa experi\u00eancia no ensino pode almejar outras fun\u00e7\u00f5es dentro da gest\u00e3o educacional.<\/p>\n\n\n\n<p><\/p>\n","protected":false},"excerpt":{"rendered":"<p>Muitos fatores integram a carreira docente do ensino b\u00e1sico das escolas p\u00fablicas. Entre eles est\u00e3o os diferentes cargos, as jornadas de trabalho e os subs\u00eddios por titula\u00e7\u00e3o. Neste texto vamos compreender tamb\u00e9m como se d\u00e1&hellip;<\/p>\n<p><a class=\"readmore\" href=\"https:\/\/uniplenaeducacional.com.br\/blog\/como-a-titulacao-ajuda-na-carreira-docente\/\">Read More<\/a><\/p>\n","protected":false},"author":6,"featured_media":0,"comment_status":"open","ping_status":"open","sticky":false,"template":"","format":"standard","meta":{"footnotes":""},"categories":[1],"tags":[],"class_list":["post-670","post","type-post","status-publish","format-standard","hentry","category-educacao-basica"],"_links":{"self":[{"href":"https:\/\/uniplenaeducacional.com.br\/blog\/wp-json\/wp\/v2\/posts\/670"}],"collection":[{"href":"https:\/\/uniplenaeducacional.com.br\/blog\/wp-json\/wp\/v2\/posts"}],"about":[{"href":"https:\/\/uniplenaeducacional.com.br\/blog\/wp-json\/wp\/v2\/types\/post"}],"author":[{"embeddable":true,"href":"https:\/\/uniplenaeducacional.com.br\/blog\/wp-json\/wp\/v2\/users\/6"}],"replies":[{"embeddable":true,"href":"https:\/\/uniplenaeducacional.com.br\/blog\/wp-json\/wp\/v2\/comments?post=670"}],"version-history":[{"count":1,"href":"https:\/\/uniplenaeducacional.com.br\/blog\/wp-json\/wp\/v2\/posts\/670\/revisions"}],"predecessor-version":[{"id":672,"href":"https:\/\/uniplenaeducacional.com.br\/blog\/wp-json\/wp\/v2\/posts\/670\/revisions\/672"}],"wp:attachment":[{"href":"https:\/\/uniplenaeducacional.com.br\/blog\/wp-json\/wp\/v2\/media?parent=670"}],"wp:term":[{"taxonomy":"category","embeddable":true,"href":"https:\/\/uniplenaeducacional.com.br\/blog\/wp-json\/wp\/v2\/categories?post=670"},{"taxonomy":"post_tag","embeddable":true,"href":"https:\/\/uniplenaeducacional.com.br\/blog\/wp-json\/wp\/v2\/tags?post=670"}],"curies":[{"name":"wp","href":"https:\/\/api.w.org\/{rel}","templated":true}]}}