{"id":624,"date":"2022-12-30T09:00:00","date_gmt":"2022-12-30T09:00:00","guid":{"rendered":"https:\/\/uniplenaeducacional.com.br\/blog\/?p=624"},"modified":"2022-12-19T18:51:25","modified_gmt":"2022-12-19T18:51:25","slug":"docencia-e-complemento-de-renda","status":"publish","type":"post","link":"https:\/\/uniplenaeducacional.com.br\/blog\/docencia-e-complemento-de-renda\/","title":{"rendered":"Doc\u00eancia e complemento de renda!"},"content":{"rendered":"\n<p>A profiss\u00e3o docente pode muitas vezes apresentar uma grande flexibilidade de hor\u00e1rios, Neste sentido, os professores podem ocupar meio per\u00edodo das horas de trabalhos, sobrando tempo para outras atividades.&nbsp;<\/p>\n\n\n\n<p>Existem casos em que o professor trabalha apenas em 2 dias da semana por falta de carga hor\u00e1ria para determinadas \u00e1reas como educa\u00e7\u00e3o art\u00edstica, educa\u00e7\u00e3o f\u00edsica, hist\u00f3ria e outras \u00e1reas.<\/p>\n\n\n\n<p>A rela\u00e7\u00e3o entre doc\u00eancia e complemento de renda se d\u00e1 de duas formas. Quando professores que exercem o seu of\u00edcio e complementam sua renda com outros trabalhos como cria\u00e7\u00e3o de material did\u00e1tico, aulas EADs e outras formas de trabalho pedag\u00f3gicos.<\/p>\n\n\n\n<p>A outra forma de complemento de renda \u00e9 quando um profissional que trabalha em sua \u00e1rea profissional, como engenharia, tradu\u00e7\u00e3o, comunica\u00e7\u00e3o e outras profiss\u00f5es, pode tamb\u00e9m lecionar em \u00e1reas afins com sua profiss\u00e3o.&nbsp;<\/p>\n\n\n\n<p>Neste texto, vamos falar de v\u00e1rias formas de complemento de renda em vista da flexibilidade da profiss\u00e3o docente e as \u00e1reas de atua\u00e7\u00e3o dos licenciados.<\/p>\n\n\n\n<h2 class=\"wp-block-heading\">Curso de forma\u00e7\u00e3o pedag\u00f3gica<\/h2>\n\n\n\n<p>O curso de forma\u00e7\u00e3o pedag\u00f3gica permite a muitos profissionais lecionar em escolas do ensino b\u00e1sico e regular colaborando para o complemento da sua renda.&nbsp;<\/p>\n\n\n\n<p>Para dar alguns exemplos, f\u00edsicos e engenheiros podem complementar a sua renda lecionando matem\u00e1tica e profissionais de comunica\u00e7\u00e3o podem tamb\u00e9m lecionar portugues depois de ter feito este curso.<\/p>\n\n\n\n<p>\u00c9 importante salientar que a forma\u00e7\u00e3o pedag\u00f3gica \u00e9 o curso que habilita o profissional a ser um professor de qualquer \u00e1rea ou modalidade nas quatros s\u00e9ries finais do ensino fundamental, ensino m\u00e9dio e educa\u00e7\u00e3o profissional em n\u00edvel m\u00e9dio.<\/p>\n\n\n\n<p>A forma\u00e7\u00e3o te\u00f3rica deste curso gira em torno da base metodol\u00f3gica de ensino, psicologia e formas de ensino.&nbsp;<\/p>\n\n\n\n<p>No entanto, este curso vai al\u00e9m da doc\u00eancia em sala de aula e tamb\u00e9m tem o objetivo de formar futuros coordenadores pedag\u00f3gicos e outras \u00e1reas da gest\u00e3o pedag\u00f3gica como supervis\u00e3o e dire\u00e7\u00e3o.<\/p>\n\n\n\n<p>Para ter uma ideia mais detalhada sobre forma\u00e7\u00e3o pedag\u00f3gica \u00e9 importante conhecer os diferentes tipos de forma\u00e7\u00e3o pedag\u00f3gica.<\/p>\n\n\n\n<h3 class=\"wp-block-heading\">Forma\u00e7\u00e3o pedag\u00f3gica em letras<\/h3>\n\n\n\n<p>Esta forma\u00e7\u00e3o \u00e9 voltada para profissionais da \u00e1rea de portugues, reda\u00e7\u00e3o e linguagem. O formando deste curso pode lecionar em diversos segmentos da educa\u00e7\u00e3o b\u00e1sica desde os anos finais do fundamental at\u00e9 o ensino m\u00e9dio.&nbsp;<\/p>\n\n\n\n<p>Por\u00e9m este formando tamb\u00e9m pode atuar como pesquisador, cr\u00edtico liter\u00e1rio, revisor, assessor cultural entre outras atividades de cultura e educa\u00e7\u00e3o.<\/p>\n\n\n\n<h3 class=\"wp-block-heading\">Forma\u00e7\u00e3o pedag\u00f3gica em pedagogia<\/h3>\n\n\n\n<p>Este curso \u00e9 muito procurado por quem tem bacharelado, cursos tecnol\u00f3gicos e gostaria da habilita\u00e7\u00e3o para lecionar ou para sair&nbsp; de sua profiss\u00e3o ou para complementar suas rendas.&nbsp;<\/p>\n\n\n\n<p>O formando deste curso est\u00e1 habilitado para lecionar para as \u00faltimas s\u00e9ries do ensino fundamental, ensino m\u00e9dio&nbsp; e na educa\u00e7\u00e3o profissional.<\/p>\n\n\n\n<p>Vale lembrar, que este curso \u00e9 procurado tamb\u00e9m por professores atuantes na carreira educacional que buscam se diferenciar na sua qualifica\u00e7\u00e3o e atualiza\u00e7\u00e3o.<\/p>\n\n\n\n<h3 class=\"wp-block-heading\">Outros tipos de forma\u00e7\u00e3o pedag\u00f3gica<\/h3>\n\n\n\n<p>A forma\u00e7\u00e3o pedag\u00f3gica \u00e9 um curso que tamb\u00e9m est\u00e1 voltado para outras \u00e1reas como matem\u00e1tica, artes visuais, ci\u00eancias biol\u00f3gicas, geografia e outras.<\/p>\n\n\n\n<p>Este curso basicamente complementa a forma\u00e7\u00e3o de quem j\u00e1 possui bacharelado e cursos tecnol\u00f3gicos.<\/p>\n\n\n\n<p>\u00c9 importante lembrar que existe uma grande procura por profissionais com conhecimentos t\u00e9cnicos espec\u00edficos para atuarem na doc\u00eancia.<\/p>\n\n\n\n<h2 class=\"wp-block-heading\">Atua\u00e7\u00e3o profissional para licenciados em letras<\/h2>\n\n\n\n<p>A profiss\u00e3o mais conhecida para quem \u00e9 licenciado em letras \u00e9 ser professor\/a de protugues em escolas do ensino b\u00e1sico. Vale lembrar que esta profiss\u00e3o est\u00e1 entre as mais importantes na educa\u00e7\u00e3o brasileira, pois problemas matem\u00e1ticos, textos de hist\u00f3ria, de geografia, demandam interpreta\u00e7\u00e3o de texto que uma \u00e1rea ligada ao portugues e gram\u00e1tica.<\/p>\n\n\n\n<p>&nbsp;No entanto, quem \u00e9 professor de portugues pode complementar a sua renda com v\u00e1rios tipos de trabalho que v\u00e3o al\u00e9m da sala de aula.<\/p>\n\n\n\n<p>Este profissional pode trabalhar em revis\u00e3o de texto, produzir textos acad\u00eamicos e tamb\u00e9m atuar como redator publicit\u00e1rio para ag\u00eancias de marketing digital.&nbsp;&nbsp;<\/p>\n\n\n\n<p>Al\u00e9m disso, o licenciado em letras pode produzir material did\u00e1tico, e atuar como editor verificando textos que atendem aos requisitos de uma determinada editora. Outra atua\u00e7\u00e3o do letr\u00f3logo que se forma em uma licenciatura de letras \u00e9 ser parecerista, ou seja, ser aquela que escolhe os artigos que s\u00e3o submetidos a uma revista cient\u00edfica.<\/p>\n\n\n\n<p>Para encerrar, outra atividade que o letr\u00f3logo pode fazer \u00e9 a reda\u00e7\u00e3o de textos, trabalhando em jornais, revistas, editoras, plataformas educacionais e outras empresas ligadas \u00e0 produ\u00e7\u00e3o textual.<\/p>\n\n\n\n<h2 class=\"wp-block-heading\">Atua\u00e7\u00e3o profissional para os licenciados em matem\u00e1tica<\/h2>\n\n\n\n<p>A licenciatura em matem\u00e1tica prepara o licenciado para lecionar no ensino b\u00e1sico, mas n\u00e3o \u00e9 a \u00fanica profiss\u00e3o que um matem\u00e1tico pode exercer.&nbsp;<\/p>\n\n\n\n<p>No entanto, o ensino em matem\u00e1tica \u00e9 uma profiss\u00e3o muito importante pois forma jovens e crian\u00e7as para muitas a\u00e7\u00f5es cotidianas da vida e tamb\u00e9m para a continuidade em seus estudos.&nbsp;<\/p>\n\n\n\n<p>O licenciado em matem\u00e1tica pode tamb\u00e9m atuar no ensino e exercer uma outra profiss\u00e3o para complementar a sua renda.&nbsp;<\/p>\n\n\n\n<p>As profiss\u00f5es que est\u00e3o no \u00e2mbito da licenciatura em matem\u00e1tica que v\u00e3o al\u00e9m da sala de aula s\u00e3o:&nbsp;<\/p>\n\n\n\n<ul class=\"wp-block-list\"><li>Lecionar aulas particulares,<\/li><li>Lecionar em cursinhos,&nbsp;<\/li><li>Elaborar material did\u00e1tico,&nbsp;<\/li><li>Elaborar quest\u00f5es para concursos plataformas educacionais,&nbsp;<\/li><li>Atuar em centros de pesquisa estat\u00edstica.&nbsp;<\/li><\/ul>\n\n\n\n<p>\u00c9 importante salientar que todas estas profiss\u00f5es podem ser praticadas por causa da flexibilidade que a doc\u00eancia proporciona.<\/p>\n\n\n\n<h2 class=\"wp-block-heading\">Atua\u00e7\u00e3o Profissional para bi\u00f3logos licenciados<\/h2>\n\n\n\n<p>Quem faz licenciatura em biologia pode lecionar para o ensino fundamental e m\u00e9dio e tamb\u00e9m pode atuar em secretarias de educa\u00e7\u00e3o e \u00e1reas relacionadas.<\/p>\n\n\n\n<p>No entanto, o mercado de trabalho para quem faz biologia \u00e9 bastante amplo, podendo trabalhar em ind\u00fastrias, centros de prote\u00e7\u00e3o ambiental, zool\u00f3gicos, laborat\u00f3rio e outras \u00e1reas que abrangem os seres vivos.<\/p>\n\n\n\n<p>Atualmente com os impactos ambientais cada vez maiores, muitas empresas precisam do bi\u00f3logo para estarem de acordo com as novas leis ambientais.<\/p>\n\n\n\n<p>Analisando esta vasta gama de trabalho, quem leciona biologia em uma escola pode tranquilamente complementar a sua renda com muitas atividades profissionais.<\/p>\n\n\n\n<h2 class=\"wp-block-heading\">Atua\u00e7\u00e3o profissional para que \u00e9 licenciado em hist\u00f3ria<\/h2>\n\n\n\n<p>O licenciado em hist\u00f3ria pode primeiramente atuar lecionando em escolas do ensino b\u00e1sico. No entanto, o campo de atua\u00e7\u00e3o deste formando \u00e9 bastante vasto e faz com ele possa complementar a sua renda em muitas profiss\u00f5es.<\/p>\n\n\n\n<p>Vale lembrar, que todo licenciado pode al\u00e7ar tamb\u00e9m a carreira acad\u00eamica objetivando a doc\u00eancia universit\u00e1ria. No ensino superior ele pode lecionar em cursos de hist\u00f3ria, museologia, arquitetura, publicidade, jornalismo e outros.<\/p>\n\n\n\n<p>Por\u00e9m,&nbsp; para quem tem a licenciatura de hist\u00f3ria sem ainda est\u00e1 seguindo a carreira acad\u00eamica as profiss\u00f5es de atua\u00e7\u00e3o que v\u00e3o al\u00e9m da sala de aula s\u00e3o:<\/p>\n\n\n\n<ul class=\"wp-block-list\"><li>Organiza\u00e7\u00e3o de exposi\u00e7\u00f5es<\/li><li>Gest\u00e3o de acervo de museus e \u00f3rg\u00e3os de cultura<\/li><li>Consultoria para pe\u00e7as teatrais<\/li><li>Gest\u00e3o de documentos em arquivos p\u00fablicos e privados<\/li><li>Elabora\u00e7\u00e3o de material did\u00e1tico<\/li><li>e outras<\/li><\/ul>\n\n\n\n<p>Vale lembrar que a carga hor\u00e1ria para professor de hist\u00f3ria \u00e9 bem mais baixa das chagas hor\u00e1rias de portugues e matem\u00e1tica. Em vista disso, o docente de hist\u00f3ria possui muita flexibilidade em rela\u00e7\u00e3o ao seu tempo de trabalho.<\/p>\n\n\n\n<h2 class=\"wp-block-heading\">Atua\u00e7\u00e3o profissional para que \u00e9 licenciado em geografia<\/h2>\n\n\n\n<p>Em rela\u00e7\u00e3o ao ensino, quem \u00e9 licenciado em geografia pode lecionar no ensino b\u00e1sico e tamb\u00e9m no ensino superior no caso de dar seguimento na carreira acad\u00eamica.<\/p>\n\n\n\n<p>No entanto, a geografia \u00e9 uma ci\u00eancia que possui v\u00e1rios campos de atua\u00e7\u00e3o profissional como geopol\u00edtica, ecoturismo, planejamento urbano, planejamento agr\u00edcola, geografia digital e outras profiss\u00f5es.<\/p>\n\n\n\n<p>\u00c9 importante salientar que igualmente o acontece no ensino de hist\u00f3ria, a carga hor\u00e1ria de geografia tanto em escolas p\u00fablicas como em escolas privadas \u00e9 baixa em rela\u00e7\u00e3o \u00e0s disciplinas matem\u00e1tica e portugues.<\/p>\n\n\n\n<p>Portanto, o docente de geografia possui muita flexibilidade em seu tempo de trabalho.<\/p>\n\n\n\n<h2 class=\"wp-block-heading\">Conclus\u00e3o<\/h2>\n\n\n\n<p>Vimos neste texto algumas formas de complemento de renda na profiss\u00e3o docente e como os professores podem utilizar a sua flexibilidade temporal para exercer outras profiss\u00f5es.<\/p>\n\n\n\n<p>No entanto, \u00e9 preciso lembrar que a profiss\u00e3o docente \u00e9 uma profiss\u00e3o nobre que precisa ser melhor valorizada. Neste sentido, quando esta profiss\u00e3o tiver mais valoriza\u00e7\u00e3o os professores poder\u00e3o utilizar todo o seu tempo livre em forma\u00e7\u00e3o.<\/p>\n\n\n\n<div class=\"wp-block-media-text alignwide is-stacked-on-mobile\" style=\"grid-template-columns:22% auto\"><figure class=\"wp-block-media-text__media\"><img loading=\"lazy\" decoding=\"async\" width=\"164\" height=\"164\" src=\"https:\/\/uniplenaeducacional.com.br\/blog\/wp-content\/uploads\/2020\/08\/Design-sem-nome.png\" alt=\"\" class=\"wp-image-222 size-full\" srcset=\"https:\/\/uniplenaeducacional.com.br\/blog\/wp-content\/uploads\/2020\/08\/Design-sem-nome.png 164w, https:\/\/uniplenaeducacional.com.br\/blog\/wp-content\/uploads\/2020\/08\/Design-sem-nome-150x150.png 150w\" sizes=\"(max-width: 164px) 100vw, 164px\" \/><\/figure><div class=\"wp-block-media-text__content\">\n<p class=\"has-small-font-size\"><strong>Pedro Guimar\u00e3es<\/strong>  &#8211; Mestre em m\u00fasica na \u00e1rea de Etnomusicologia pela UNESP. Professor de M\u00fasica e Arte Educador nas seguintes Institui\u00e7\u00f5es: Servi\u00e7o Social da Ind\u00fastria (SESI); Centro de Educa\u00e7\u00e3o Unificada da prefeitura (CEU); Faculdade Anhembi Morumbi; e Instituto Paulo Vanzolini (Forma\u00e7\u00e3o de Professores). M\u00fasico multi-instrumentista e compositor de trilha sonora.<\/p>\n<\/div><\/div>\n\n\n\n<p><\/p>\n","protected":false},"excerpt":{"rendered":"<p>A profiss\u00e3o docente pode muitas vezes apresentar uma grande flexibilidade de hor\u00e1rios, Neste sentido, os professores podem ocupar meio per\u00edodo das horas de trabalhos, sobrando tempo para outras atividades.&nbsp; Existem casos em que o professor&hellip;<\/p>\n<p><a class=\"readmore\" href=\"https:\/\/uniplenaeducacional.com.br\/blog\/docencia-e-complemento-de-renda\/\">Read More<\/a><\/p>\n","protected":false},"author":6,"featured_media":0,"comment_status":"open","ping_status":"open","sticky":false,"template":"","format":"standard","meta":{"footnotes":""},"categories":[1],"tags":[],"class_list":["post-624","post","type-post","status-publish","format-standard","hentry","category-educacao-basica"],"_links":{"self":[{"href":"https:\/\/uniplenaeducacional.com.br\/blog\/wp-json\/wp\/v2\/posts\/624"}],"collection":[{"href":"https:\/\/uniplenaeducacional.com.br\/blog\/wp-json\/wp\/v2\/posts"}],"about":[{"href":"https:\/\/uniplenaeducacional.com.br\/blog\/wp-json\/wp\/v2\/types\/post"}],"author":[{"embeddable":true,"href":"https:\/\/uniplenaeducacional.com.br\/blog\/wp-json\/wp\/v2\/users\/6"}],"replies":[{"embeddable":true,"href":"https:\/\/uniplenaeducacional.com.br\/blog\/wp-json\/wp\/v2\/comments?post=624"}],"version-history":[{"count":1,"href":"https:\/\/uniplenaeducacional.com.br\/blog\/wp-json\/wp\/v2\/posts\/624\/revisions"}],"predecessor-version":[{"id":625,"href":"https:\/\/uniplenaeducacional.com.br\/blog\/wp-json\/wp\/v2\/posts\/624\/revisions\/625"}],"wp:attachment":[{"href":"https:\/\/uniplenaeducacional.com.br\/blog\/wp-json\/wp\/v2\/media?parent=624"}],"wp:term":[{"taxonomy":"category","embeddable":true,"href":"https:\/\/uniplenaeducacional.com.br\/blog\/wp-json\/wp\/v2\/categories?post=624"},{"taxonomy":"post_tag","embeddable":true,"href":"https:\/\/uniplenaeducacional.com.br\/blog\/wp-json\/wp\/v2\/tags?post=624"}],"curies":[{"name":"wp","href":"https:\/\/api.w.org\/{rel}","templated":true}]}}