{"id":616,"date":"2022-12-14T09:00:00","date_gmt":"2022-12-14T09:00:00","guid":{"rendered":"https:\/\/uniplenaeducacional.com.br\/blog\/?p=616"},"modified":"2022-11-18T20:01:35","modified_gmt":"2022-11-18T20:01:35","slug":"10-maneiras-de-aperfeicoar-o-curriculo-como-professor","status":"publish","type":"post","link":"https:\/\/uniplenaeducacional.com.br\/blog\/10-maneiras-de-aperfeicoar-o-curriculo-como-professor\/","title":{"rendered":"10 maneiras de aperfei\u00e7oar o curr\u00edculo como professor"},"content":{"rendered":"\n<p>Atualmente, a carreira docente est\u00e1 relacionada com muitos fatores e aperfei\u00e7oar o curr\u00edculo como professor envolve o aprimoramento em muitas \u00e1reas.&nbsp;<\/p>\n\n\n\n<p>Neste sentido, o professor pode se aprofundar no conhecimento de sua pr\u00f3pria disciplina; pode ampliar o seu conhecimento na aquisi\u00e7\u00e3o do saber tecnol\u00f3gico; pode se direcionar para outras disciplinas; pode estudar gest\u00e3o escolar e muitas outras diferentes forma\u00e7\u00f5es.<\/p>\n\n\n\n<p>As modifica\u00e7\u00f5es sofridas pelo setor educacional s\u00e3o muitas, elas v\u00e3o desde o advento das ferramentas tecnol\u00f3gicas, passando de eventos que aconteceram como a pandemia de COVID -19, e chegando em um panorama atual da escola com muitos desafios.&nbsp;<\/p>\n\n\n\n<p>Neste texto voc\u00ea vai conhecer 10 maneiras de aperfei\u00e7oar o curr\u00edculo como professor frente a esse novo universo escolar.<\/p>\n\n\n\n<h2 class=\"wp-block-heading\">1- Administrar bem o tempo<\/h2>\n\n\n\n<p>Para melhorar a sua carreira profissional, o professor precisa investir seu tempo em forma\u00e7\u00e3o. Contudo, o tempo para os professores \u00e9 um fator muitas vezes dif\u00edcil de administrar.<\/p>\n\n\n\n<p>No entanto, todo profissional docente precisa saber dosar suas horas de trabalho com atividades que contribuam para o seu futuro profissional.<\/p>\n\n\n\n<p>Dentre as atividades que ir\u00e3o contribuir positivamente para o professor ampliar o seu curr\u00edculo est\u00e3o: cursos de atualiza\u00e7\u00e3o e p\u00f3s-gradua\u00e7\u00e3o, cursos de idiomas e tamb\u00e9m ficar informado sobre as \u00faltimas not\u00edcias nos setores educacionais.<\/p>\n\n\n\n<p>Na busca de otimizar o tempo, uma boa dica \u00e9 realizar cursos a dist\u00e2ncia, pois isto diminui o tempo de deslocamento e aumenta o conforto depois de um dia de trabalho na escola.<\/p>\n\n\n\n<h2 class=\"wp-block-heading\">2- Estar por dentro das novidades<\/h2>\n\n\n\n<p>Todo professor que se mant\u00e9m atualizado tem mais chances de crescimento em sua carreira. Assim, voc\u00ea pode se atualizar por meio de sites que trazem novidades escolares, pesquisas, not\u00edcias, processos seletivos e inscri\u00e7\u00f5es para cursos.<\/p>\n\n\n\n<p>Uma forma pr\u00e1tica de se manter atualizado \u00e9 assinar newsletters e receber atualiza\u00e7\u00e3o por meio de inscri\u00e7\u00e3o em blogs.<\/p>\n\n\n\n<p>\u00c9 importante lembrar, que atualmente, as novidades no \u00e2mbito tecnol\u00f3gico e no de a\u00e7\u00f5es e metodologias educacionais est\u00e3o cada vez mais r\u00e1pidas. Ou seja, estas novidades acontecem anualmente ou at\u00e9 de forma semestral.<\/p>\n\n\n\n<h2 class=\"wp-block-heading\">3- Aprender novos idiomas<\/h2>\n\n\n\n<p>Aprender novos idiomas contribui na carreira profissional e enriquece o curr\u00edculo profissional, ampliando muito o grau de contrata\u00e7\u00e3o em um processo seletivo. Al\u00e9m disso, contribui para os estudos e pesquisas, pois o docente pode acessar um vasto acervo de materiais como not\u00edcias, artigos, livros e outras publica\u00e7\u00f5es internacionais.<\/p>\n\n\n\n<p>Com isso, o professor pode ficar bastante informado sobre a educa\u00e7\u00e3o em \u00e2mbito internacional, o que contribui em processos de entrevistas e provas relacionadas a processos seletivos.<\/p>\n\n\n\n<p>Atualmente a amplia\u00e7\u00e3o do conhecimento em idiomas est\u00e1 se tornando um requisito cada vez mais exigido pelas escolas particulares.<\/p>\n\n\n\n<h2 class=\"wp-block-heading\">4- Fazer p\u00f3s-gradua\u00e7\u00e3o em gest\u00e3o escolar<\/h2>\n\n\n\n<p>Esta dica \u00e9 bastante v\u00e1lida especialmente para professores que possuem mais experi\u00eancia na \u00e1rea educacional. Neste sentido, ele pode juntar sua experi\u00eancia com um curso de p\u00f3s sobre gest\u00e3o educacional.<\/p>\n\n\n\n<p>Vale lembrar que as fun\u00e7\u00f5es de um gestor s\u00e3o muitas, entre elas est\u00e3o: Aumentar a efici\u00eancia dos processos institucionais; aumentar a qualidade de ensino; elaborar e executar projetos de ensino entre outras.<\/p>\n\n\n\n<p>Se voc\u00ea quiser por em seu curr\u00edculo profissional a fun\u00e7\u00e3o de gestor escolar, al\u00e9m de fazer um curso de p\u00f3s-gradua\u00e7\u00e3o \u00e9 muito importante manter-se atualizado, pois o gestor precisa saber de todas as atualiza\u00e7\u00f5es que sofre o curr\u00edculo escolar.<\/p>\n\n\n\n<h2 class=\"wp-block-heading\">5-&nbsp; Fazer um curso de psicopedagogia<\/h2>\n\n\n\n<p>Para se tornar um psicopedagogo, voc\u00ea&nbsp; pode fazer este curso posteriormente a uma faculdade de pedagogia ou cursar um bacharelado em psicopedagogia. Esta forma\u00e7\u00e3o amplia o leque de meu curr\u00edculo profissional aumentando as minhas op\u00e7\u00f5es de atua\u00e7\u00e3o no \u00e2mbito escolar.<\/p>\n\n\n\n<p>Esta forma\u00e7\u00e3o vai permitir que um professor possa trabalhar no campo de processos de aprendizagens, podendo atuar na identifica\u00e7\u00e3o de dificuldades e transtornos que podem interferir na aquisi\u00e7\u00e3o do conte\u00fado.&nbsp;<\/p>\n\n\n\n<p>O psicopedagogo pode intervir em casos de evas\u00e3o escolar e de repet\u00eancia.<\/p>\n\n\n\n<p>Portanto, este profissional pode trabalhar na orienta\u00e7\u00e3o pedag\u00f3gica das escolas e tamb\u00e9m na \u00e1rea cl\u00ednica, prestando atendimento para solucionar dificuldades de aprendizado.<\/p>\n\n\n\n<h2 class=\"wp-block-heading\">6- Atuar no campo da produ\u00e7\u00e3o de conte\u00fado<\/h2>\n\n\n\n<p>Uma dica importante para melhorar o curr\u00edculo profissional do professor \u00e9 a produ\u00e7\u00e3o de conte\u00fado. Portanto, no pr\u00f3prio curso de bacharelado, licenciatura ou p\u00f3s-gradua\u00e7\u00e3o \u00e9 importante dedicar algumas horas na produ\u00e7\u00e3o de artigos para revistas cient\u00edficas ou faculdades.<\/p>\n\n\n\n<p>Esta produ\u00e7\u00e3o vai engrossar o seu curr\u00edculo profissional al\u00e9m de fornecer experi\u00eancia na produ\u00e7\u00e3o textual. Esta experi\u00eancia pode ser preciosa no futuro porque voc\u00ea pode se profissionalizar em produtor de conte\u00fados, produtor de material did\u00e1tico, produtor de quest\u00f5es para o ENEM e para o vestibular e muitos outros servi\u00e7os ligados \u00e0 produ\u00e7\u00e3o de textos.<\/p>\n\n\n\n<p>Al\u00e9m de trabalhar no setor educacional, quem possui experi\u00eancia com produ\u00e7\u00e3o de conte\u00fados pode tamb\u00e9m trabalhar para editoras de materiais did\u00e1ticos e tamb\u00e9m elaborar livros did\u00e1ticos de sua pr\u00f3pria autoria.<\/p>\n\n\n\n<h2 class=\"wp-block-heading\">7- Fazer p\u00f3s-gradua\u00e7\u00e3o em psicomotricidade<\/h2>\n\n\n\n<p>Uma das maneiras de aperfei\u00e7oar o curr\u00edculo como professor \u00e9 a realiza\u00e7\u00e3o da p\u00f3s-gradua\u00e7\u00e3o em psicomotricidade. Este curso vai proporcionar ao docente uma atua\u00e7\u00e3o no campo da educa\u00e7\u00e3o especial.<\/p>\n\n\n\n<p>Atualmente, uma lei que est\u00e1 demandando muitas adapta\u00e7\u00f5es por parte das escolas \u00e9 a lei n\u00ba 7.853\/89 que apoia as crian\u00e7as e adolescentes portadores de defici\u00eancias na escola.<\/p>\n\n\n\n<p>Neste sentido, o papel do pedagogo especializado em psicomotricidade \u00e9 muito grande e dividido em muitas fun\u00e7\u00f5es como: a promo\u00e7\u00e3o do desenvolvimento integral da crian\u00e7a e o equil\u00edbrio dos aspectos f\u00edsicos, afetivos, socioculturais e mentais.<\/p>\n\n\n\n<p>Al\u00e9m da educa\u00e7\u00e3o em escolas formais, este pedagogo pode atuar em ONGs que promovem e colaboram na inclus\u00e3o de crian\u00e7as nas escolas regulares.<\/p>\n\n\n\n<h2 class=\"wp-block-heading\">8- Estudar metodologias inovadoras e apostar na tecnologia<\/h2>\n\n\n\n<p>O estudo e pesquisa de metodologias que est\u00e3o cada vez mais atualizadas \u00e9 uma a\u00e7\u00e3o positiva que vai melhorar seu curr\u00edculo profissional. Portanto, fazer cursos sobre metodologias ativas, escola h\u00edbrida, escola disruptiva, sala de aula invertida, vai ampliar suas chances de contrata\u00e7\u00e3o no setor educacional.<\/p>\n\n\n\n<p>Al\u00e9m de voc\u00ea se destacar como profissional vai ajudar os alunos a aprenderem de maneira mais din\u00e2mica e in\u00e9dita.<\/p>\n\n\n\n<p>No entanto, estas novas metodologias na atualidade est\u00e3o intrinsecamente conectadas com a tecnologia de informa\u00e7\u00e3o e comunica\u00e7\u00e3o. Portanto, o dom\u00ednio de algumas ferramentas tecnol\u00f3gicas voltadas para a metodologia EAD vai fornecer um preparo para o seu futuro na doc\u00eancia.<\/p>\n\n\n\n<p>Al\u00e9m disso, o aprendizado sobre o uso de plataformas educacionais e recursos digitais ir\u00e3o ajudar em fornecer um aprendizado inovador tornando o seu trabalho mais pr\u00e1tico.<\/p>\n\n\n\n<h2 class=\"wp-block-heading\">9- Realizar um curso de forma\u00e7\u00e3o pedag\u00f3gica<\/h2>\n\n\n\n<p>Muitas pessoas possuem uma primeira forma\u00e7\u00e3o e at\u00e9 uma grande experi\u00eancia profissional, mas n\u00e3o est\u00e3o aptas e habilitadas para o ensino.<\/p>\n\n\n\n<p>Neste caso \u00e9 preciso fazer uma forma\u00e7\u00e3o pedag\u00f3gica. Este curso habilita o profissional a lecionar. Este curso \u00e9 ideal para quem j\u00e1 tem um amplo curr\u00edculo profissional,mas quer tamb\u00e9m trabalhar no ensino. Assim este profissional vai trazer toda a sua experi\u00eancia para o campo educacional fornecendo muitas vantagens para os alunos.<\/p>\n\n\n\n<p>Para dar alguns exemplos, profissionais formados em engenharia podem ser habilitados para dar aulas de matem\u00e1tica e f\u00edsica, profissionais formados em comunica\u00e7\u00e3o podem dar aulas de portugues e reda\u00e7\u00e3o com esta habilita\u00e7\u00e3o.<\/p>\n\n\n\n<h2 class=\"wp-block-heading\">10 &#8211; Atuar como pedagogo hospitalar<\/h2>\n\n\n\n<p>Para melhorar e ampliar o curr\u00edculo profissional docente uma boa op\u00e7\u00e3o \u00e9 a atua\u00e7\u00e3o no campo hospitalar. No entanto, para esta atua\u00e7\u00e3o voc\u00ea precisa fazer um curso espec\u00edfico de pedagogia hospitalar.&nbsp;<\/p>\n\n\n\n<p>O pedagogo hospitalar atua em hospitais para diminuir os preju\u00edzos educacionais e psicol\u00f3gicos de crian\u00e7as e adolescentes que est\u00e3o internados. Estes jovens podem perder boa parte do ano letivo tendo sua educa\u00e7\u00e3o bastante prejudicada.<\/p>\n\n\n\n<p>No entanto, o pedagogo hospitalar n\u00e3o pode atuar estritamente no ensino ele precisa prestar apoio human\u00edstico para minimizar todo o processo traum\u00e1tico que acarreta uma interna\u00e7\u00e3o.<\/p>\n\n\n\n<p>Neste sentido, este profissional precisa adaptar as metas educacionais a cada caso individual e trabalhar t\u00e9cnicas de ensino que respeitem o limite de cada paciente.<\/p>\n\n\n\n<h2 class=\"wp-block-heading\">Conclus\u00e3o<\/h2>\n\n\n\n<p>Vimos neste texto que a profiss\u00e3o docente \u00e9 muito vari\u00e1vel e n\u00e3o se limita apenas ao \u00e2mbito da escola ou educa\u00e7\u00e3o formal e regular, portanto, este profissional pode atuar em v\u00e1rios campos, dependendo apenas de seu esfor\u00e7o pessoal.<\/p>\n\n\n\n<p>Por\u00e9m, vale lembrar que nem sempre os professores disp\u00f5em de tempo para o seu aperfei\u00e7oamento e por isso este profissional algumas vezes precisa dialogar com seus contratantes para adquirir mais tempo para a sua forma\u00e7\u00e3o.<\/p>\n\n\n\n<p>Vale lembrar que a forma\u00e7\u00e3o do professor vai fornecer qualidade e oportunidade n\u00e3o somente para ele e sim para possibilitar um ensino de qualidade, promovendo os alunos e at\u00e9 as pr\u00f3prias escolas.<\/p>\n\n\n\n<div class=\"wp-block-media-text alignwide is-stacked-on-mobile\" style=\"grid-template-columns:22% auto\"><figure class=\"wp-block-media-text__media\"><img loading=\"lazy\" decoding=\"async\" width=\"164\" height=\"164\" src=\"https:\/\/uniplenaeducacional.com.br\/blog\/wp-content\/uploads\/2020\/08\/Design-sem-nome.png\" alt=\"\" class=\"wp-image-222 size-full\" srcset=\"https:\/\/uniplenaeducacional.com.br\/blog\/wp-content\/uploads\/2020\/08\/Design-sem-nome.png 164w, https:\/\/uniplenaeducacional.com.br\/blog\/wp-content\/uploads\/2020\/08\/Design-sem-nome-150x150.png 150w\" sizes=\"(max-width: 164px) 100vw, 164px\" \/><\/figure><div class=\"wp-block-media-text__content\">\n<p class=\"has-small-font-size\"><strong>Pedro Guimar\u00e3es<\/strong>  &#8211; Mestre em m\u00fasica na \u00e1rea de Etnomusicologia pela UNESP. Professor de M\u00fasica e Arte Educador nas seguintes Institui\u00e7\u00f5es: Servi\u00e7o Social da Ind\u00fastria (SESI); Centro de Educa\u00e7\u00e3o Unificada da prefeitura (CEU); Faculdade Anhembi Morumbi; e Instituto Paulo Vanzolini (Forma\u00e7\u00e3o de Professores). M\u00fasico multi-instrumentista e compositor de trilha sonora.<\/p>\n<\/div><\/div>\n\n\n\n<p><\/p>\n","protected":false},"excerpt":{"rendered":"<p>Atualmente, a carreira docente est\u00e1 relacionada com muitos fatores e aperfei\u00e7oar o curr\u00edculo como professor envolve o aprimoramento em muitas \u00e1reas.&nbsp; Neste sentido, o professor pode se aprofundar no conhecimento de sua pr\u00f3pria disciplina; pode&hellip;<\/p>\n<p><a class=\"readmore\" href=\"https:\/\/uniplenaeducacional.com.br\/blog\/10-maneiras-de-aperfeicoar-o-curriculo-como-professor\/\">Read More<\/a><\/p>\n","protected":false},"author":6,"featured_media":0,"comment_status":"open","ping_status":"open","sticky":false,"template":"","format":"standard","meta":{"footnotes":""},"categories":[1],"tags":[],"class_list":["post-616","post","type-post","status-publish","format-standard","hentry","category-educacao-basica"],"_links":{"self":[{"href":"https:\/\/uniplenaeducacional.com.br\/blog\/wp-json\/wp\/v2\/posts\/616"}],"collection":[{"href":"https:\/\/uniplenaeducacional.com.br\/blog\/wp-json\/wp\/v2\/posts"}],"about":[{"href":"https:\/\/uniplenaeducacional.com.br\/blog\/wp-json\/wp\/v2\/types\/post"}],"author":[{"embeddable":true,"href":"https:\/\/uniplenaeducacional.com.br\/blog\/wp-json\/wp\/v2\/users\/6"}],"replies":[{"embeddable":true,"href":"https:\/\/uniplenaeducacional.com.br\/blog\/wp-json\/wp\/v2\/comments?post=616"}],"version-history":[{"count":1,"href":"https:\/\/uniplenaeducacional.com.br\/blog\/wp-json\/wp\/v2\/posts\/616\/revisions"}],"predecessor-version":[{"id":617,"href":"https:\/\/uniplenaeducacional.com.br\/blog\/wp-json\/wp\/v2\/posts\/616\/revisions\/617"}],"wp:attachment":[{"href":"https:\/\/uniplenaeducacional.com.br\/blog\/wp-json\/wp\/v2\/media?parent=616"}],"wp:term":[{"taxonomy":"category","embeddable":true,"href":"https:\/\/uniplenaeducacional.com.br\/blog\/wp-json\/wp\/v2\/categories?post=616"},{"taxonomy":"post_tag","embeddable":true,"href":"https:\/\/uniplenaeducacional.com.br\/blog\/wp-json\/wp\/v2\/tags?post=616"}],"curies":[{"name":"wp","href":"https:\/\/api.w.org\/{rel}","templated":true}]}}