{"id":606,"date":"2022-11-25T09:00:00","date_gmt":"2022-11-25T09:00:00","guid":{"rendered":"https:\/\/uniplenaeducacional.com.br\/blog\/?p=606"},"modified":"2022-11-18T19:54:04","modified_gmt":"2022-11-18T19:54:04","slug":"docencia-como-solucao-da-instabilidade-profissional","status":"publish","type":"post","link":"https:\/\/uniplenaeducacional.com.br\/blog\/docencia-como-solucao-da-instabilidade-profissional\/","title":{"rendered":"Doc\u00eancia como solu\u00e7\u00e3o da instabilidade profissional"},"content":{"rendered":"\n<p>Apesar de ainda n\u00e3o ser valorizada de acordo com seu merecimento, a carreira docente atualmente \u00e9 uma \u00f3tima solu\u00e7\u00e3o para a instabilidade profissional. Al\u00e9m disso, a doc\u00eancia abre um leque de atividades profissionais em que os professores tamb\u00e9m podem atuar.<\/p>\n\n\n\n<p>Assim, o professor\/a pode produzir materiais did\u00e1ticos para editoras, produzir textos para plataformas educacionais e at\u00e9 trabalhar em setores diferentes da escola como Ongs, hospitais e departamentos de recursos humanos.<\/p>\n\n\n\n<p>Outro ponto positivo da doc\u00eancia \u00e9 a conquista da estabilidade por meio de concursos p\u00fablicos para ensinar em escolas p\u00fablicas municipais, federais e estaduais.<\/p>\n\n\n\n<p>Neste texto vamos conhecer v\u00e1rias vantagens que est\u00e3o presentes no campo da doc\u00eancia. Estas vantagens est\u00e3o relacionadas com muitos fatores como: Vantagens da profiss\u00e3o docente, possibilidades de trabalho, estabilidade, flexibilidade e carreira.<\/p>\n\n\n\n<h2 class=\"wp-block-heading\">Vantagens da profiss\u00e3o docente<\/h2>\n\n\n\n<p>Atualmente, ter uma forma\u00e7\u00e3o inicial de professor e ser habilitado a ingressar no trabalho docente \u00e9 muito vantajoso.<\/p>\n\n\n\n<p>Sabemos que o campo geral do trabalho sofreu muitas mudan\u00e7as e reformas com a diminui\u00e7\u00e3o dos contratos regidos pela CLT e o aumento da modalidade MEI ( micro empresa individual).<\/p>\n\n\n\n<p>Esta situa\u00e7\u00e3o gerou muita instabilidade no campo do trabalho com servi\u00e7os tempor\u00e1rios, contratos de curta dura\u00e7\u00e3o e contratos com baixa remunera\u00e7\u00e3o.<\/p>\n\n\n\n<p>Neste sentido, cursar uma faculdade de pedagogia ou uma licenciatura se tornou uma \u00f3tima op\u00e7\u00e3o nos dias de hoje.&nbsp;<\/p>\n\n\n\n<p>Mesmo com as dificuldades conhecidas da escola como indisciplina dos alunos, estresse, horas de trabalho que v\u00e3o al\u00e9m da sala de aula e outros problemas, trabalhar com o ensino est\u00e1 se tornando mais vantajoso quando se compara com o cen\u00e1rio atual do campo de trabalho.<\/p>\n\n\n\n<p>Quando perguntamos: Porque a doc\u00eancia pode ser uma solu\u00e7\u00e3o para a instabilidade profissional? A respostas est\u00e1 nos fatores citados abaixo:&nbsp;<\/p>\n\n\n\n<ul class=\"wp-block-list\"><li>Estabilidade<\/li><li>Carreira<\/li><li>Diversidade do campo de trabalho<\/li><li>Flexibilidade<\/li><\/ul>\n\n\n\n<h2 class=\"wp-block-heading\">Possibilidades de trabalho do pedagogo e licenciado<\/h2>\n\n\n\n<p>O campo de trabalho dos professores se ampliou muito nos dias de hoje, antigamente o trabalho do professor\/a se limitava a uma sala de aula. Atualmente esta situa\u00e7\u00e3o se modificou com as modalidades Eads, plataformas educacionais, modelos h\u00edbridos, monitorias e outras atua\u00e7\u00f5es docentes.<\/p>\n\n\n\n<p>Al\u00e9m disso, o campo de trabalho dos professores se ampliou com ofertas de trabalho educacionais em hospitais, Ongs, RHs e outros espa\u00e7os.<\/p>\n\n\n\n<p>Agora vamos elencar os espa\u00e7os em que o professor\/a formado em pedagogia e licenciatura pode atuar:<\/p>\n\n\n\n<h3 class=\"wp-block-heading\">1- Pedagogo em sala de aula&nbsp;<\/h3>\n\n\n\n<p>Para quem cursou uma faculdade de pedagogia trabalhar em sala de aula \u00e9 uma possibilidade promissora. Neste sentido, \u00e9 um ambiente desafiador, de pesquisa e de criatividade. Entre os setores que o pedagogo pode trabalhar est\u00e3o:<\/p>\n\n\n\n<ul class=\"wp-block-list\"><li><strong>Educa\u00e7\u00e3o Infantil:<\/strong> O pedagogo est\u00e1 habilitado para trabalhar com crian\u00e7as de 0 a 6 anos de idade. Nestas primeiras etapas da educa\u00e7\u00e3o, o foco principal \u00e9 o desenvolvimento integral das crian\u00e7as que abarca o \u00e2mbito cognitivo, s\u00f3cio emocional, psicomotor e f\u00edsico.<\/li><\/ul>\n\n\n\n<ul class=\"wp-block-list\"><li><strong>S\u00e9ries iniciais: <\/strong>Quem se formou em pedagogia pode trabalhar tamb\u00e9m com as s\u00e9ries que v\u00e3o do primeiro ao quinto ano. O foco principal \u00e9 a alfabetiza\u00e7\u00e3o, as linguagens art\u00edsticas e formas de express\u00e3o e o saber cultural.<\/li><\/ul>\n\n\n\n<ul class=\"wp-block-list\"><li><strong>EJA ( Educa\u00e7\u00e3o de Jovens e Adultos):<\/strong> Neste setor o pedagogo vai lecionar para um p\u00fablico que n\u00e3o teve oportunidade de cursar a escola regular. Por este motivo, a din\u00e2mica das aulas precisa ser muito diferenciada.<\/li><\/ul>\n\n\n\n<h3 class=\"wp-block-heading\">2- Gest\u00e3o escolar e pedagogia<\/h3>\n\n\n\n<p>Quem cursou uma faculdade de pedagogia pode trabalhar com gest\u00e3o educacional em 3 \u00e1reas: Supervis\u00e3o, coordena\u00e7\u00e3o e dire\u00e7\u00e3o. Neste sentido, fazer um curso direcionado para a doc\u00eancia faz ao mesmo tempo um caminho para a gest\u00e3o escolar, uma \u00e1rea bastante cobi\u00e7ada por causa da maior remunera\u00e7\u00e3o.&nbsp;<\/p>\n\n\n\n<p>Outra fun\u00e7\u00e3o que pode ser alcan\u00e7ada com a faculdade de pedagogia \u00e9 a de orientador educacional, que orienta os alunos em quest\u00f5es de forma\u00e7\u00e3o e vocacionais.<\/p>\n\n\n\n<h3 class=\"wp-block-heading\">3- Licenciado em sala de aula<\/h3>\n\n\n\n<p>Para quem cursou uma faculdade de licenciatura e quer trabalhar em sala de aula existem 2 possibilidades principais: O fundamental II e o ensino m\u00e9dio<\/p>\n\n\n\n<ul class=\"wp-block-list\"><li><strong>Fundamental II:<\/strong> aulas de v\u00e1rias disciplinas como hist\u00f3ria, geografia, matem\u00e1tica portugues e outras que s\u00e3o lecionadas no sexto ano at\u00e9 o nono.<\/li><li><strong>Ensino m\u00e9dio: <\/strong>Aulas de v\u00e1rias disciplinas como f\u00edsica, biologia, filosofia sociologia e outras do primeiro ano ao terceiro.<\/li><\/ul>\n\n\n\n<h2 class=\"wp-block-heading\">Estabilidade na profiss\u00e3o docente<\/h2>\n\n\n\n<p>O setor de mais estabilidade na profiss\u00e3o docente \u00e9 o setor p\u00fablico, lecionar em escolas p\u00fablicas estaduais, municipais e at\u00e9 federais garante uma grande estabilidade financeira. No entanto, vale lembrar que o professor ainda \u00e9 ainda um pouco desvalorizado e existem muitas discrep\u00e2ncias em torno da lei do piso salarial.<\/p>\n\n\n\n<p>&nbsp;Por\u00e9m, mesmo com todos os problemas presentes na educa\u00e7\u00e3o p\u00fablica, uma estabilidade conquistada nos dias de hoje \u00e9 uma grande vantagem.<\/p>\n\n\n\n<p>para prestar concurso para professor \u00e9 importante ter em mente alguns passos como:<\/p>\n\n\n\n<p>definir o cargo: Professor, pedagogo ou coordenador. Definindo&nbsp; cargo voc\u00ea pode estudar melhor para a prova de conhecimentos espec\u00edficos.<\/p>\n\n\n\n<p>Pesquisa os concurso que ser\u00e3o realizados: Pesquise sites que trazem informa\u00e7\u00f5es sobre concursos em andamento e lan\u00e7amentos de editais.<\/p>\n\n\n\n<p>Planeje o estudo: Tente pesquisar outros concursos da \u00e1rea que voc\u00ea deseja e estude a mat\u00e9ria que cai nesses concursos. voc\u00ea pode fazer um curso intensivo focado para concursos de professores tamb\u00e9m.<\/p>\n\n\n\n<p>A aprova\u00e7\u00e3o em concurso \u00e9 um dos meios de ingresso para \u00e1rea. Muitos exaltam a desvaloriza\u00e7\u00e3o da profiss\u00e3o, mas veja a seguir algumas vantagens adquiridas em caso de aprova\u00e7\u00e3o nos concursos para professores.<\/p>\n\n\n\n<p>Algumas vantagens do professor concursado s\u00e3o o piso salarial mais alto que algumas escolas particulares, planos de carreira com incentivo para qualifica\u00e7\u00e3o profissional e licen\u00e7a remunerada.<\/p>\n\n\n\n<p>Al\u00e9m disso, a legisla\u00e7\u00e3o que prev\u00ea as regras e os benef\u00edcios para a carreira de professor concede adicional de tempo de servi\u00e7o, licen\u00e7a-pr\u00eamio, progress\u00e3o salarial conforme a \u00e1rea de atua\u00e7\u00e3o.<\/p>\n\n\n\n<p>Outra vantagem importante na carreira dos professores concursados \u00e9 a aposentadoria integral, assim , a aposentadoria tem base na \u00faltima remunera\u00e7\u00e3o do cargo e n\u00e3o tem teto salarial definido.<\/p>\n\n\n\n<h2 class=\"wp-block-heading\">flexibilidade<\/h2>\n\n\n\n<p>A flexibilidade da profiss\u00e3o docente est\u00e1 relacionada com suas horas de trabalho. Portanto, se o professor trabalhar com cargas hor\u00e1rias de 10h e 20h semanais ele pode trabalhar em outras profiss\u00f5es.<\/p>\n\n\n\n<p>No entanto, se ele trabalhar no regime de 40 horas semanais j\u00e1 fica mais dif\u00edcil este segundo emprego. \u00c9 importante lembrar que muitos professores trabalham em empregos que est\u00e3o relacionados com sua doc\u00eancia.<\/p>\n\n\n\n<p>Assim, profissionais de engenharia podem lecionar aulas de matem\u00e1tica, redatores, tradutores que fizeram licenciatura em letras, podem lecionar aulas de portugues entre outras profiss\u00f5es.<\/p>\n\n\n\n<p>Outro fator importante a mencionar \u00e9 que os regimes de aulas na rede p\u00fablica s\u00e3o divididos em dois modelos: de 25 horas e 40 horas semanais.<\/p>\n\n\n\n<p>Segundo o \u00faltimo decreto n\u00ba 66.793 de maio de 2022, o professor \u00e9 contratado pela jornada completa de trabalho docente de 25 horas e pela jornada ampliada com 40 aulas semanais. No entanto, os professores podem optar por trabalhar com cargas hor\u00e1rias m\u00ednimas entre 10 e 14 horas semanais.<\/p>\n\n\n\n<p>Estas condi\u00e7\u00f5es ajudam ao profissional docente dispor de 2 empregos utilizando as flexibilidades das cargas hor\u00e1rias.&nbsp;<\/p>\n\n\n\n<p>Assim, para complementar a sua renda pode trabalhar como produtor de conte\u00fado, material did\u00e1tico, quest\u00f5es para o enem e vestibular entre outras fun\u00e7\u00f5es.<\/p>\n\n\n\n<p>Estes tipos de trabalhos o professor pode realizar em sua casa e s\u00e3o compat\u00edveis com a doc\u00eancia e pesquisa. Portanto, ele pode trabalhar com assuntos que v\u00e3o somar com a sua pesquisa docente e at\u00e9 melhorar as suas aulas.<\/p>\n\n\n\n<h2 class=\"wp-block-heading\">Conclus\u00e3o<\/h2>\n\n\n\n<p>Neste texto vimos como a profiss\u00e3o docente pode ser positiva para lhe dar com a instabilidade atual de v\u00e1rias profiss\u00f5es. Neste sentido, vimos que o trabalho na rede p\u00fablica de ensino proporciona grande estabilidade, forma\u00e7\u00e3o e carreira.<\/p>\n\n\n\n<p>Em contrapartida, trabalhando ou n\u00e3o na rede p\u00fablica ele pode complementar a sua com trabalhos que s\u00e3o compat\u00edveis com a doc\u00eancia e pesquisa, utilizando a sua horas n\u00e3o trabalhadas para a produ\u00e7\u00e3o textual.<\/p>\n\n\n\n<p>No entanto, \u00e9 importante lembrar que mesmo com estas facilidades o professor ainda n\u00e3o \u00e9 valorizado completamente, mas muitas reivindica\u00e7\u00f5es da classe\u00a0 foram alcan\u00e7adas, tornando essa profiss\u00e3o mais cobi\u00e7ada nos dias atuais.<\/p>\n\n\n\n<div class=\"wp-block-media-text alignwide is-stacked-on-mobile\" style=\"grid-template-columns:22% auto\"><figure class=\"wp-block-media-text__media\"><img loading=\"lazy\" decoding=\"async\" width=\"164\" height=\"164\" src=\"https:\/\/uniplenaeducacional.com.br\/blog\/wp-content\/uploads\/2020\/08\/Design-sem-nome.png\" alt=\"\" class=\"wp-image-222 size-full\" srcset=\"https:\/\/uniplenaeducacional.com.br\/blog\/wp-content\/uploads\/2020\/08\/Design-sem-nome.png 164w, https:\/\/uniplenaeducacional.com.br\/blog\/wp-content\/uploads\/2020\/08\/Design-sem-nome-150x150.png 150w\" sizes=\"(max-width: 164px) 100vw, 164px\" \/><\/figure><div class=\"wp-block-media-text__content\">\n<p class=\"has-small-font-size\"><strong>Pedro Guimar\u00e3es<\/strong>  &#8211; Mestre em m\u00fasica na \u00e1rea de Etnomusicologia pela UNESP. Professor de M\u00fasica e Arte Educador nas seguintes Institui\u00e7\u00f5es: Servi\u00e7o Social da Ind\u00fastria (SESI); Centro de Educa\u00e7\u00e3o Unificada da prefeitura (CEU); Faculdade Anhembi Morumbi; e Instituto Paulo Vanzolini (Forma\u00e7\u00e3o de Professores). M\u00fasico multi-instrumentista e compositor de trilha sonora.<\/p>\n<\/div><\/div>\n\n\n\n<p><\/p>\n","protected":false},"excerpt":{"rendered":"<p>Apesar de ainda n\u00e3o ser valorizada de acordo com seu merecimento, a carreira docente atualmente \u00e9 uma \u00f3tima solu\u00e7\u00e3o para a instabilidade profissional. Al\u00e9m disso, a doc\u00eancia abre um leque de atividades profissionais em que&hellip;<\/p>\n<p><a class=\"readmore\" href=\"https:\/\/uniplenaeducacional.com.br\/blog\/docencia-como-solucao-da-instabilidade-profissional\/\">Read More<\/a><\/p>\n","protected":false},"author":6,"featured_media":0,"comment_status":"open","ping_status":"open","sticky":false,"template":"","format":"standard","meta":{"footnotes":""},"categories":[1],"tags":[],"class_list":["post-606","post","type-post","status-publish","format-standard","hentry","category-educacao-basica"],"_links":{"self":[{"href":"https:\/\/uniplenaeducacional.com.br\/blog\/wp-json\/wp\/v2\/posts\/606"}],"collection":[{"href":"https:\/\/uniplenaeducacional.com.br\/blog\/wp-json\/wp\/v2\/posts"}],"about":[{"href":"https:\/\/uniplenaeducacional.com.br\/blog\/wp-json\/wp\/v2\/types\/post"}],"author":[{"embeddable":true,"href":"https:\/\/uniplenaeducacional.com.br\/blog\/wp-json\/wp\/v2\/users\/6"}],"replies":[{"embeddable":true,"href":"https:\/\/uniplenaeducacional.com.br\/blog\/wp-json\/wp\/v2\/comments?post=606"}],"version-history":[{"count":1,"href":"https:\/\/uniplenaeducacional.com.br\/blog\/wp-json\/wp\/v2\/posts\/606\/revisions"}],"predecessor-version":[{"id":607,"href":"https:\/\/uniplenaeducacional.com.br\/blog\/wp-json\/wp\/v2\/posts\/606\/revisions\/607"}],"wp:attachment":[{"href":"https:\/\/uniplenaeducacional.com.br\/blog\/wp-json\/wp\/v2\/media?parent=606"}],"wp:term":[{"taxonomy":"category","embeddable":true,"href":"https:\/\/uniplenaeducacional.com.br\/blog\/wp-json\/wp\/v2\/categories?post=606"},{"taxonomy":"post_tag","embeddable":true,"href":"https:\/\/uniplenaeducacional.com.br\/blog\/wp-json\/wp\/v2\/tags?post=606"}],"curies":[{"name":"wp","href":"https:\/\/api.w.org\/{rel}","templated":true}]}}