{"id":604,"date":"2022-11-23T09:00:00","date_gmt":"2022-11-23T09:00:00","guid":{"rendered":"https:\/\/uniplenaeducacional.com.br\/blog\/?p=604"},"modified":"2022-11-18T19:52:34","modified_gmt":"2022-11-18T19:52:34","slug":"qual-melhor-forma-de-entrar-na-carreira-docente","status":"publish","type":"post","link":"https:\/\/uniplenaeducacional.com.br\/blog\/qual-melhor-forma-de-entrar-na-carreira-docente\/","title":{"rendered":"Qual melhor forma de entrar na carreira docente"},"content":{"rendered":"\n<p>A carreira docente \u00e9 uma das carreiras profissionais mais importantes da sociedade, pois ela faz parte da base social de todos os pa\u00edses. Neste sentido, o ensino n\u00e3o \u00e9 somente um direito salvaguardado pela constitui\u00e7\u00e3o federal, ele faz parte da constitui\u00e7\u00e3o do corpo social de todas as na\u00e7\u00f5es.<\/p>\n\n\n\n<p>Portanto, os professores est\u00e3o na base de uma sociedade e s\u00e3o um dos pilares dos valores, culturas, conhecimentos praticados por ela.<\/p>\n\n\n\n<p>Para entrar na carreira docente \u00e9 preciso inicialmente ter consci\u00eancia do valor desta profiss\u00e3o e posteriormente ingressar em uma faculdade de licenciatura ou de pedagogia.<\/p>\n\n\n\n<p>No entanto,no caso das licenciaturas, al\u00e9m dessas a\u00e7\u00f5es \u00e9 preciso definir tamb\u00e9m uma disciplina&nbsp; que voc\u00ea tem mais aptid\u00e3o e que se alinha melhor.<\/p>\n\n\n\n<p>Neste texto voc\u00ea vai conhecer alguns caminhos positivos para entrar na carreira docente.&nbsp;<\/p>\n\n\n\n<h2 class=\"wp-block-heading\">Identifica\u00e7\u00e3o da voca\u00e7\u00e3o<\/h2>\n\n\n\n<p>Para planejar uma carreira de professor que seja produtiva \u00e9 preciso identificar a voca\u00e7\u00e3o anteriormente. Ou seja, esta carreira precisa estar alinhada com o sonho pessoal e com uma voca\u00e7\u00e3o para o ensino que se traduza por uma uma vis\u00e3o altru\u00edsta.<\/p>\n\n\n\n<p>Uma voca\u00e7\u00e3o para o ensino est\u00e1 intrinsecamente relacionada com uma vis\u00e3o hist\u00f3rica e social. Portanto a voca\u00e7\u00e3o docente n\u00e3o se resume a ensinar uma determinada disciplina, ela vai mais longe, focada na forma\u00e7\u00e3o do indiv\u00edduo e na forma\u00e7\u00e3o cultural da sociedade.<\/p>\n\n\n\n<p>Neste sentido, o professor contribui na forma\u00e7\u00e3o dos indiv\u00edduos com o prop\u00f3sito de os tornarem pessoas aut\u00f4nomas e cr\u00edticas face a quaisquer mudan\u00e7as impostas por for\u00e7as que atuam independente de nossas a\u00e7\u00f5es ou vontades.<\/p>\n\n\n\n<h2 class=\"wp-block-heading\">Efetuar uma forma\u00e7\u00e3o inicial<\/h2>\n\n\n\n<p>Depois de identificar sua voca\u00e7\u00e3o para o ensino \u00e9 necess\u00e1rio escolher um caminho para o seu trabalho e pesquisa. vale lembrar, que o professor \u00e9 um pesquisador incans\u00e1vel, pois ele precisa pesquisar a sua pr\u00e1tica e tamb\u00e9m as bases te\u00f3ricas que estas pr\u00e1ticas est\u00e3o fundamentadas.<\/p>\n\n\n\n<p>Se o professor\/a tem afinidade com o ensino inicial e os processos cognitivos da inf\u00e2ncia, o melhor caminho \u00e9 o curso de pedagogia. Este curso habilita os professores a lecionar nos per\u00edodos iniciais do ensino b\u00e1sico que vai do primeiro ano ao quinto ano do fundamental.<\/p>\n\n\n\n<p>No entanto, se o professor tem uma afinidade com alguma disciplina do conhecimento como hist\u00f3ria, geografia, biologia, matem\u00e1tica e outras, o melhor caminho \u00e9 cursar uma licenciatura. Assim ele estar\u00e1 apto a lecionar no sexto ano do fundamental ao terceiro ano do ensino m\u00e9dio.<\/p>\n\n\n\n<h2 class=\"wp-block-heading\">Escolher uma institui\u00e7\u00e3o de ensino<\/h2>\n\n\n\n<p>Tanto em cursos de pedagogia como licenciaturas \u00e9 preciso verificar se&nbsp; a faculdade tem credenciamento no MEC ( Minist\u00e9rio da educa\u00e7\u00e3o). Este credenciamento, vai garantir que seu curso tenha validade em todo oterrit\u00f3rio nacional, al\u00e9m de ter reconhecimento no mercado.<\/p>\n\n\n\n<p>Alguns requisitos b\u00e1sicos que um institui\u00e7\u00e3o precisa ter s\u00e3o:<\/p>\n\n\n\n<ul class=\"wp-block-list\"><li>Ensino de qualidade<\/li><li>Adequa\u00e7\u00e3o do curso a BNCC<\/li><li>Modalidades diversificadas como presencial, semipresencial e Ead<\/li><li>Docentes altamente capacitados.<\/li><\/ul>\n\n\n\n<h2 class=\"wp-block-heading\">Fixar metas e objetivos<\/h2>\n\n\n\n<p>Para entrar na carreira docente \u00e9 preciso tamb\u00e9m fixar algumas metas e objetivos, esta atitude vai fortalecer o seu caminho diante de dificuldades como falta de valoriza\u00e7\u00e3o profissional, problemas com a indisciplina dos alunos.&nbsp;<\/p>\n\n\n\n<p>Al\u00e9m disso, \u00e9 importante fixar objetivos at\u00e9 para organizar o seu tempo, deixando um tempo reservado para a sua forma\u00e7\u00e3o e aprimoramento.<\/p>\n\n\n\n<p>O estabelecimento de metas vai lhe proporcionar um caminho visando uma carreira, assim voc\u00ea pode al\u00e7ar uma carreira de professor para depois planejar um ingresso aos n\u00edveis de gest\u00e3o educacional como coordena\u00e7\u00e3o, dire\u00e7\u00e3o e supervis\u00e3o.<\/p>\n\n\n\n<p>Por outro lado, voc\u00ea pode tamb\u00e9m estabelecer uma carreira na pesquisa educacional visando a doc\u00eancia em cursos superiores.<\/p>\n\n\n\n<h2 class=\"wp-block-heading\">Prestar concursos<\/h2>\n\n\n\n<p>O concurso p\u00fablico para professores \u00e9 um bom caminho na carreira, por oferecer uma estabilidade inexistente no \u00e2mbito das escolas particulares.<\/p>\n\n\n\n<p>No entanto, para prestar concurso para professor \u00e9 importante prestar aten\u00e7\u00e3o no edital pr\u00f3prio de cada concurso.<\/p>\n\n\n\n<p>A leitura detalhada de cada edital vai lhe dar vantagens em seus estudos preparat\u00f3rios e tamb\u00e9m focar para as nomenclaturas, qualifica\u00e7\u00f5es, especifica\u00e7\u00f5es gerais e requisitos b\u00e1sicos.<\/p>\n\n\n\n<p>Neste sentido \u00e9 importante saber que cargo e fun\u00e7\u00e3o espec\u00edfica s\u00e3o requeridos pelo edital, pois o concurso pode ter o objetivo de contratar profissional qualificado na \u00e1rea,mas para o exerc\u00edcio de uma fun\u00e7\u00e3o diferenciada da de professor.<\/p>\n\n\n\n<p>Outro aspecto do concurso que \u00e9 preciso ter aten\u00e7\u00e3o \u00e9 quanto \u00e0s suas etapas.&nbsp;<\/p>\n\n\n\n<p>Os concursos para professores s\u00e3o feitos em duas etapas: a primeira corresponde a prova normal e a segunda a avalia\u00e7\u00e3o de t\u00edtulos. Neste sentido, \u00e9 preciso saber que tudo que foi mencionado no per\u00edodo da inscri\u00e7\u00e3o precisa de comprova\u00e7\u00e3o de t\u00edtulos no ato da posse.<\/p>\n\n\n\n<h2 class=\"wp-block-heading\">Participar de processos seletivos em escolas particulares<\/h2>\n\n\n\n<p>Se voc\u00ea quer ingressar na profiss\u00e3o docente e tem como meta as escolas particulares \u00e9 importante saber de alguns fatores presentes nessas escolas.<\/p>\n\n\n\n<h3 class=\"wp-block-heading\">Alinhamento com a filosofia da escola<\/h3>\n\n\n\n<p>Tanto escolas de grande porte como as escolas que oferecem somente educa\u00e7\u00e3o infantil est\u00e3o procurando ultimamente profissionais alinhados com a filosofia da institui\u00e7\u00e3o para evitar a rotatividade do quadro de profissionais.<\/p>\n\n\n\n<h3 class=\"wp-block-heading\">Sele\u00e7\u00e3o de curr\u00edculos<\/h3>\n\n\n\n<p>Muitas vezes a sele\u00e7\u00e3o de curr\u00edculo \u00e9 e feita focada na avalia\u00e7\u00e3o da universidade do candidato, tempo de estudo, experi\u00eancia profissional, escolas que j\u00e1 trabalhou<\/p>\n\n\n\n<h3 class=\"wp-block-heading\">Fases do processo<\/h3>\n\n\n\n<p>As escolas particulares estabelecem fases para o processo seletivo. As principais s\u00e3o: sele\u00e7\u00e3o de curr\u00edculo; din\u00e2mica ou prova escrita; entrevistas e experi\u00eancia na escola onde o professor antes de sua contrata\u00e7\u00e3o faz uma pequena experi\u00eancia com os alunos.<\/p>\n\n\n\n<h2 class=\"wp-block-heading\">Desenvolver habilidades importantes<\/h2>\n\n\n\n<p>Para melhorar a atua\u00e7\u00e3o e o desenvolvimento de uma carreira positiva na educa\u00e7\u00e3o \u00e9 importante adquirir algumas habilidades. Estas habilidades ajudar\u00e3o na elabora\u00e7\u00e3o das aulas, conviv\u00eancia com os alunos e com os outros profissionais, e at\u00e9 na conviv\u00eancia com os familiares dos alunos.<\/p>\n\n\n\n<h3 class=\"wp-block-heading\">Empatia<\/h3>\n\n\n\n<p>Muitas vezes os professores ficam sem saber o que fazer diante das dificuldades de aprendizado. Por\u00e9m uma das formas de trabalhar e sanar as dificuldades cognitivas \u00e9 possuir empatia. Saber se colocar no lugar de cada aluno \u00e9 muito importante para compreender as suas dificuldades e frustra\u00e7\u00f5es.<\/p>\n\n\n\n<h3 class=\"wp-block-heading\">Criatividade<\/h3>\n\n\n\n<p>A criatividade do professor \u00e9 fundamental para criar aulas que despertem interesse nos alunos. Vale lembrar, que atualmente os alunos vivem em uma realidade paralela causada por v\u00e1rios dispositivos virtuais.<\/p>\n\n\n\n<p>Esta situa\u00e7\u00e3o cobra do professor uma atitude criativa para trazer o aluno para a realidade da sala de aula sem negar as suas informa\u00e7\u00f5es adquiridas na internet. Neste sentido, os professores atuais precisam ser monitores, parceiros, mediadores, estas caracter\u00edsticas os diferencia dos professores tradicionais que eram expositores e avaliadores.<\/p>\n\n\n\n<h3 class=\"wp-block-heading\">Atitude inclusiva<\/h3>\n\n\n\n<p>Diante da diversidade de personalidades e de diferentes capacidades cognitivas, o professor precisa pensar sempre em a\u00e7\u00f5es inclusivas. Estas a\u00e7\u00f5es frente a uma classe heterog\u00eanea fazem parte de uma vis\u00e3o ampla sobre o aprendizado.<\/p>\n\n\n\n<p>Esta vis\u00e3o \u00e9 diferente das concep\u00e7\u00f5es do ensino tradicional onde via no aluno um indiv\u00edduo a ser adaptado. Portanto, nas concep\u00e7\u00f5es adaptativas os professores negavam oportunidades para alunos que tinham um ritmo de aprendizado diferenciado. Atitudes como essa causaram e ainda causam exclus\u00e3o e evas\u00e3o escolar.<\/p>\n\n\n\n<h3 class=\"wp-block-heading\">trabalho em equipe<\/h3>\n\n\n\n<p>Os professores precisam ter consci\u00eancia de sua incompletude como dizia Paulo Freire, por isso o trabalho em equipe \u00e9 imprescind\u00edvel. neste sentido, todo professor precisa dialogar com outros professores sobre problemas disciplinares, cognitivos e comportamentais.<\/p>\n\n\n\n<p>Al\u00e9m disso, ele precisa dialogar tamb\u00e9m com os outros funcion\u00e1rios da escola e tamb\u00e9m com os pais e familiares dos alunos para elabora\u00e7\u00e3o de projetos pedag\u00f3gicos e projetos que envolvem a escola e comunidade.<\/p>\n\n\n\n<h2 class=\"wp-block-heading\">Conclus\u00e3o<\/h2>\n\n\n\n<p>Este texto teve a inten\u00e7\u00e3o de esclarecer algumas d\u00favidas sobre a carreira docente e teve como eixo principal o caminho para o ingresso nessa carreira.<\/p>\n\n\n\n<p>No entanto, a carreira docente n\u00e3o possui somente uma porta de entrada onde o profissional ingressa e nada mais acontece. Na carreira docente existem v\u00e1rias portas por onde os professores se aperfei\u00e7oam, se formam em um processo constante.<\/p>\n\n\n\n<div class=\"wp-block-media-text alignwide is-stacked-on-mobile\" style=\"grid-template-columns:22% auto\"><figure class=\"wp-block-media-text__media\"><img loading=\"lazy\" decoding=\"async\" width=\"164\" height=\"164\" src=\"https:\/\/uniplenaeducacional.com.br\/blog\/wp-content\/uploads\/2020\/08\/Design-sem-nome.png\" alt=\"\" class=\"wp-image-222 size-full\" srcset=\"https:\/\/uniplenaeducacional.com.br\/blog\/wp-content\/uploads\/2020\/08\/Design-sem-nome.png 164w, https:\/\/uniplenaeducacional.com.br\/blog\/wp-content\/uploads\/2020\/08\/Design-sem-nome-150x150.png 150w\" sizes=\"(max-width: 164px) 100vw, 164px\" \/><\/figure><div class=\"wp-block-media-text__content\">\n<p class=\"has-small-font-size\"><strong>Pedro Guimar\u00e3es<\/strong>  &#8211; Mestre em m\u00fasica na \u00e1rea de Etnomusicologia pela UNESP. Professor de M\u00fasica e Arte Educador nas seguintes Institui\u00e7\u00f5es: Servi\u00e7o Social da Ind\u00fastria (SESI); Centro de Educa\u00e7\u00e3o Unificada da prefeitura (CEU); Faculdade Anhembi Morumbi; e Instituto Paulo Vanzolini (Forma\u00e7\u00e3o de Professores). M\u00fasico multi-instrumentista e compositor de trilha sonora.<\/p>\n<\/div><\/div>\n\n\n\n<p><\/p>\n","protected":false},"excerpt":{"rendered":"<p>A carreira docente \u00e9 uma das carreiras profissionais mais importantes da sociedade, pois ela faz parte da base social de todos os pa\u00edses. Neste sentido, o ensino n\u00e3o \u00e9 somente um direito salvaguardado pela constitui\u00e7\u00e3o&hellip;<\/p>\n<p><a class=\"readmore\" href=\"https:\/\/uniplenaeducacional.com.br\/blog\/qual-melhor-forma-de-entrar-na-carreira-docente\/\">Read More<\/a><\/p>\n","protected":false},"author":6,"featured_media":0,"comment_status":"open","ping_status":"open","sticky":false,"template":"","format":"standard","meta":{"footnotes":""},"categories":[1],"tags":[],"class_list":["post-604","post","type-post","status-publish","format-standard","hentry","category-educacao-basica"],"_links":{"self":[{"href":"https:\/\/uniplenaeducacional.com.br\/blog\/wp-json\/wp\/v2\/posts\/604"}],"collection":[{"href":"https:\/\/uniplenaeducacional.com.br\/blog\/wp-json\/wp\/v2\/posts"}],"about":[{"href":"https:\/\/uniplenaeducacional.com.br\/blog\/wp-json\/wp\/v2\/types\/post"}],"author":[{"embeddable":true,"href":"https:\/\/uniplenaeducacional.com.br\/blog\/wp-json\/wp\/v2\/users\/6"}],"replies":[{"embeddable":true,"href":"https:\/\/uniplenaeducacional.com.br\/blog\/wp-json\/wp\/v2\/comments?post=604"}],"version-history":[{"count":1,"href":"https:\/\/uniplenaeducacional.com.br\/blog\/wp-json\/wp\/v2\/posts\/604\/revisions"}],"predecessor-version":[{"id":605,"href":"https:\/\/uniplenaeducacional.com.br\/blog\/wp-json\/wp\/v2\/posts\/604\/revisions\/605"}],"wp:attachment":[{"href":"https:\/\/uniplenaeducacional.com.br\/blog\/wp-json\/wp\/v2\/media?parent=604"}],"wp:term":[{"taxonomy":"category","embeddable":true,"href":"https:\/\/uniplenaeducacional.com.br\/blog\/wp-json\/wp\/v2\/categories?post=604"},{"taxonomy":"post_tag","embeddable":true,"href":"https:\/\/uniplenaeducacional.com.br\/blog\/wp-json\/wp\/v2\/tags?post=604"}],"curies":[{"name":"wp","href":"https:\/\/api.w.org\/{rel}","templated":true}]}}