{"id":583,"date":"2022-10-07T09:00:00","date_gmt":"2022-10-07T09:00:00","guid":{"rendered":"https:\/\/uniplenaeducacional.com.br\/blog\/?p=583"},"modified":"2022-09-14T19:07:05","modified_gmt":"2022-09-14T19:07:05","slug":"a-moral-e-o-pensamento-etico-no-metodo-montessori","status":"publish","type":"post","link":"https:\/\/uniplenaeducacional.com.br\/blog\/a-moral-e-o-pensamento-etico-no-metodo-montessori\/","title":{"rendered":"A moral e o pensamento \u00c9tico no M\u00e9todo Montessori"},"content":{"rendered":"\n<p>Maria Montessori n\u00e3o era alheia \u00e0 viol\u00eancia e persegui\u00e7\u00e3o; ela viveu as duas guerras mundiais, viu Mussolini, Stalin e Hitler chegarem ao poder e testemunhou terr\u00edveis atos de genoc\u00eddio. Ela foi exilada de seu pr\u00f3prio pa\u00eds e suas escolas foram fechadas porque promoviam a liberdade de pensamento. Montessori agiu, no entanto: ela projetou uma abordagem educacional que chamou de \u201ceduca\u00e7\u00e3o para a paz\u201d, projetada em todos os aspectos para ajudar as crian\u00e7as a aprender a ter empatia, trabalhar umas com as outras e construir sua pr\u00f3pria moral a partir de dentro.<\/p>\n\n\n\n<p>Viu que nossos filhos n\u00e3o aprendem moral por serem ensinados, submetidos a recompensas e puni\u00e7\u00f5es, ou instru\u00eddos a competir contra seus companheiros. Ela ressaltou: \u201cTemos como certo que as crian\u00e7as podem ser iluminadas pela palavra e que, se assim o desejarem, podem viver nossos conselhos. Em vez disso, meu m\u00e9todo de educa\u00e7\u00e3o aborda isso de maneira diferente\u2026. S\u00e3o seres que t\u00eam dentro de si for\u00e7as que devem se desenvolver por si mesmas, sobre as quais n\u00e3o tenho poder e cujo desenvolvimento s\u00f3 posso ajudar.\u201d Ela acreditava que devemos trabalhar com o que ela identificou como uma sensibilidade interior que as crian\u00e7as t\u00eam para o que \u00e9 bom ou ruim. \u00c9 o desenvolvimento desse \u201cinstinto\u201d que leva a crian\u00e7a a perseguir uma a\u00e7\u00e3o em detrimento de outra e a impedir-se de fazer uma a\u00e7\u00e3o indesej\u00e1vel e que devemos nutrir. Esse impulso interno natural ajudar\u00e1 nossos filhos a desenvolver valores morais.<\/p>\n\n\n\n<p>Entre as idades de zero a seis anos, as crian\u00e7as absorvem informa\u00e7\u00f5es sobre o mundo por meio de seus sentidos. \u00c9 tamb\u00e9m assim que crian\u00e7as muito pequenas desenvolvem valores morais; eles v\u00e3o pegar o que v\u00eaem modelado e do ambiente ao qual est\u00e3o expostos. Na escola, ajudamos crian\u00e7as pequenas a desenvolver valores morais por meio de aulas de Gra\u00e7a e Cortesia, sendo a \u00faltima delas o \u201cjogo do sil\u00eancio\u201d. O sentimento de bem e mal, certo e errado, est\u00e1 crescendo dentro deles, mas n\u00e3o recebeu um nome, n\u00e3o \u00e9 compreendido com o intelecto ou a raz\u00e3o; \u00e9 inato, absorvido sem julgamento. Como pais, este \u00e9 o momento de guardar suas palavras e li\u00e7\u00f5es de moral e demonstrar com suas pr\u00f3prias a\u00e7\u00f5es e exp\u00f4las ao melhor. Essa \u00e9 a melhor maneira de ajudar crian\u00e7as pequenas a desenvolver valores morais \u2013 elas internalizar\u00e3o o que testemunham. Isso ent\u00e3o se torna seu \u201csentimento visceral\u201d.<\/p>\n\n\n\n<p>Entre os seis e os doze anos, as crian\u00e7as passam por uma longa fase de tentativa e erro, onde testam a moral que foram formando em si mesmas durante os primeiros anos. As crian\u00e7as do ensino fundamental coletam informa\u00e7\u00f5es por meio de experimentos, desenvolvendo sua capacidade de raciocinar verbalmente atrav\u00e9s do certo e do errado e fazendo escolhas. Eles parecem precisar cometer muitos erros!<\/p>\n\n\n\n<p>Durante o segundo plano, as crian\u00e7as passam de egoc\u00eantricas a seres sociais. Eles s\u00e3o autoconfiantes e prontos para ver o que o mundo tem reservado para eles. De acordo com Montessori, este \u00e9 o per\u00edodo intelectual. A sede de conhecimento das crian\u00e7as transcende os livros de exerc\u00edcios e os testes. Eles precisam conhecer os segredos do universo e ficar\u00e3o absortos em pesquisas e t\u00f3picos at\u00e9 que satisfa\u00e7am essa necessidade. A intensidade de seu foco e concentra\u00e7\u00e3o supera em muito as coisas e objetos que atra\u00edam antes.<\/p>\n\n\n\n<p><strong>Ajude-me a descobrir sozinho<\/strong><\/p>\n\n\n\n<p>No primeiro plano, quando as crian\u00e7as perguntam \u201cpor que\u201d, elas querem saber os fatos. Ou, como diz Paula Polk Lillard, embora digam \u201cpor que\u201d, as crian\u00e7as realmente querem saber \u201co qu\u00ea\u201d. (Lillard, 1996) O ambiente Montessori responde ao desejo das crian\u00e7as de saber o que s\u00e3o as coisas atrav\u00e9s da linguagem. O vocabul\u00e1rio \u00e9 classificado e categorizado para ajudar as crian\u00e7as n\u00e3o apenas a aprender palavras, mas a entender a rela\u00e7\u00e3o entre as palavras.Durante o segundo plano, a quest\u00e3o do \u201cporqu\u00ea\u201d assume um significado diferente. Para crian\u00e7as mais velhas, perguntar \u201cpor que\u201d \u00e9 uma busca pela raz\u00e3o.<\/p>\n\n\n\n<p>A psicologia educacional convencional v\u00ea as crian\u00e7as como lousas em branco nas quais o professor deve escrever a resposta. Essa abordagem centrada no adulto considera o intelecto adulto como superior. A pedagogia convencional usa livros did\u00e1ticos e palestras, raciocinando que, se a crian\u00e7a ficar sentada o suficiente e ouvir com aten\u00e7\u00e3o suficiente, o conhecimento simplesmente \u201cafundar\u00e1\u201d. A crian\u00e7a, em ess\u00eancia, n\u00e3o faz nada al\u00e9m de absorver fatos.<\/p>\n\n\n\n<p>O modelo centrado na crian\u00e7a de Montessori valoriza a capacidade intelectual da crian\u00e7a. O m\u00e9todo reconhece que a crian\u00e7a elementar n\u00e3o quer que lhe d\u00eamos respostas. Ele quer receber as ferramentas para poder descobrir as coisas por conta pr\u00f3pria. Explana\u00e7\u00f5es e palestras longas n\u00e3o atraem o aprendiz ativo que busca adquirir conhecimento.<\/p>\n\n\n\n<p>O apelo e a sabedoria por tr\u00e1s de dar \u00e0s crian\u00e7as informa\u00e7\u00f5es suficientes para despertar sua imagina\u00e7\u00e3o podem ser vistos nas Cinco Grandes Li\u00e7\u00f5es de Montessori. Em uma s\u00e9rie de cinco hist\u00f3rias muito curtas, Montessori d\u00e1 \u00e0s crian\u00e7as as chaves para desvendar os segredos de todo o universo. Muito parecido com o arm\u00e1rio mais intrigante de O Le\u00e3o, a Feiticeira e o Guarda-Roupa de CS Lewis, as crian\u00e7as n\u00e3o podem deixar de ficar curiosas sobre o que est\u00e1 por tr\u00e1s das hist\u00f3rias. Quest\u00f5es de \u201cpor qu\u00ea?\u201d e como?&#8221; come\u00e7am a aparecer em r\u00e1pida sucess\u00e3o. A melhor coisa que o professor pode fazer \u00e9 n\u00e3o dar as respostas. Em vez disso, ela pode simplesmente dizer \u201cvamos descobrir\u201d e ent\u00e3o levar as crian\u00e7as aos materiais que ela preparou cuidadosamente com anteced\u00eancia para ajudar as crian\u00e7as a descobrir as respostas por si mesmas.<\/p>\n\n\n\n<p>Entrando em um novo mundo, o mundo do abstrato&#8230; agora eles v\u00e3o se ocupar principalmente com o como e o porqu\u00ea. Tudo o que antes os atra\u00eda sensorialmente agora os interessa de um ponto de vista diferente. Eles est\u00e3o analisando o que precisa ser feito. Ou seja, eles est\u00e3o come\u00e7ando a se conscientizar dos problemas de causa e efeito. (Maria Montessori, Da Inf\u00e2ncia \u00e0 Adolesc\u00eancia, p. 23).<\/p>\n\n\n\n<p>O ambiente Montessori usa a ideia de educa\u00e7\u00e3o c\u00f3smica para demonstrar como os campos de estudo est\u00e3o conectados uns aos outros. No ambiente elementar, as crian\u00e7as s\u00e3o expostas e t\u00eam a oportunidade de explorar as \u00e1reas de hist\u00f3ria, zoologia, bot\u00e2nica, geografia, f\u00edsica, astronomia, matem\u00e1tica e linguagem como se relacionam entre si. Eles s\u00e3o mostrados que o mundo natural pode ser visto como um todo, e n\u00e3o como assuntos individuais nitidamente compartimentados. Toda essa vis\u00e3o de mundo fomenta uma consci\u00eancia de seu lugar no mundo e encoraja seu senso de responsabilidade para com ele.<\/p>\n\n\n\n<p>A crian\u00e7a nesta era da raz\u00e3o torna-se como os fil\u00f3sofos e cientistas do Iluminismo: questionando, testando, raciocinando e compreendendo aqueles que vieram antes, aqueles que est\u00e3o aqui agora e aqueles que ainda vir\u00e3o.<\/p>\n\n\n\n<p><strong>A Moral e o Pensamento \u00c9tico<\/strong><\/p>\n\n\n\n<p>\u00c9 aos seis anos que se pode notar o in\u00edcio de uma orienta\u00e7\u00e3o para as quest\u00f5es morais para o julgamento dos atos. A preocupa\u00e7\u00e3o pertence a uma sensibilidade interior, a consci\u00eancia. (Maria Montessori, Da Inf\u00e2ncia \u00e0 Adolesc\u00eancia, p. 12).<\/p>\n\n\n\n<p>Se o primeiro plano de desenvolvimento pode ser chamado de \u201cera do jogo\u201d (Montessori, A forma\u00e7\u00e3o do homem), ent\u00e3o o segundo plano de desenvolvimento pode ser classificado como a \u201cidade das regras\u201d. De fato, Montessori nos diz que \u201cum segundo lado da educa\u00e7\u00e3o nessa idade diz respeito \u00e0 explora\u00e7\u00e3o do campo moral pela crian\u00e7a\u201d. (Montessori, To Educate the Human Potential, p. 4). \u00c9 durante esse per\u00edodo que as crian\u00e7as conscientemente consideram, exploram e questionam a moralidade universal. Esta \u00e9 tamb\u00e9m a idade em que as crian\u00e7as aprendem e internalizam os princ\u00edpios universais de certo e errado.<\/p>\n\n\n\n<p>\u00c0 medida que as crian\u00e7as em idade elementar ( 6 a 12 anos) come\u00e7am a se afastar da identidade de sua fam\u00edlia e come\u00e7am a desenvolver sua pr\u00f3pria identidade, elas tamb\u00e9m se movem em dire\u00e7\u00e3o \u00e0 sua pr\u00f3pria compreens\u00e3o do certo e do errado.Para isso, eles devem questionar o comportamento dos outros. Muitas vezes, isso assume a forma de \u201ctattler\u201d, contar a um adulto sobre um determinado comportamento para aprender, a partir da rea\u00e7\u00e3o do adulto, se o comportamento \u00e9 aceit\u00e1vel. Esta \u00e9 tamb\u00e9m a era dos campe\u00f5es que querem combater a injusti\u00e7a. \u00c9 uma \u00e9poca de her\u00f3is, super-her\u00f3is e vil\u00f5es, pois as crian\u00e7as usam sua imagina\u00e7\u00e3o para proteger e defender aqueles que s\u00e3o feridos injustamente. Brincar, em casa e no parquinho, encontra as crian\u00e7as lutando pelos direitos de quem as cerca. O mundo de fantasia dos mitos, lendas e contos de fadas ganha vida \u00e0 medida que eles interpretam e exploram a moral, os costumes, os sentimentos e as emo\u00e7\u00f5es.<\/p>\n\n\n\n<p>Enquanto aprendem as regras da sociedade, as crian\u00e7as do ensino fundamental chegam a um acordo com as ideias de justi\u00e7a e inclus\u00e3o. Eles t\u00eam uma necessidade profundamente enraizada da universalidade das regras. Eles precisam que todos sejam tratados da mesma maneira e se sintam menosprezados e ressentidos se houver inconsist\u00eancia. A inconsist\u00eancia amea\u00e7a seu senso de seguran\u00e7a e prote\u00e7\u00e3o. \u201cNo fundo, cada crian\u00e7a sabe que \u00e9 t\u00e3o digna quanto qualquer outra crian\u00e7a. Colocar algumas crian\u00e7as em pap\u00e9is negativos coloca o pr\u00f3prio ser de cada crian\u00e7a em risco. Se at\u00e9 mesmo uma crian\u00e7a pode ser descartada como indigna, nenhuma crian\u00e7a est\u00e1 realmente segura.\u201d (Goertz, p.11)<\/p>\n\n\n\n<p>Ao contr\u00e1rio da montanha-russa da adolesc\u00eancia, o segundo plano de desenvolvimento \u00e9 um momento de calma e tranquilidade segura, quando a crian\u00e7a \u00e9 livre para explorar seu racioc\u00ednio \u00e9tico dentro dos limites amorosos do lar e da fam\u00edlia. Ela defender\u00e1 os oprimidos, defender\u00e1 os oprimidos e buscar\u00e1 igualdade e justi\u00e7a para todos.<\/p>\n\n\n\n<div class=\"wp-block-group alignwide\"><div class=\"wp-block-group__inner-container is-layout-flow wp-block-group-is-layout-flow\">\n<div class=\"wp-block-media-text alignwide is-stacked-on-mobile\" style=\"grid-template-columns:17% auto\"><figure class=\"wp-block-media-text__media\"><img loading=\"lazy\" decoding=\"async\" width=\"960\" height=\"960\" src=\"https:\/\/uniplenaeducacional.com.br\/blog\/wp-content\/uploads\/2020\/05\/Perfil.jpg\" alt=\"\" class=\"wp-image-159 size-full\" srcset=\"https:\/\/uniplenaeducacional.com.br\/blog\/wp-content\/uploads\/2020\/05\/Perfil.jpg 960w, https:\/\/uniplenaeducacional.com.br\/blog\/wp-content\/uploads\/2020\/05\/Perfil-300x300.jpg 300w, https:\/\/uniplenaeducacional.com.br\/blog\/wp-content\/uploads\/2020\/05\/Perfil-150x150.jpg 150w, https:\/\/uniplenaeducacional.com.br\/blog\/wp-content\/uploads\/2020\/05\/Perfil-768x768.jpg 768w\" sizes=\"(max-width: 960px) 100vw, 960px\" \/><\/figure><div class=\"wp-block-media-text__content\">\n<p><strong>Equipe &#8211; Uniplena Educacional<\/strong> &#8211; nosso prop\u00f3sito \u00e9 ajudar na forma\u00e7\u00e3o e evolu\u00e7\u00e3o de professores atrav\u00e9s de um plano de carreira focado em educa\u00e7\u00e3o continuada. Como Instituto Educacional, atuamos nesse mercado a mais de 6 anos, tendo formando em m\u00e9dia 5.000 professores em todo o Brasil. Trabalhamos em parceria com diversas faculdades credenciadas no MEC, com polos em S\u00e3o Paulo, Rio de Janeiro, Belo Horizonte e Goi\u00e1s.<\/p>\n<\/div><\/div>\n<\/div><\/div>\n","protected":false},"excerpt":{"rendered":"<p>Maria Montessori n\u00e3o era alheia \u00e0 viol\u00eancia e persegui\u00e7\u00e3o; ela viveu as duas guerras mundiais, viu Mussolini, Stalin e Hitler chegarem ao poder e testemunhou terr\u00edveis atos de genoc\u00eddio. Ela foi exilada de seu pr\u00f3prio&hellip;<\/p>\n<p><a class=\"readmore\" href=\"https:\/\/uniplenaeducacional.com.br\/blog\/a-moral-e-o-pensamento-etico-no-metodo-montessori\/\">Read More<\/a><\/p>\n","protected":false},"author":1,"featured_media":0,"comment_status":"open","ping_status":"open","sticky":false,"template":"","format":"standard","meta":{"footnotes":""},"categories":[1],"tags":[],"class_list":["post-583","post","type-post","status-publish","format-standard","hentry","category-educacao-basica"],"_links":{"self":[{"href":"https:\/\/uniplenaeducacional.com.br\/blog\/wp-json\/wp\/v2\/posts\/583"}],"collection":[{"href":"https:\/\/uniplenaeducacional.com.br\/blog\/wp-json\/wp\/v2\/posts"}],"about":[{"href":"https:\/\/uniplenaeducacional.com.br\/blog\/wp-json\/wp\/v2\/types\/post"}],"author":[{"embeddable":true,"href":"https:\/\/uniplenaeducacional.com.br\/blog\/wp-json\/wp\/v2\/users\/1"}],"replies":[{"embeddable":true,"href":"https:\/\/uniplenaeducacional.com.br\/blog\/wp-json\/wp\/v2\/comments?post=583"}],"version-history":[{"count":1,"href":"https:\/\/uniplenaeducacional.com.br\/blog\/wp-json\/wp\/v2\/posts\/583\/revisions"}],"predecessor-version":[{"id":584,"href":"https:\/\/uniplenaeducacional.com.br\/blog\/wp-json\/wp\/v2\/posts\/583\/revisions\/584"}],"wp:attachment":[{"href":"https:\/\/uniplenaeducacional.com.br\/blog\/wp-json\/wp\/v2\/media?parent=583"}],"wp:term":[{"taxonomy":"category","embeddable":true,"href":"https:\/\/uniplenaeducacional.com.br\/blog\/wp-json\/wp\/v2\/categories?post=583"},{"taxonomy":"post_tag","embeddable":true,"href":"https:\/\/uniplenaeducacional.com.br\/blog\/wp-json\/wp\/v2\/tags?post=583"}],"curies":[{"name":"wp","href":"https:\/\/api.w.org\/{rel}","templated":true}]}}