{"id":581,"date":"2022-10-05T09:00:00","date_gmt":"2022-10-05T09:00:00","guid":{"rendered":"https:\/\/uniplenaeducacional.com.br\/blog\/?p=581"},"modified":"2022-09-14T19:02:44","modified_gmt":"2022-09-14T19:02:44","slug":"como-coordenar-projetos-interdisciplinares-na-escola","status":"publish","type":"post","link":"https:\/\/uniplenaeducacional.com.br\/blog\/como-coordenar-projetos-interdisciplinares-na-escola\/","title":{"rendered":"Como coordenar projetos interdisciplinares na escola"},"content":{"rendered":"\n<p>Neste texto vamos compreender como se d\u00e1 a coordena\u00e7\u00e3o de projetos interdisciplinares na escola. Portanto, vamos compreender o papel do coordenador dentro de uma perspectiva de projetos pedag\u00f3gicos.<\/p>\n\n\n\n<p>No entanto, para entendermos a constru\u00e7\u00e3o de uma projeto interdisciplinar dentro da escola precisamos saber que o coordenador tem um papel espec\u00edfico dentro da tr\u00edade gestora &#8211; <strong>diretor\/coordenador\/supervisor escolar.<\/strong><\/p>\n\n\n\n<p>Neste sentido, \u00e9 preciso saber que o coordenador pedag\u00f3gico precisa ser especialista em diversas did\u00e1ticas e ser capaz de estabelecer uma ponte comunicativa entre os professores, diretor e comunidade. Assim, o coordenador transforma a escola em um espa\u00e7o de aprendizagem em um \u00e2mbito global.<\/p>\n\n\n\n<p>Por\u00e9m, quando falamos de projeto interdisciplinar, o coordenador precisa assumir um papel de media\u00e7\u00e3o entre professores de diversas disciplinas para construir projetos que ofere\u00e7am uma experi\u00eancia edificante para os alunos dentro de v\u00e1rios objetivos.<\/p>\n\n\n\n<p>Estes objetivos precisam estar relacionados com o conhecimento, intera\u00e7\u00e3o, inclus\u00e3o e diversidade.&nbsp;<\/p>\n\n\n\n<h2 class=\"wp-block-heading\">Coordena\u00e7\u00e3o e disciplinaridade<\/h2>\n\n\n\n<p>Primeiramente, podemos definir coordena\u00e7\u00e3o pedag\u00f3gica, de uma maneira geral, como um aux\u00edlio permanente e continuado ao trabalho docente. Este trabalho de media\u00e7\u00e3o do coordenador precisa visar a articula\u00e7\u00e3o e a converg\u00eancia dos professores em torno de objetivos.<\/p>\n\n\n\n<p>A princ\u00edpio estes objetivos giram em torno da Proposta Pol\u00edtico Pedag\u00f3gica (PPP) que \u00e9 formulada pelos atores escolares juntamente com o coordenador. Vale lembrar que nas diretrizes formuladas pela Secretaria Estadual de Ensino est\u00e1 o incentivo \u00e0 comunica\u00e7\u00e3o entre os membros da equipe docente em torno da reflex\u00e3o sobre os objetivos da escola.<\/p>\n\n\n\n<p>Portanto, a coordena\u00e7\u00e3o pedag\u00f3gica na elabora\u00e7\u00e3o de projetos interdisciplinares precisa ser acima de tudo cooperativa, pois atualmente o princ\u00edpio norteador da educa\u00e7\u00e3o \u00e9 a gest\u00e3o democr\u00e1tica.<\/p>\n\n\n\n<p>Neste sentido, o papel do coordenador pedag\u00f3gico diante de projetos interdisciplinares \u00e9 transformar o meio educacional viabilizando pr\u00e1ticas de projetos que abranjam v\u00e1rias disciplinas escolares.<\/p>\n\n\n\n<p>Quando falamos de interdisciplinaridade especificamente falamos de um projeto que perpassa v\u00e1rias \u00e1reas do conhecimento. Neste sentido, um projeto interdisciplinar est\u00e1 de acordo com as novas \u00f3ticas pedag\u00f3gicas.&nbsp;<\/p>\n\n\n\n<p>Ou seja, os projetos interdisciplinares rompem com o modelo ultrapassado de se pensar a educa\u00e7\u00e3o fechada especializada em compartimentos estanques do conhecimento que eram organizados de forma linear.&nbsp;<\/p>\n\n\n\n<p>Neste sentido, para coordenar projetos interdisciplinares na escola \u00e9 preciso ter um olhar para o cotidiano e para realidade que envolve o ser humano. Esta realidade n\u00e3o \u00e9 simples, ela \u00e9 complexa e feita de informa\u00e7\u00f5es entrela\u00e7adas.<\/p>\n\n\n\n<p>Assim, a realidade cotidiana do ser humano n\u00e3o pode estar contida somente em departamentos espec\u00edficos como ci\u00eancias humanas ou ci\u00eancias exatas. A realidade mistura os elementos do conhecimento e n\u00f3s interagimos com ela em um processo global cognitivo. Este processo abrange uma vasta gama de fen\u00f4menos estudados pelas mais variadas ci\u00eancias e epistemologias.<\/p>\n\n\n\n<p>Muitos elementos que interagimos por meio da realidade s\u00e3o por vezes antag\u00f4nicos e bipolares que na acep\u00e7\u00e3o do fil\u00f3sofo Edgar Morin fazem do homem um \u201chomo Complexus\u201d (MORIN 1999, p.30-32).<\/p>\n\n\n\n<p>Portanto, a interdisciplinaridade nas escolas \u00e9 uma a\u00e7\u00e3o educativa indispens\u00e1vel na nova \u00f3tica pedag\u00f3gica, e o coordenador \u00e9 a principal figura nesse processo, pois ele far\u00e1 a media\u00e7\u00e3o na constru\u00e7\u00e3o de muitos projetos pedag\u00f3gicos.<\/p>\n\n\n\n<h2 class=\"wp-block-heading\">Hist\u00f3ria dos projetos interdisciplinares no Brasil<\/h2>\n\n\n\n<p>O conceito de interdisciplinaridade chega ao Brasil por volta de 1960, contudo, esse conceito chega da europa de maneira reduzida e distorcida. Ou seja,&nbsp; o modelo \u00e9 aplicado de maneira simplificada seguindo um modismo e com uma vis\u00e3o homogeneizadora.<\/p>\n\n\n\n<p>A partir dessa primeira aplica\u00e7\u00e3o da interdisciplinaridade no Brasil, procurou-se diminuir os problemas de uma vis\u00e3o limitada e simplificadora da a\u00e7\u00e3o interdisciplinar. Neste sentido, a partir de 1970 algumas propostas foram tomadas a fim de aprofundar as pr\u00e1ticas interdisciplinares.<\/p>\n\n\n\n<ul class=\"wp-block-list\"><li><strong>Explicita\u00e7\u00e3o filos\u00f3fica:<\/strong> Em 1970 procurou-se uma<strong> <\/strong>defini\u00e7\u00e3o de interdisciplinaridade.<\/li><\/ul>\n\n\n\n<ul class=\"wp-block-list\"><li><strong>Busca de uma diretriz sociol\u00f3gica:<\/strong> na d\u00e9cada de 80 apontou-se algumas contradi\u00e7\u00f5es no modelo interdisciplinar e o foco foi a procura de um m\u00e9todo para a sua aplica\u00e7\u00e3o.<\/li><\/ul>\n\n\n\n<ul class=\"wp-block-list\"><li><strong>Busca de um projeto antropol\u00f3gico: <\/strong>Esta busca figurou-se na busca de uma teoria para a interdisciplinaridade na d\u00e9cada de 90.<\/li><\/ul>\n\n\n\n<h2 class=\"wp-block-heading\">Objetivos dos projetos interdisciplinares na escola<\/h2>\n\n\n\n<p>Antes de abordar os objetivos das a\u00e7\u00f5es disciplinares na escola, \u00e9 preciso ter em conta que a interdisciplinaridade precisa ir al\u00e9m da mera justaposi\u00e7\u00e3o de disciplinas. Ou seja, precisa integrar as disciplinas na compreens\u00e3o dos fen\u00f4menos que perpassam a realidade compreendendo suas causas e fatores.&nbsp;<\/p>\n\n\n\n<p>Al\u00e9m disso, \u00e9 preciso o trabalho com todas as linguagens necess\u00e1rias para a constitui\u00e7\u00e3o do conhecimento e para estabelecer a comunica\u00e7\u00e3o e concomit\u00e2ncia de significados com o registro sistem\u00e1tico de resultados.<\/p>\n\n\n\n<p>Neste sentido, \u00e9 preciso levar em considera\u00e7\u00e3o as especificidades de cada disciplina e n\u00e3o diluir as caracter\u00edsticas de cada disciplina em um conhecimento sem base e sem fundamentos.<\/p>\n\n\n\n<p>Por isso, a melhor maneira do trabalho de coordena\u00e7\u00e3o \u00e9 mediar a constru\u00e7\u00e3o de um projeto com um grupo de professores especialistas.<\/p>\n\n\n\n<p>A partir dessa explicita\u00e7\u00e3o da interdisciplinaridade, vimos que o processo de um projeto interdisciplinar precisa ser profundo no sentido de n\u00e3o deixar escapar o que \u00e9 significativo de cada ci\u00eancia.&nbsp;<\/p>\n\n\n\n<p>Portanto os objetivos principais da pr\u00e1tica interdisciplinar na escola s\u00e3o:<\/p>\n\n\n\n<ul class=\"wp-block-list\"><li>Integrar os agentes presentes no ambiente escolar<\/li><li>Desenvolver projetos comuns que se harmonizem com os conte\u00fados expostos em sala de aula<\/li><li>Eliminar o isolamento dos professores em suas especificidades te\u00f3ricas, ampliando o conhecimento para al\u00e9m de suas fronteiras.<\/li><li>Aproximar o conhecimento do cotidiano dos alunos e problematiza-lo<\/li><li>Transformar a escola que agrega conhecimentos para a escola que sistematiza conhecimentos.<\/li><\/ul>\n\n\n\n<h2 class=\"wp-block-heading\">Etapas importantes para elaborar um projeto interdisciplinar<\/h2>\n\n\n\n<p>Para quem vai coordenar um projeto interdisciplinar na escola &#8211;&nbsp; seja um professor coordenador ou o pr\u00f3prio coordenador da escola &#8211;&nbsp; \u00e9 preciso estar ciente de alguns fatores como; urg\u00eancia de uma tem\u00e1tica; problemas de uma dada comunidade; disponibilidade de professores; interesse e curiosidade dos alunos..<\/p>\n\n\n\n<p>No entanto, \u00e9 preciso seguir algumas etapas para que o projeto como um todo seja cumprido. Entre elas est\u00e3o:<\/p>\n\n\n\n<ul class=\"wp-block-list\"><li>O coordenador do projeto identifica entre os alunos os temas que despertam maior interesse.<\/li><li>Convite aos demais professores para a realiza\u00e7\u00e3o do projeto<\/li><li>Formar uma equipe de assessoramento e monitoria: Professor coordenador, professores de disciplinas pertencentes ao projeto e t\u00e9cnicos convidados para palestras e encontros.<\/li><li>Formar grupos de trabalhos de alunos que ser\u00e3o divididos por fun\u00e7\u00f5es: pesquisa, produ\u00e7\u00e3o e recursos materiais.<\/li><li>Agendar reuni\u00f5es com a monitoria e com grupos de alunos<\/li><li>Estabelecer as problem\u00e1ticas do tema<\/li><li>Elaborar as justificativas e os objetivos<\/li><li>Levantar os referenciais te\u00f3ricos<\/li><li>Definir uma metodologia para a realiza\u00e7\u00e3o do projeto<\/li><li>Elaborar um cronograma de a\u00e7\u00f5es<\/li><li>Executar o cronograma<\/li><li>Avalia\u00e7\u00e3o de resultados: Alunos fazem auto-avalia\u00e7\u00e3o; professores avaliam alunos; professores e alunos avaliam o projeto.<\/li><\/ul>\n\n\n\n<h2 class=\"wp-block-heading\">Interdisciplinaridade e supera\u00e7\u00e3o da fragmenta\u00e7\u00e3o do conhecimento<\/h2>\n\n\n\n<p>Vimos at\u00e9 aqui o conceito de interdisciplinaridade e sua hist\u00f3ria no Brasil e tamb\u00e9m vimos seus principais objetivos e suas etapas de realiza\u00e7\u00e3o. Por\u00e9m, \u00e9 preciso entender a interdisciplinaridade como uma forma de superar a fragmenta\u00e7\u00e3o do conhecimento.<\/p>\n\n\n\n<p>No entanto, esta supera\u00e7\u00e3o vai de encontro ao entendimento do conhecimento como um resultado hist\u00f3rico das a\u00e7\u00f5es dos homens na produ\u00e7\u00e3o pela exist\u00eancia. Neste sentido, para realizarmos um projeto interdisciplinar que cumpra com o objetivo de romper fragmenta\u00e7\u00f5es do conhecimento, precisamos entender o conhecimento para al\u00e9m das sistematiza\u00e7\u00f5es did\u00e1ticas.<\/p>\n\n\n\n<p>Al\u00e9m disso, um projeto interdisciplinar se mostra eficaz quando se oferece o conhecimento para a apropria\u00e7\u00e3o do aluno. Este fato promove a sua emancipa\u00e7\u00e3o e o seu processo de ver-se como um sujeito hist\u00f3rico que dialoga com o conhecimento.<\/p>\n\n\n\n<h2 class=\"wp-block-heading\">Interdisciplinaridade como promotora da aprendizagem<\/h2>\n\n\n\n<p>Diante da pergunta &#8211;&nbsp; <em>\u201c A interdisciplinaridade promove a aprendizagem?\u201d <\/em>&#8211; precisamos avaliar os fatores que envolvem o aprendizado e a cogni\u00e7\u00e3o.<\/p>\n\n\n\n<p>Para despertar o interesse da crian\u00e7a para o conhecimento \u00e9 preciso linkar o conte\u00fado com a realidade cotidiana desta. Assim, quando fazemos esta liga\u00e7\u00e3o a demanda interdisciplinar surge automaticamente.&nbsp;<\/p>\n\n\n\n<p>Ou seja, os fen\u00f4menos do cotidiano, sejam naturais ou sociais, n\u00e3o s\u00e3o explicados somente por uma disciplina.<\/p>\n\n\n\n<p>Quando os professores promovem o aprendizado ajudando os alunos acessarem os seus conhecimentos pr\u00e9vios, podem construir projetos interdisciplinares a fim de oferecer oportunidades para organizar e armazenar o aprendizado.<\/p>\n\n\n\n<p>Diante desses fatos, podemos responder a pergunta inicial positivamente e podemos acrescentar v\u00e1rias justificativas como:<\/p>\n\n\n\n<ul class=\"wp-block-list\"><li>A interdisciplinaridade promove a aprendizagem pelo fato do conhecimento em si n\u00e3o ser algo fragmentado, pois o estudo de qualquer realidade envolve uma gama de fatores ligados a muitas disciplinas.<\/li><li>A interdisciplinaridade \u00e9 importante para entender temas ambientais, sociais e pol\u00edticos.<\/li><li>Promove uma educa\u00e7\u00e3o participativa e transformadora<\/li><li>Fornece uma an\u00e1lise cr\u00edtica da realidade<\/li><li>Desenvolve a\u00e7\u00f5es conjuntas para solucionar problemas e modificar situa\u00e7\u00f5es<\/li><\/ul>\n\n\n\n<h2 class=\"wp-block-heading\">Conclus\u00e3o<\/h2>\n\n\n\n<p>Para concluir, esse texto \u00e9 importante acrescentar que para a forma\u00e7\u00e3o de projetos interdisciplinares no \u00e2mbito escolar \u00e9 preciso que esses projetos estejam em concord\u00e2ncia com o Projeto Pol\u00edtico pedag\u00f3gico&nbsp; (PPP) da escola.<\/p>\n\n\n\n<p>Assim, todos os projetos interdisciplinares estar\u00e3o em rela\u00e7\u00e3o com as demandas de uma determinada parcela da sociedade, acompanhando quais temas que s\u00e3o mais prementes para as especificidades daquela escola e da comunidade que est\u00e1 inserida.<\/p>\n\n\n\n<div class=\"wp-block-media-text alignwide is-stacked-on-mobile\" style=\"grid-template-columns:22% auto\"><figure class=\"wp-block-media-text__media\"><img loading=\"lazy\" decoding=\"async\" width=\"164\" height=\"164\" src=\"https:\/\/uniplenaeducacional.com.br\/blog\/wp-content\/uploads\/2020\/08\/Design-sem-nome.png\" alt=\"\" class=\"wp-image-222 size-full\" srcset=\"https:\/\/uniplenaeducacional.com.br\/blog\/wp-content\/uploads\/2020\/08\/Design-sem-nome.png 164w, https:\/\/uniplenaeducacional.com.br\/blog\/wp-content\/uploads\/2020\/08\/Design-sem-nome-150x150.png 150w\" sizes=\"(max-width: 164px) 100vw, 164px\" \/><\/figure><div class=\"wp-block-media-text__content\">\n<p class=\"has-small-font-size\"><strong>Pedro Guimar\u00e3es<\/strong>  &#8211; Mestre em m\u00fasica na \u00e1rea de Etnomusicologia pela UNESP. Professor de M\u00fasica e Arte Educador nas seguintes Institui\u00e7\u00f5es: Servi\u00e7o Social da Ind\u00fastria (SESI); Centro de Educa\u00e7\u00e3o Unificada da prefeitura (CEU); Faculdade Anhembi Morumbi; e Instituto Paulo Vanzolini (Forma\u00e7\u00e3o de Professores). M\u00fasico multi-instrumentista e compositor de trilha sonora.<\/p>\n<\/div><\/div>\n\n\n\n<p><\/p>\n","protected":false},"excerpt":{"rendered":"<p>Neste texto vamos compreender como se d\u00e1 a coordena\u00e7\u00e3o de projetos interdisciplinares na escola. Portanto, vamos compreender o papel do coordenador dentro de uma perspectiva de projetos pedag\u00f3gicos. No entanto, para entendermos a constru\u00e7\u00e3o de&hellip;<\/p>\n<p><a class=\"readmore\" href=\"https:\/\/uniplenaeducacional.com.br\/blog\/como-coordenar-projetos-interdisciplinares-na-escola\/\">Read More<\/a><\/p>\n","protected":false},"author":6,"featured_media":0,"comment_status":"open","ping_status":"open","sticky":false,"template":"","format":"standard","meta":{"footnotes":""},"categories":[1],"tags":[],"class_list":["post-581","post","type-post","status-publish","format-standard","hentry","category-educacao-basica"],"_links":{"self":[{"href":"https:\/\/uniplenaeducacional.com.br\/blog\/wp-json\/wp\/v2\/posts\/581"}],"collection":[{"href":"https:\/\/uniplenaeducacional.com.br\/blog\/wp-json\/wp\/v2\/posts"}],"about":[{"href":"https:\/\/uniplenaeducacional.com.br\/blog\/wp-json\/wp\/v2\/types\/post"}],"author":[{"embeddable":true,"href":"https:\/\/uniplenaeducacional.com.br\/blog\/wp-json\/wp\/v2\/users\/6"}],"replies":[{"embeddable":true,"href":"https:\/\/uniplenaeducacional.com.br\/blog\/wp-json\/wp\/v2\/comments?post=581"}],"version-history":[{"count":1,"href":"https:\/\/uniplenaeducacional.com.br\/blog\/wp-json\/wp\/v2\/posts\/581\/revisions"}],"predecessor-version":[{"id":582,"href":"https:\/\/uniplenaeducacional.com.br\/blog\/wp-json\/wp\/v2\/posts\/581\/revisions\/582"}],"wp:attachment":[{"href":"https:\/\/uniplenaeducacional.com.br\/blog\/wp-json\/wp\/v2\/media?parent=581"}],"wp:term":[{"taxonomy":"category","embeddable":true,"href":"https:\/\/uniplenaeducacional.com.br\/blog\/wp-json\/wp\/v2\/categories?post=581"},{"taxonomy":"post_tag","embeddable":true,"href":"https:\/\/uniplenaeducacional.com.br\/blog\/wp-json\/wp\/v2\/tags?post=581"}],"curies":[{"name":"wp","href":"https:\/\/api.w.org\/{rel}","templated":true}]}}