{"id":577,"date":"2022-09-28T09:00:00","date_gmt":"2022-09-28T09:00:00","guid":{"rendered":"https:\/\/uniplenaeducacional.com.br\/blog\/?p=577"},"modified":"2022-09-14T18:59:14","modified_gmt":"2022-09-14T18:59:14","slug":"tics-nas-series-iniciais","status":"publish","type":"post","link":"https:\/\/uniplenaeducacional.com.br\/blog\/tics-nas-series-iniciais\/","title":{"rendered":"TIC\u2019s nas s\u00e9ries iniciais"},"content":{"rendered":"\n<p>Este texto tem a inten\u00e7\u00e3o de elucidar a utiliza\u00e7\u00e3o de tecnologias da informa\u00e7\u00e3o e comunica\u00e7\u00e3o nas primeiras s\u00e9ries do fundamental.<\/p>\n\n\n\n<p>Portanto, para fazer uma incurs\u00e3o sobre este tema precisamos primeiramente abordar algumas premissas que est\u00e3o na BNCC, a fim de vislumbrar as necessidades da educa\u00e7\u00e3o atual em rela\u00e7\u00e3o aos dispositivos digitais e virtuais existentes na sociedade.<\/p>\n\n\n\n<p>No entanto, indo al\u00e9m das propostas contidas na BNCC \u00e9 importante saber as origens do uso da inform\u00e1tica no \u00e2mbito escolar. Neste sentido, este texto oferece uma an\u00e1lise educacional e sociol\u00f3gica sobre as motiva\u00e7\u00f5es que levaram a grande import\u00e2ncia das TIC &#8216;s na educa\u00e7\u00e3o atual.<\/p>\n\n\n\n<p>Para esta an\u00e1lise iremos passar pelos seguintes temas: Conceito de TICs; Educa\u00e7\u00e3o ativa e tecnologia; Problemas sociais e tecnologia<\/p>\n\n\n\n<h2 class=\"wp-block-heading\">Conceito de TIC\u2019s na educa\u00e7\u00e3o<\/h2>\n\n\n\n<p>As Tecnologias da Informa\u00e7\u00e3o e da Comunica\u00e7\u00e3o (TIC &#8216;s) representam o conjunto de ferramentas existentes no mundo informatizado que facilitam e democratizam a circula\u00e7\u00e3o de informa\u00e7\u00e3o.<\/p>\n\n\n\n<p>Portanto, quando este mundo informatizado passa ser um ator escolar, atuando por interm\u00e9dio dos alunos,comunidade, coordenadores, diretores e professores, precisamos repensar o papel da educa\u00e7\u00e3o e dos professores.<\/p>\n\n\n\n<p>Neste sentido, o conceito de TIC &#8216;s na educa\u00e7\u00e3o nos leva a definir a tecnologia da informa\u00e7\u00e3o como aquela que possibilita uma educa\u00e7\u00e3o intermediada.<\/p>\n\n\n\n<p>Assim, o conceito de TIC &#8216;s transforma professores que exp\u00f5em o conhecimento em facilitadores que intermediam esse conhecimento. No entanto, vale lembrar que garantir autonomia aos alunos e abdicar do papel centralizador da educa\u00e7\u00e3o, foi uma premissa dos professores da escola nova. Esta proposta nasceu no in\u00edcio do s\u00e9culo XX e se concretizou nos m\u00e9todos ativos, t\u00e3o cultuados atualmente.<\/p>\n\n\n\n<p>Por\u00e9m, no per\u00edodo em que se desenvolveu a Escola Nova n\u00e3o havia esta ferramenta tecnol\u00f3gica aliada \u00e0 escola. No entanto, o conceito de educa\u00e7\u00e3o que focava em um desenvolvimento aut\u00f4nomo dos alunos j\u00e1 estava estruturado.<\/p>\n\n\n\n<p>Atualmente com o constante avan\u00e7o do uso de ferramentas tecnol\u00f3gicas no \u00e2mbito escolar, os m\u00e9todos ativos foram revisitados e reformulados dentro do conceito de TIC &#8216;s.<\/p>\n\n\n\n<p>Na metodologia ativa transforma-se a centraliza\u00e7\u00e3o do professor que havia na tr\u00edade &#8211; <strong>professor<\/strong>\/conhecimento\/aluno &#8211;&nbsp; e coloca-se o protagonismo no aluno.<\/p>\n\n\n\n<p>Por\u00e9m, \u00e9 importante lembrar que um dos principais problemas apresentado pelos m\u00e9todos ativos foi n\u00e3o dar a import\u00e2ncia devida ao conhecimento.<\/p>\n\n\n\n<p>Neste sentido, o conhecimento foi tratado como um produto pronto, aist\u00f3rico. N\u00e3o havia a preocupa\u00e7\u00e3o que os sujeitos que se apropriarem desse conhecimento e deixassem sua marca. Ou seja, tratava-se o conhecimento como uma informa\u00e7\u00e3o sa\u00edda do polo emissor e que chegasse ao p\u00f3lo receptor, id\u00eantica a si mesma sem ser debatida ou problematizada.<\/p>\n\n\n\n<p>Na hist\u00f3ria da educa\u00e7\u00e3o brasileira existiram v\u00e1rias tentativas de preencher essa lacuna deixada pelo legado da Escola Nova, uma delas foi a pedagogia cr\u00edtico-social fundada sobre uma premissa questionadora: <strong>O que ensinar de significativo?<\/strong><\/p>\n\n\n\n<p>O principal eixo dessa pedagogia surgida na d\u00e9cada de 70 era formar a consci\u00eancia cr\u00edtica no discente por meio de possibilitar o dom\u00ednio e a apropria\u00e7\u00e3o de v\u00e1rios conte\u00fados por parte dos alunos.&nbsp;<\/p>\n\n\n\n<p>Vale lembrar que o formulador dessa corrente educativa foi Demerval Saviani e um dos expoentes dessa \u00f3tica educativa foi Paulo Freire.<\/p>\n\n\n\n<p>Na acep\u00e7\u00e3o do educador Paulo Freire, a educa\u00e7\u00e3o n\u00e3o pode partir de seres a-hist\u00f3ricos formando outros seres a-hist\u00f3ricos.<\/p>\n\n\n\n<p>&nbsp;Paulo Freire destaca que o professor precisa se comprometer com a educa\u00e7\u00e3o a partir de uma reflex\u00e3o sobre seu estar no mundo.<\/p>\n\n\n\n<p>No entanto, quando o professor sabe o porqu\u00ea de estar no mundo, o que vem depois \u00e9 a a\u00e7\u00e3o sobre o mundo.<\/p>\n\n\n\n<p>Quando um ato educativo n\u00e3o vem acompanhado de uma reflex\u00e3o, mesmo diante de nosso mundo devidamente instrumentado na tecnologia, n\u00e3o acontece o ensino\/aprendizado, acontece somente uma adapta\u00e7\u00e3o do sujeito a um mundo informatizado.<\/p>\n\n\n\n<p>Neste sentido, o conceito de TIC &#8216;s na educa\u00e7\u00e3o precisa estar acompanhado de uma luta contra a adapta\u00e7\u00e3o.<\/p>\n\n\n\n<p>Ou seja, quando se utiliza tecnologia da informa\u00e7\u00e3o e comunica\u00e7\u00e3o na educa\u00e7\u00e3o precisamos nos antagonizar ao fato de ser um ser passivo imerso no mundo tecnol\u00f3gico e se opor a um mundo que quer seres adaptados em vez de seres integrados.<\/p>\n\n\n\n<h2 class=\"wp-block-heading\">Educa\u00e7\u00e3o ativa e tecnologia<\/h2>\n\n\n\n<p>A partir do conceito de TIC &#8216;s na educa\u00e7\u00e3o entendemos que a educa\u00e7\u00e3o precisa ser mediada, problematizada e discutida. Nesta perspectiva o ato educativo \u00e9 um processo em constante transforma\u00e7\u00e3o onde os professores n\u00e3o podem planejar a\u00e7\u00f5es engessadas sem a intera\u00e7\u00e3o com os alunos.&nbsp;<\/p>\n\n\n\n<p>Neste sentido, os professores n\u00e3o s\u00e3o mais expositores de um conhecimento e sim mediadores e facilitadores. Nestes novos pap\u00e9is, os professores&nbsp; tomam um posicionamento horizontal diante dos alunos e n\u00e3o mais um posicionamento vertical de cima para baixo.<\/p>\n\n\n\n<p>O conjunto escola ativa e tecnologia reflete em uma pr\u00e1tica de transformar a informa\u00e7\u00e3o em conhecimento por meio da problematiza\u00e7\u00e3o desta.&nbsp;<\/p>\n\n\n\n<p>No entanto, para problematizar toda essa informa\u00e7\u00e3o advinda da internet os professores precisam utilizar muitas ferramentas pedag\u00f3gicas que foram revisitadas e reinventadas atualmente para dar conta da velocidade que as tecnologias da informa\u00e7\u00e3o avan\u00e7am. Entre elas est\u00e3o:<\/p>\n\n\n\n<h3 class=\"wp-block-heading\">Aprendizagem imersiva:<\/h3>\n\n\n\n<p>Esta ferramenta surgiu na jun\u00e7\u00e3o de 3 dimens\u00f5es do ensino atual que s\u00e3o: O ensino a dist\u00e2ncia; o ensino h\u00edbrido; ensino presencial informatizado.<\/p>\n\n\n\n<p>Esta ferramenta \u00e9 centrada na cria\u00e7\u00e3o de uma segunda realidade em que o aluno pode simular intera\u00e7\u00f5es com o conhecimento. Esta proposta tamb\u00e9m \u00e9 baseada no aspecto l\u00fadico do jogo, criando maior engajamento.&nbsp;<\/p>\n\n\n\n<h3 class=\"wp-block-heading\">sala de aula invertida&nbsp;<\/h3>\n\n\n\n<p>Um dos aspectos da pedagogia da sala de aula invertida \u00e9 a troca do processo dedutivo pelo indutivo. Ou seja, primeiro o sujeito mergulha na realidade de forma emp\u00edrica para depois tirar conclus\u00f5es e estruturar modelos ou teorias.<\/p>\n\n\n\n<p>Quando transferimos este processo para sala de aula, nasce a proposta de sala invertida. Nesta proposta , o professor oferece ao aluno v\u00e1rios v\u00eddeos que cont\u00eam o tema a ser trabalhado em sala de aula.&nbsp;<\/p>\n\n\n\n<p>A partir dessa a\u00e7\u00e3o, o professor poder\u00e1 trabalhar posteriormente o assunto em v\u00e1rios formatos, como debates, projetos pedag\u00f3gicos, projetos culturais e outros.&nbsp;<\/p>\n\n\n\n<p>Este conceito de aula pode-se aliar-se ao modelo h\u00edbrido de ensino em que os alunos fazem um mergulho emp\u00edrico na tem\u00e1tica a ser dada em suas casas acessando v\u00e1rias ferramentas das TIC &#8216;s, para depois continuar o aprofundamento da mat\u00e9ria nas salas de aulas.<\/p>\n\n\n\n<p>Este modelo surgiu pela primeira vez em 2000 apresentado pelo educador norte americano J. Wesley Baker, mais tarde esse modelo foi aperfei\u00e7oado por Jonathan Bergmann e Aaron Sams em 2006.<\/p>\n\n\n\n<h3 class=\"wp-block-heading\">Gamifica\u00e7\u00e3o<\/h3>\n\n\n\n<p>Esta proposta educativa que trabalha as TIC &#8216;s na educa\u00e7\u00e3o surgiu primeiro no mundo do trabalho para engajar funcion\u00e1rios de empresas aos objetivos e valores desta.<\/p>\n\n\n\n<p>No entanto, quando essa proposta passou a ser aplicada na educa\u00e7\u00e3o se verificou o aumento do interesse dos alunos que j\u00e1 estavam interagindo com um mundo informatizado em seus cotidianos.<\/p>\n\n\n\n<p>O jogo dentro da sala de aula por meio de aparatos tecnol\u00f3gicos possibilita o desenvolvimento de capacidades nos alunos, entre as quais:<\/p>\n\n\n\n<ul class=\"wp-block-list\"><li>Capacita\u00e7\u00e3o criativa<\/li><li>apropria\u00e7\u00e3o<\/li><li>adequa\u00e7\u00e3o<\/li><li>aprendizado por meio de perdas<\/li><li>imprevisibilidade<\/li><\/ul>\n\n\n\n<h2 class=\"wp-block-heading\">Problemas sociais e tecnologia<\/h2>\n\n\n\n<p>At\u00e9 aqui vimos que nos tempos atuais \u00e9 irrevers\u00edvel e imprescind\u00edvel a ado\u00e7\u00e3o de tecnologia digitais na escola. vale lembrar que ultimamente assistimos um dos maiores eventos de isolamento social ocasionado pela COVID &#8211; 19.<\/p>\n\n\n\n<p>Este isolamento teve como consequ\u00eancia a pr\u00e1tica do ensino remoto, pr\u00e1tica esta que desnudou desigualdades sociais frente \u00e0s demandas tecnol\u00f3gicas.<\/p>\n\n\n\n<p>Assim, no contexto da pandemia podemos assistir todo tipo de aulas incipientes e inadequa\u00e7\u00f5es provindas da desigualdade social associada \u00e0 demanda tecnol\u00f3gica que se fazia premente.<\/p>\n\n\n\n<p>Neste cen\u00e1rio desigual as principais d\u00favidas foram as seguintes:<\/p>\n\n\n\n<ul class=\"wp-block-list\"><li>A escola vai adotar o ensino remoto ou as atividades v\u00e3o esperar o fim da pandemia?<\/li><li>Quantos alunos possuem equipamento adequado para o ensino remoto?<\/li><li>Quantos alunos t\u00eam a possibilidade de acessar a internet?<\/li><li>Como o ensino presencial ser\u00e1 transferido para o ensino online?<\/li><\/ul>\n\n\n\n<p>Com toda esta inusitada e&nbsp; demorada situa\u00e7\u00e3o, veio \u00e0 tona a quest\u00e3o que sempre esteve no \u00e2mago da educa\u00e7\u00e3o: <strong>educa\u00e7\u00e3o \u00e9 privil\u00e9gio ou direito?<\/strong><\/p>\n\n\n\n<p>Vale lembrar que j\u00e1 em 1950 o educador An\u00edsio Teixeira defendia o direito da educa\u00e7\u00e3o em todo territ\u00f3rio nacional. A partir dessa consci\u00eancia a constitui\u00e7\u00e3o de 1988 focou na educa\u00e7\u00e3o como direito de todos&nbsp; e dever do estado.<\/p>\n\n\n\n<p>Esta vis\u00e3o desembocou na LDB de 1996 e nos Planos nacionais de educa\u00e7\u00e3o, no entanto, as desigualdades continuaram e seus tra\u00e7os s\u00e3o mais refor\u00e7ados e marcados por crit\u00e9rios de ra\u00e7a, classe e g\u00eanero entre os estudantes.<\/p>\n\n\n\n<p>Estas demarca\u00e7\u00f5es de desigualdades se mostraram mais vis\u00edveis atualmente quando muitos jovens e crian\u00e7as se evadiram da escola por conta do isolamento e tamb\u00e9m por n\u00e3o possu\u00edrem equipamentos adequados para acessar uma educa\u00e7\u00e3o digital de forma intelig\u00edvel e integral.<\/p>\n\n\n\n<p>No entanto, sabemos que tais desafios na educa\u00e7\u00e3o brasileira n\u00e3o s\u00e3o novos, por\u00e9m com a pandemia esses desafios se acentuaram ainda mais. Essas acentua\u00e7\u00f5es de problemas sociais na educa\u00e7\u00e3o mostraram para n\u00f3s de maneira mais clara os mecanismos de cria\u00e7\u00e3o e reprodu\u00e7\u00e3o de desigualdades.&nbsp;<\/p>\n\n\n\n<p>Assim, podemos ver o aumento das dist\u00e2ncias entre escolas p\u00fablicas e privadas, e entre ricos e pobres.<\/p>\n\n\n\n<p>Fica uma li\u00e7\u00e3o para todos os adeptos das TIC &#8216;s na educa\u00e7\u00e3o: O uso de tecnologias no tecido social \u00e9&nbsp; marcado por grandes diferen\u00e7as e desigualdade, diante disto \u00e9 preciso que a vis\u00e3o tecnol\u00f3gica educativa abarque esses problemas em seus objetivos.<\/p>\n\n\n\n<p>Transformando o ide\u00e1rio pragm\u00e1tico contido nas ferramentas tecnol\u00f3gicas em uma proposta educacional formadora.&nbsp;<\/p>\n\n\n\n<p>Neste sentido, \u00e9 importante lembrar que a realidade brasileira se mostra com muitas lacunas no \u00e2mbito tecnol\u00f3gico e educativo.<\/p>\n\n\n\n<p>Algumas pesquisas feitas em 2019 pelo Centro Regional de Estudos para o Desenvolvimento da Sociedade da Informa\u00e7\u00e3o,&nbsp; j\u00e1 apontavam para a diferen\u00e7a de acesso \u00e0 internet entre as classes.&nbsp;<\/p>\n\n\n\n<p>Assim, entre as classes A e B, o acesso era de 100% enquanto entre as classes D e E o acesso era de 50%.<\/p>\n\n\n\n<p>A partir desse cen\u00e1rio, precisamos de uma educa\u00e7\u00e3o informatizada que n\u00e3o se limite ao discurso ideol\u00f3gico e que mude a realidade social de muitos jovens e crian\u00e7as de maneira efetiva.<\/p>\n\n\n\n<div class=\"wp-block-media-text alignwide is-stacked-on-mobile\" style=\"grid-template-columns:22% auto\"><figure class=\"wp-block-media-text__media\"><img loading=\"lazy\" decoding=\"async\" width=\"164\" height=\"164\" src=\"https:\/\/uniplenaeducacional.com.br\/blog\/wp-content\/uploads\/2020\/08\/Design-sem-nome.png\" alt=\"\" class=\"wp-image-222 size-full\" srcset=\"https:\/\/uniplenaeducacional.com.br\/blog\/wp-content\/uploads\/2020\/08\/Design-sem-nome.png 164w, https:\/\/uniplenaeducacional.com.br\/blog\/wp-content\/uploads\/2020\/08\/Design-sem-nome-150x150.png 150w\" sizes=\"(max-width: 164px) 100vw, 164px\" \/><\/figure><div class=\"wp-block-media-text__content\">\n<p class=\"has-small-font-size\"><strong>Pedro Guimar\u00e3es<\/strong>  &#8211; Mestre em m\u00fasica na \u00e1rea de Etnomusicologia pela UNESP. Professor de M\u00fasica e Arte Educador nas seguintes Institui\u00e7\u00f5es: Servi\u00e7o Social da Ind\u00fastria (SESI); Centro de Educa\u00e7\u00e3o Unificada da prefeitura (CEU); Faculdade Anhembi Morumbi; e Instituto Paulo Vanzolini (Forma\u00e7\u00e3o de Professores). M\u00fasico multi-instrumentista e compositor de trilha sonora.<\/p>\n<\/div><\/div>\n\n\n\n<p><\/p>\n","protected":false},"excerpt":{"rendered":"<p>Este texto tem a inten\u00e7\u00e3o de elucidar a utiliza\u00e7\u00e3o de tecnologias da informa\u00e7\u00e3o e comunica\u00e7\u00e3o nas primeiras s\u00e9ries do fundamental. Portanto, para fazer uma incurs\u00e3o sobre este tema precisamos primeiramente abordar algumas premissas que est\u00e3o&hellip;<\/p>\n<p><a class=\"readmore\" href=\"https:\/\/uniplenaeducacional.com.br\/blog\/tics-nas-series-iniciais\/\">Read More<\/a><\/p>\n","protected":false},"author":6,"featured_media":0,"comment_status":"open","ping_status":"open","sticky":false,"template":"","format":"standard","meta":{"footnotes":""},"categories":[1],"tags":[],"class_list":["post-577","post","type-post","status-publish","format-standard","hentry","category-educacao-basica"],"_links":{"self":[{"href":"https:\/\/uniplenaeducacional.com.br\/blog\/wp-json\/wp\/v2\/posts\/577"}],"collection":[{"href":"https:\/\/uniplenaeducacional.com.br\/blog\/wp-json\/wp\/v2\/posts"}],"about":[{"href":"https:\/\/uniplenaeducacional.com.br\/blog\/wp-json\/wp\/v2\/types\/post"}],"author":[{"embeddable":true,"href":"https:\/\/uniplenaeducacional.com.br\/blog\/wp-json\/wp\/v2\/users\/6"}],"replies":[{"embeddable":true,"href":"https:\/\/uniplenaeducacional.com.br\/blog\/wp-json\/wp\/v2\/comments?post=577"}],"version-history":[{"count":1,"href":"https:\/\/uniplenaeducacional.com.br\/blog\/wp-json\/wp\/v2\/posts\/577\/revisions"}],"predecessor-version":[{"id":578,"href":"https:\/\/uniplenaeducacional.com.br\/blog\/wp-json\/wp\/v2\/posts\/577\/revisions\/578"}],"wp:attachment":[{"href":"https:\/\/uniplenaeducacional.com.br\/blog\/wp-json\/wp\/v2\/media?parent=577"}],"wp:term":[{"taxonomy":"category","embeddable":true,"href":"https:\/\/uniplenaeducacional.com.br\/blog\/wp-json\/wp\/v2\/categories?post=577"},{"taxonomy":"post_tag","embeddable":true,"href":"https:\/\/uniplenaeducacional.com.br\/blog\/wp-json\/wp\/v2\/tags?post=577"}],"curies":[{"name":"wp","href":"https:\/\/api.w.org\/{rel}","templated":true}]}}