{"id":554,"date":"2022-08-19T09:00:00","date_gmt":"2022-08-19T09:00:00","guid":{"rendered":"https:\/\/uniplenaeducacional.com.br\/blog\/?p=554"},"modified":"2022-08-12T19:30:14","modified_gmt":"2022-08-12T19:30:14","slug":"o-que-sao-atpcs","status":"publish","type":"post","link":"https:\/\/uniplenaeducacional.com.br\/blog\/o-que-sao-atpcs\/","title":{"rendered":"O que s\u00e3o ATPCs"},"content":{"rendered":"\n<p>As ATPCs significam Aulas de Trabalho Pedag\u00f3gicos Coletivos e integram a jornada de trabalho docente e sua forma\u00e7\u00e3o continuada.<\/p>\n\n\n\n<p>Por meio dessas a\u00e7\u00f5es a escola se torna um espa\u00e7o privilegiado de forma\u00e7\u00e3o com o apoio da Secretaria da educa\u00e7\u00e3o e a atua\u00e7\u00e3o da equipe gestora (dire\u00e7\u00e3o e coordena\u00e7\u00e3o pedag\u00f3gica).<\/p>\n\n\n\n<p>As ATPCs&nbsp; engajam os professores e profissionais da educa\u00e7\u00e3o em um processo de forma\u00e7\u00e3o em rede.<\/p>\n\n\n\n<p>Neste texto veremos a import\u00e2ncia atual das ATPCs tamb\u00e9m chamadas de HTPCs ( Horas de Trabalho Pedag\u00f3gicos Coletivos)&nbsp; na forma\u00e7\u00e3o continua do docente.<\/p>\n\n\n\n<p>A import\u00e2ncia deste instrumento pedag\u00f3gico cresce ainda mais frente \u00e0s constantes&nbsp; modifica\u00e7\u00f5es curriculares ocorridas no \u00e2mbito nacional, municipal e estadual.<\/p>\n\n\n\n<p>Uma das principais mudan\u00e7as ocorridas na educa\u00e7\u00e3o de um modo geral foi a elabora\u00e7\u00e3o da BNCC&nbsp; e sua homologa\u00e7\u00e3o em 2017.<\/p>\n\n\n\n<p>Vale lembrar que a elabora\u00e7\u00e3o da BNCC contou com 27 semin\u00e1rios estaduais com professores, gestores e especialistas para debater a segunda vers\u00e3o da BNCC, lembrando que sua primeira vers\u00e3o foi em 2015.<\/p>\n\n\n\n<p>Este grande documento com objetivo de nortear a educa\u00e7\u00e3o nacional causou e ainda causa muitas d\u00favidas por parte dos professores e tamb\u00e9m aumentou a necessidade de forma\u00e7\u00e3o continuada.<\/p>\n\n\n\n<p>&nbsp;Hoje as ATPCs se tornaram cada vez mais necess\u00e1rias com esse intenso debate em torno do conhecimento escolar.<\/p>\n\n\n\n<h2 class=\"wp-block-heading\">Import\u00e2ncia das ATPCs na forma\u00e7\u00e3o docente<\/h2>\n\n\n\n<p>Atualmente a qualifica\u00e7\u00e3o de um professor graduado n\u00e3o basta para se adequar a um mundo em constante mudan\u00e7as \u00e9 preciso adquirir compet\u00eancias diversas e amplas.<\/p>\n\n\n\n<p>Neste sentido, \u00e9 sempre demandada a cria\u00e7\u00e3o de espa\u00e7os para forma\u00e7\u00e3o seja em faculdades, semin\u00e1rios ou cursos. No entanto, os professores podem e precisam utilizar o pr\u00f3prio espa\u00e7o e tempo escolar e isso j\u00e1 \u00e9 garantido pelas ATPCs.<\/p>\n\n\n\n<p>Os professores na articula\u00e7\u00e3o de seu tempo podem fazer da escola um espa\u00e7o de discuss\u00e3o e amplia\u00e7\u00e3o dos saberes e ainda buscar a sua constante forma\u00e7\u00e3o em cursos de p\u00f3s-gradua\u00e7\u00e3o.<\/p>\n\n\n\n<p>Uma maneira de aliar esses dois espa\u00e7os, a faculdade e a escola \u00e9 ver a escola e o trabalho docente como um campo de pesquisa das pr\u00e1ticas pedag\u00f3gicas.<\/p>\n\n\n\n<p>Neste sentido, as ATPCs s\u00e3o essenciais para se pensar o fazer docente, pois os professores refletem sobre suas pr\u00e1ticas no espa\u00e7o que se processa o ensino.<\/p>\n\n\n\n<p>Como diz Ant\u00f3nio N\u00f3voa, o grande pensador da educa\u00e7\u00e3o atual, em recente entrevista dada \u00e0 revista Educa\u00e7\u00e3o &#8211; \u201cA escola e a pedagogia s\u00e3o espa\u00e7os comuns (&#8230;) \u201c \u00e9 o lugar p\u00fablico onde podemos produzir algo comum\u201d.<\/p>\n\n\n\n<p>Para este pensador a forma\u00e7\u00e3o continuada deve considerar a escola como lugar de refer\u00eancia que se articula com o desempenho profissional dos professores.<\/p>\n\n\n\n<p>Por\u00e9m, existe na proposi\u00e7\u00e3o de N\u00f3voa uma certa propens\u00e3o para o pragmatismo de projetos de a\u00e7\u00e3o em detrimento do conte\u00fado que pode ser lesivo para uma reflex\u00e3o cr\u00edtica.<\/p>\n\n\n\n<p>Neste sentido, o professor pode ser um indiv\u00edduo que reflete sobre sua pr\u00e1tica sem esquecer da historicidade do conhecimento e a vis\u00e3o cr\u00edtica social.<\/p>\n\n\n\n<h2 class=\"wp-block-heading\">Como funcionam as ATPCs<\/h2>\n\n\n\n<p>As horas de trabalho pedag\u00f3gicos coletivos funcionam dentro da escola e \u00e9 utilizada no \u00e2mbito de 1 \u2044 3 da carga hor\u00e1ria do professor, os outros 2 \u2044 3 s\u00e3o destinados aos trabalhos com os alunos.<\/p>\n\n\n\n<p>Este espa\u00e7o de tempo de 1 \u2044 3 da carga hor\u00e1ria \u00e9 destinado tamb\u00e9m para corre\u00e7\u00e3o de provas, prepara\u00e7\u00e3o de aulas e atividades com outros docentes representados pelas ATPCs ou HTPCs &#8211; horas de trabalhos pedag\u00f3gicos coletivos de acordo com a nomenclatura fora de S\u00e3o Paulo.<\/p>\n\n\n\n<p>As ATPCs representam um espa\u00e7o para discutir as finalidades da educa\u00e7\u00e3o em meio a reflex\u00f5es cont\u00ednuas sobre o curr\u00edculo oficial e o curr\u00edculo praticado nas escolas.<\/p>\n\n\n\n<p>Al\u00e9m disso, discute-se as metodologias, materiais pedag\u00f3gicos e outros fatores que incidem na educa\u00e7\u00e3o no \u00e2mbito da escola e da educa\u00e7\u00e3o como um todo.<\/p>\n\n\n\n<p>\u00c9 importante salientar que estes momentos de reflex\u00e3o s\u00e3o considerados como uma manifesta\u00e7\u00e3o das especificidades da escola frente a qualquer processo uniformizador.<\/p>\n\n\n\n<p>Neste sentido, \u00e9 um espa\u00e7o onde os professores podem compartilhar suas pr\u00e1ticas pedag\u00f3gicas levando em conta a singularidade de seus problemas.<\/p>\n\n\n\n<p>Vale lembrar que a reflex\u00e3o em educa\u00e7\u00e3o precisa ser exercida dentro de uma perspectiva te\u00f3rica e pr\u00e1tica e dentro de um universo reflexivo ancorado na cr\u00edtica hist\u00f3rica e social.&nbsp;<\/p>\n\n\n\n<p>Outra import\u00e2ncia das ATPCs est\u00e1 no fato desses encontros serviram para troca de experi\u00eancias e realizar uma forma\u00e7\u00e3o coletiva de docentes.<\/p>\n\n\n\n<h2 class=\"wp-block-heading\">ATPCs e BNCC<\/h2>\n\n\n\n<p>A rela\u00e7\u00e3o que podemos estabelecer entre as ATPCs e a BNCC \u00e9 primeiro uma rela\u00e7\u00e3o direta da ideologia presente na BNCC alinhada \u00e0 forma\u00e7\u00e3o do indiv\u00edduo no mundo do trabalho.&nbsp;<\/p>\n\n\n\n<p>Ou seja, o tema central da BNCC \u00e9 o conceito de compet\u00eancia que visa preparar os jovens para o mundo profissional adequando-o por meio de aptid\u00f5es emocionais e projetos de vida.<\/p>\n\n\n\n<p>Nas ATPCs os professores precisaram adequar o seu planejamento com essa nova \u00f3tica educativa da BNCC.<\/p>\n\n\n\n<p>Nas aulas e encontros dos docentes precisa estar em discuss\u00e3o tamb\u00e9m a educa\u00e7\u00e3o integral, que \u00e9 uma preocupa\u00e7\u00e3o recorrente na BNCC.<\/p>\n\n\n\n<p>Neste sentido esse documento aponta que a crian\u00e7a precisa ser compreendida em suas singularidades e diversidades. Al\u00e9m disso, a escola precisa se voltar para o desenvolvimento pleno do aluno em suas diferentes dimens\u00f5es formativas.<\/p>\n\n\n\n<p>Os professores em sua forma\u00e7\u00e3o continuada precisam compreender como o conceito de compet\u00eancia \u00e9 definido na BNCC, nesse sentido ele \u00e9:<\/p>\n\n\n\n<ul class=\"wp-block-list\"><li><strong>Mobiliza\u00e7\u00e3o de conhecimentos:<\/strong> Conceitos e procedimentos&nbsp;<\/li><li><strong>Habilidades:<\/strong> Pr\u00e1ticas, cognitivas e socioemocionais<\/li><li><strong>Atitudes e valores:<\/strong> Resolver demandas complexas da vida cotidiana, do pleno exerc\u00edcio da cidadania e do mundo do trabalho ( BNCC, 2018, pag.8)<\/li><\/ul>\n\n\n\n<p>Na defini\u00e7\u00e3o desse conceito podemos perceber que n\u00e3o se d\u00e1 muita \u00eanfase ao conhecimento te\u00f3rico de sua produ\u00e7\u00e3o hist\u00f3rica e a um posicionamento cr\u00edtico\/social na a\u00e7\u00e3o do ensino\/aprendizagem.<\/p>\n\n\n\n<p>Esta lacuna dentro do conceito de compet\u00eancia apresentado na BNCC pode sugerir um extenso debate por parte dos professores, procurando ressignificar e adequar este documento \u00e0 pr\u00e1tica reflexiva e cr\u00edtica.<\/p>\n\n\n\n<h2 class=\"wp-block-heading\">Problemas apresentados pelas ATPCs<\/h2>\n\n\n\n<p>O principal problema apresentado por esses encontros \u00e9 a desconex\u00e3o com os contextos locais da escola e da sala de aula. Neste sentido, n\u00e3o existe uma preocupa\u00e7\u00e3o em articular os saberes docentes com o objetivo de enfrentar os problemas em sala de aula.<\/p>\n\n\n\n<p>O espa\u00e7o de interlocu\u00e7\u00e3o com professores \u00e9 m\u00ednimo, ocasionando o n\u00e3o enfrentamento das dificuldades do ensino p\u00fablico.<\/p>\n\n\n\n<p>Os problemas&nbsp; mais corriqueiros s\u00e3o falta de estrutura, curr\u00edculo engessado e o grande n\u00famero de alunos por sala.<\/p>\n\n\n\n<p>Al\u00e9m disso, os professores n\u00e3o conseguem se articular e receber suporte para enfrentar problemas que foram discutidos nas ATPCs.<\/p>\n\n\n\n<h2 class=\"wp-block-heading\">Conclus\u00e3o<\/h2>\n\n\n\n<p>Neste artigo vimos a import\u00e2ncia das ATPCs junto a forma\u00e7\u00e3o continuada dos professores e a um espa\u00e7o de reflex\u00e3o sobre suas pr\u00e1ticas. No entanto, os problemas da educa\u00e7\u00e3o ainda s\u00e3o muitos e diversos.<\/p>\n\n\n\n<p>Por\u00e9m, todo espa\u00e7o de reflex\u00e3o \u00e9 muito v\u00e1lido para a forma\u00e7\u00e3o docente quando os temas discutidos nesses espa\u00e7os servem de motivo para a pesquisa individual.<\/p>\n\n\n\n<p>Neste sentido, os professores n\u00e3o podem perder a oportunidade de refletir de forma cr\u00edtica diante dos problemas sociais que envolvem a escola, a educa\u00e7\u00e3o e articula\u00e7\u00e3o de novos conceitos.<\/p>\n\n\n\n<div class=\"wp-block-media-text alignwide is-stacked-on-mobile\" style=\"grid-template-columns:22% auto\"><figure class=\"wp-block-media-text__media\"><img loading=\"lazy\" decoding=\"async\" width=\"164\" height=\"164\" src=\"https:\/\/uniplenaeducacional.com.br\/blog\/wp-content\/uploads\/2020\/08\/Design-sem-nome.png\" alt=\"\" class=\"wp-image-222 size-full\" srcset=\"https:\/\/uniplenaeducacional.com.br\/blog\/wp-content\/uploads\/2020\/08\/Design-sem-nome.png 164w, https:\/\/uniplenaeducacional.com.br\/blog\/wp-content\/uploads\/2020\/08\/Design-sem-nome-150x150.png 150w\" sizes=\"(max-width: 164px) 100vw, 164px\" \/><\/figure><div class=\"wp-block-media-text__content\">\n<p class=\"has-small-font-size\"><strong>Pedro Guimar\u00e3es<\/strong>  &#8211; Mestre em m\u00fasica na \u00e1rea de Etnomusicologia pela UNESP. Professor de M\u00fasica e Arte Educador nas seguintes Institui\u00e7\u00f5es: Servi\u00e7o Social da Ind\u00fastria (SESI); Centro de Educa\u00e7\u00e3o Unificada da prefeitura (CEU); Faculdade Anhembi Morumbi; e Instituto Paulo Vanzolini (Forma\u00e7\u00e3o de Professores). M\u00fasico multi-instrumentista e compositor de trilha sonora.<\/p>\n<\/div><\/div>\n\n\n\n<p><\/p>\n","protected":false},"excerpt":{"rendered":"<p>As ATPCs significam Aulas de Trabalho Pedag\u00f3gicos Coletivos e integram a jornada de trabalho docente e sua forma\u00e7\u00e3o continuada. Por meio dessas a\u00e7\u00f5es a escola se torna um espa\u00e7o privilegiado de forma\u00e7\u00e3o com o apoio&hellip;<\/p>\n<p><a class=\"readmore\" href=\"https:\/\/uniplenaeducacional.com.br\/blog\/o-que-sao-atpcs\/\">Read More<\/a><\/p>\n","protected":false},"author":6,"featured_media":0,"comment_status":"open","ping_status":"open","sticky":false,"template":"","format":"standard","meta":{"footnotes":""},"categories":[1],"tags":[],"class_list":["post-554","post","type-post","status-publish","format-standard","hentry","category-educacao-basica"],"_links":{"self":[{"href":"https:\/\/uniplenaeducacional.com.br\/blog\/wp-json\/wp\/v2\/posts\/554"}],"collection":[{"href":"https:\/\/uniplenaeducacional.com.br\/blog\/wp-json\/wp\/v2\/posts"}],"about":[{"href":"https:\/\/uniplenaeducacional.com.br\/blog\/wp-json\/wp\/v2\/types\/post"}],"author":[{"embeddable":true,"href":"https:\/\/uniplenaeducacional.com.br\/blog\/wp-json\/wp\/v2\/users\/6"}],"replies":[{"embeddable":true,"href":"https:\/\/uniplenaeducacional.com.br\/blog\/wp-json\/wp\/v2\/comments?post=554"}],"version-history":[{"count":1,"href":"https:\/\/uniplenaeducacional.com.br\/blog\/wp-json\/wp\/v2\/posts\/554\/revisions"}],"predecessor-version":[{"id":555,"href":"https:\/\/uniplenaeducacional.com.br\/blog\/wp-json\/wp\/v2\/posts\/554\/revisions\/555"}],"wp:attachment":[{"href":"https:\/\/uniplenaeducacional.com.br\/blog\/wp-json\/wp\/v2\/media?parent=554"}],"wp:term":[{"taxonomy":"category","embeddable":true,"href":"https:\/\/uniplenaeducacional.com.br\/blog\/wp-json\/wp\/v2\/categories?post=554"},{"taxonomy":"post_tag","embeddable":true,"href":"https:\/\/uniplenaeducacional.com.br\/blog\/wp-json\/wp\/v2\/tags?post=554"}],"curies":[{"name":"wp","href":"https:\/\/api.w.org\/{rel}","templated":true}]}}