{"id":550,"date":"2022-08-12T17:30:00","date_gmt":"2022-08-12T17:30:00","guid":{"rendered":"https:\/\/uniplenaeducacional.com.br\/blog\/?p=550"},"modified":"2022-08-12T19:26:17","modified_gmt":"2022-08-12T19:26:17","slug":"vantagens-da-formacao-continuada-de-professores","status":"publish","type":"post","link":"https:\/\/uniplenaeducacional.com.br\/blog\/vantagens-da-formacao-continuada-de-professores\/","title":{"rendered":"Vantagens da forma\u00e7\u00e3o continuada de professores"},"content":{"rendered":"\n<p>Neste texto veremos principalmente, as vantagens da forma\u00e7\u00e3o continuada de professores. Dentre elas a melhoria da qualidade do ensino, as atualiza\u00e7\u00f5es tecnol\u00f3gicas que os professores precisam estar alinhados e a consci\u00eancia hist\u00f3rica cr\u00edtica e social que precisa abarcar docentes e discentes.<\/p>\n\n\n\n<p>&nbsp;No entanto, para sabermos como se efetiva a forma\u00e7\u00e3o continuada precisamos entender a evolu\u00e7\u00e3o hist\u00f3rica do conceito de forma\u00e7\u00e3o docente no Brasil e no mundo. Neste sentido, para vislumbrar as vantagens reais que a forma\u00e7\u00e3o docente promulga, precisamos entender as bases pol\u00edticas e sociais de sua nascente.<\/p>\n\n\n\n<p>Para todas essas implica\u00e7\u00f5es esse texto ir\u00e1 abordar:&nbsp;<\/p>\n\n\n\n<ul class=\"wp-block-list\"><li>As vantagens da forma\u00e7\u00e3o alinhadas com a BNCC<\/li><li>O papel das faculdades de pedagogia<\/li><li>Vantagens da forma\u00e7\u00e3o docente aliada com novas metodologias&nbsp;&nbsp;<\/li><\/ul>\n\n\n\n<h2 class=\"wp-block-heading\">Vantagens da forma\u00e7\u00e3o continuada e a BNCC<\/h2>\n\n\n\n<p>Um dos objetivos da implementa\u00e7\u00e3o da BNCC como base nacional comum curricular \u00e9 alinhar a forma\u00e7\u00e3o dos professores com esse documento. Esta a\u00e7\u00e3o estar\u00e1 a cargo da Uni\u00e3o (uma das esferas p\u00fablicas) para unificar os docentes em torno dos objetivos da BNCC.&nbsp;<\/p>\n\n\n\n<p>Ou seja, a responsabilidade pela forma\u00e7\u00e3o docente est\u00e1 ligada \u00e0 esfera federal. Portanto, o principal objetivo para a educa\u00e7\u00e3o b\u00e1sica, abrange a sociedade brasileira como um todo.<\/p>\n\n\n\n<p>Neste sentido o objetivo explicitado na BNCC \u00e9: assegurar uma forma\u00e7\u00e3o humana integral que vise \u00e0 constru\u00e7\u00e3o de uma sociedade justa, democr\u00e1tica e inclusiva.<\/p>\n\n\n\n<p>A seguir veremos algumas vantagens que a forma\u00e7\u00e3o&nbsp; continuada pode oferecer aos professores buscando alinhar-se com os conceitos abordados na BNCC.<\/p>\n\n\n\n<h2 class=\"wp-block-heading\">O Professor pode desenvolver compet\u00eancias alinhadas com a BNCC<\/h2>\n\n\n\n<p>A defini\u00e7\u00e3o de compet\u00eancia segundo a BNCC est\u00e1 relacionada com: A mobiliza\u00e7\u00e3o de conhecimentos que envolve conceitos e procedimentos; desenvolvimento de habilidades pr\u00e1ticas e socioemocionais; e desenvolvimento de atitudes e valores.<strong>&nbsp;<\/strong><\/p>\n\n\n\n<p>Estes \u00faltimos focados na resolu\u00e7\u00e3o de demandas complexas da vida cotidiana do mundo do trabalho e do exerc\u00edcio da cidadania.&nbsp;<\/p>\n\n\n\n<p>Podemos vislumbrar nessa defini\u00e7\u00e3o de compet\u00eancia uma objetividade pragm\u00e1tica para o trabalho, ou seja, o ensino b\u00e1sico tem uma forte tend\u00eancia para se tornar um treinamento para o trabalho e se afastar de uma pol\u00edtica social de oferecimento de conte\u00fado e forma\u00e7\u00e3o. Este fato acarretou muitas cr\u00edticas ao documento.<\/p>\n\n\n\n<p>Por\u00e9m, quando o documento aborda as dez compet\u00eancias, aproxima os alunos de uma forma\u00e7\u00e3o mais consistente. No entanto, \u00e9 preciso que os professores realizem sua forma\u00e7\u00e3o continuada para atender a todas as compet\u00eancias.<\/p>\n\n\n\n<p>O foco principal da BNCC \u00e9 assegurar o desenvolvimento de dez compet\u00eancias gerais que giram sobre diversos temas do conhecimento geral. Neste sentido a forma\u00e7\u00e3o continuada dos professores vai se alinhar com os focos da BNCC e ele precisa estar apto para:<\/p>\n\n\n\n<ul class=\"wp-block-list\"><li>Fazer o aluno valorizar e utilizar do conhecimento historicamente constru\u00eddo sobre o mundo f\u00edsico, cultural, social e digital.<\/li><li>Fazer o aluno exercitar a sua curiosidade intelectual recorrendo a abordagem cient\u00edfica<\/li><li>Fazer com que os alunos valorizem, apreciem as manifesta\u00e7\u00f5es art\u00edsticas de diversas linguagens e participem de processos de produ\u00e7\u00e3o art\u00edsticas.<\/li><li>Fazer com que os alunos utilizem as linguagens verbal, art\u00edstica, corporal, visual, cient\u00edfica, matem\u00e1tica e digital.<\/li><li>Desenvolver a compreens\u00e3o, utiliza\u00e7\u00e3o e cria\u00e7\u00e3o de tecnologias digitais de informa\u00e7\u00e3o e comunica\u00e7\u00e3o.<\/li><li>Fazer com que o aluno conhe\u00e7a algumas pr\u00e1ticas profissionais para construir seu projeto de vida.<\/li><li>Desenvolver no aluno a aptid\u00e3o de argumentar sobre os direitos humanos, consci\u00eancia socioambiental e consumo respons\u00e1vel.<\/li><li>Promover o autoconhecimento do aluno para que ele cuide de sua sa\u00fade f\u00edsica e emocional e tenha autocr\u00edtica para lidar com suas emo\u00e7\u00f5es e a dos outros.<\/li><li>Fazer com que os alunos respeitem a diversidade social sem nenhum preconceito<\/li><li>Promover a a\u00e7\u00e3o aut\u00f4noma tanto coletiva como individual, fazendo com que os alunos tomem decis\u00f5es visando princ\u00edpios \u00e9ticos, democr\u00e1ticos, inclusivos, sustent\u00e1veis e solid\u00e1rios.<\/li><\/ul>\n\n\n\n<h2 class=\"wp-block-heading\">Forma\u00e7\u00e3o continuada e faculdades de pedagogia<\/h2>\n\n\n\n<p>Na atualidade cada vez mais \u00e9 cobrada a forma\u00e7\u00e3o continuada do professor, pois vivemos em mundo que a informa\u00e7\u00e3o est\u00e1 democratizada na internet. Diante desse fato os professores precisam se tornar mediadores da informa\u00e7\u00e3o para esta se transformar em conhecimento.<\/p>\n\n\n\n<p>Vale lembrar, que mesmo antes do mundo informatizado, a ess\u00eancia do papel do professor era articular e desenvolver o conhecimento junto com os alunos para transformar saberes do senso comum em conhecimento. No entanto, essa transforma\u00e7\u00e3o nunca pode abdicar do&nbsp; sem senso cr\u00edtico, hist\u00f3rico e social.<\/p>\n\n\n\n<p>A faculdade de pedagogia oferece a forma\u00e7\u00e3o docente aptid\u00f5es no trabalho alinhado ao desenvolvimento de compet\u00eancias e tamb\u00e9m uma base s\u00f3lida para lidar com os novos desafios no \u00e2mbito das tecnologias da informa\u00e7\u00e3o e tecnologia (TICs).<\/p>\n\n\n\n<p>Outro ponto chave que uma faculdade pode oferecer aos professores na sua forma\u00e7\u00e3o continuada \u00e9 o conceito de professor-reflexivo. Ou seja, no \u00e2mbito de cursos, semin\u00e1rios , palestras e nos n\u00edveis mais profundos da p\u00f3s-gradua\u00e7\u00e3o a faculdade de pedagogia pode desenvolver o senso da reflex\u00e3o.<\/p>\n\n\n\n<p>Neste sentido, al\u00e9m do conhecimento de teorias da educa\u00e7\u00e3o os professores podem se tornarem aptos a fazerem cotidianamente uma reflex\u00e3o sistem\u00e1tica de sua pr\u00e1tica profissional.<\/p>\n\n\n\n<p>Quando o professor exercita sua reflex\u00e3o sobre a sua pr\u00e1tica permite uma renova\u00e7\u00e3o do ensino frente a muitas quest\u00f5es como inclus\u00e3o, diversidade, problemas sociais e outras.<\/p>\n\n\n\n<p>A forma\u00e7\u00e3o continuada possibilita tamb\u00e9m a socializa\u00e7\u00e3o com colegas de profiss\u00e3o sobre problemas e aprendizados da doc\u00eancia; aplica\u00e7\u00e3o dos processos de forma\u00e7\u00e3o; planejamento de novos projetos did\u00e1ticos.<\/p>\n\n\n\n<h2 class=\"wp-block-heading\">Vantagens da forma\u00e7\u00e3o docente e as novas metodologia<\/h2>\n\n\n\n<p>Nos \u00faltimos dias com a utiliza\u00e7\u00e3o cada vez mais acentuada da tecnologia da informa\u00e7\u00e3o e comunica\u00e7\u00e3o muitos novos m\u00e9todos pedag\u00f3gicos est\u00e3o sendo resgatados&nbsp; reinventado como: sala invertida, metodologia h\u00edbrida, projetos pedag\u00f3gicos e outras.<\/p>\n\n\n\n<p>No entanto, n\u00e3o podemos esquecer que muitas dessas metodologias pedag\u00f3gicas aplicadas ao ensino com uso de tecnologias j\u00e1 existiam no advento da <strong>Escola Nova<\/strong> no Brasil.<\/p>\n\n\n\n<p>Para entendermos o fundamento que sustenta as novas metodologias de ensino hoje, precisamos entender como surgiu a escola nova em oposi\u00e7\u00e3o ao ensino tradicional.<\/p>\n\n\n\n<p>A principal mudan\u00e7a que ocorreu em rela\u00e7\u00e3o ao ensino tradicional foi sobre os tr\u00eas elementos fundamentais do ensino que s\u00e3o: <strong>O professor<\/strong>,<strong> o aluno<\/strong> e o <strong>conhecimento<\/strong>.<\/p>\n\n\n\n<p>Na escola tradicional a figura central de ensino era o professor, ou seja, ele detinha o conhecimento e cabia aos alunos somente o papel de ouvinte que absorvia o seu conhecimento.<\/p>\n\n\n\n<p>Por\u00e9m, quando surgiu a escola nova o foco de aten\u00e7\u00e3o foi transferido para o aluno. Assim, o aluno passou a ser o protagonista do ensino. Neste sentido, essa nova pedagogia come\u00e7ou a focar na participa\u00e7\u00e3o ativa e coletiva dos alunos.<\/p>\n\n\n\n<p>Neste processo se destacou o potencial de sociabilidade e de troca entre os aprendizes. No entanto, quando se transfere esta nova proposta que se desenvolveu ao longo do s\u00e9culo XX para a \u00e9poca atual temos que acrescentar a tecnologia da informa\u00e7\u00e3o e comunica\u00e7\u00e3o.<\/p>\n\n\n\n<p>Para termos alguns exemplos das novas metodologias podemos citar duas das mais importantes:<\/p>\n\n\n\n<h3 class=\"wp-block-heading\">Sala de aula invertida<\/h3>\n\n\n\n<p>A vis\u00e3o pedag\u00f3gica que traz o modelo de sala de aula invertida tem por base a invers\u00e3o do modelo tradicional de ensino.&nbsp;<\/p>\n\n\n\n<p>No antigo modelo o professor fazia a exposi\u00e7\u00e3o do conhecimento para posteriormente realizar atividades pedag\u00f3gicas pr\u00e1ticas para testar o alcance e efic\u00e1cia da transmiss\u00e3o de um determinado conhecimento.<\/p>\n\n\n\n<p>A sala de aula invertida oferece uma invers\u00e3o deste procedimento por meio da proposta de pesquisa e investiga\u00e7\u00e3o que os alunos far\u00e3o antes da abordagem do conte\u00fado pelo professor em sala de aula.&nbsp;<\/p>\n\n\n\n<p>Assim, seguindo ao ide\u00e1rio da Escola Nova, o professor n\u00e3o \u00e9 mais o protagonista e expositor do conhecimento e sim o mediador e facilitador da informa\u00e7\u00e3o para essa se tornar conhecimento.<\/p>\n\n\n\n<h3 class=\"wp-block-heading\">&nbsp;Gamifica\u00e7\u00e3o<\/h3>\n\n\n\n<p>O m\u00e9todo da gamifica\u00e7\u00e3o foi utilizado primeiro em empresas de marketing para atingir o consumidor e para engajamento dos funcion\u00e1rios aos valores da empresa.<\/p>\n\n\n\n<p>Neste sentido, o termo \u201cGamifica\u00e7\u00e3o\u201d criado por Nick Pelling em 2002 se refere primeiro ao deslocamento de toda cultura dos games para os setores de marketing. Alguns objetivos das campanhas de marketing coincidiam com as caracter\u00edsticas dos games como engajamento, mudan\u00e7a de comportamento, interesse e efici\u00eancia na realiza\u00e7\u00e3o de tarefas.&nbsp;<\/p>\n\n\n\n<p>Quando transferimos esta ideia para a sala de aula temos o engajamento dos alunos como indiv\u00edduos aut\u00f4nomos dentro do processo de ensino. Neste sentido, o jogo, al\u00e9m de promover o engajamento dos alunos, pode fornecer auto-estima e resolver problemas de inseguran\u00e7a quando abordado coletivamente sem evidenciar a sua natural competitividade.<\/p>\n\n\n\n<p>Para a desenvolvedora de jogos Jane McGonigal, o jogo na sociedade atual n\u00e3o faz parte do \u00f3cio e sim integra-se a demanda humana diante das incertezas de diversas ordens, somando-se a todos os tipos de aparatos tecnol\u00f3gicos para promover a sensa\u00e7\u00e3o de seguran\u00e7a e controle.<\/p>\n\n\n\n<div class=\"wp-block-media-text alignwide is-stacked-on-mobile\" style=\"grid-template-columns:22% auto\"><figure class=\"wp-block-media-text__media\"><img loading=\"lazy\" decoding=\"async\" width=\"164\" height=\"164\" src=\"https:\/\/uniplenaeducacional.com.br\/blog\/wp-content\/uploads\/2020\/08\/Design-sem-nome.png\" alt=\"\" class=\"wp-image-222 size-full\" srcset=\"https:\/\/uniplenaeducacional.com.br\/blog\/wp-content\/uploads\/2020\/08\/Design-sem-nome.png 164w, https:\/\/uniplenaeducacional.com.br\/blog\/wp-content\/uploads\/2020\/08\/Design-sem-nome-150x150.png 150w\" sizes=\"(max-width: 164px) 100vw, 164px\" \/><\/figure><div class=\"wp-block-media-text__content\">\n<p class=\"has-small-font-size\"><strong>Pedro Guimar\u00e3es<\/strong>  &#8211; Mestre em m\u00fasica na \u00e1rea de Etnomusicologia pela UNESP. Professor de M\u00fasica e Arte Educador nas seguintes Institui\u00e7\u00f5es: Servi\u00e7o Social da Ind\u00fastria (SESI); Centro de Educa\u00e7\u00e3o Unificada da prefeitura (CEU); Faculdade Anhembi Morumbi; e Instituto Paulo Vanzolini (Forma\u00e7\u00e3o de Professores). M\u00fasico multi-instrumentista e compositor de trilha sonora.<\/p>\n<\/div><\/div>\n\n\n\n<p><\/p>\n","protected":false},"excerpt":{"rendered":"<p>Neste texto veremos principalmente, as vantagens da forma\u00e7\u00e3o continuada de professores. Dentre elas a melhoria da qualidade do ensino, as atualiza\u00e7\u00f5es tecnol\u00f3gicas que os professores precisam estar alinhados e a consci\u00eancia hist\u00f3rica cr\u00edtica e social&hellip;<\/p>\n<p><a class=\"readmore\" href=\"https:\/\/uniplenaeducacional.com.br\/blog\/vantagens-da-formacao-continuada-de-professores\/\">Read More<\/a><\/p>\n","protected":false},"author":6,"featured_media":0,"comment_status":"open","ping_status":"open","sticky":false,"template":"","format":"standard","meta":{"footnotes":""},"categories":[1],"tags":[],"class_list":["post-550","post","type-post","status-publish","format-standard","hentry","category-educacao-basica"],"_links":{"self":[{"href":"https:\/\/uniplenaeducacional.com.br\/blog\/wp-json\/wp\/v2\/posts\/550"}],"collection":[{"href":"https:\/\/uniplenaeducacional.com.br\/blog\/wp-json\/wp\/v2\/posts"}],"about":[{"href":"https:\/\/uniplenaeducacional.com.br\/blog\/wp-json\/wp\/v2\/types\/post"}],"author":[{"embeddable":true,"href":"https:\/\/uniplenaeducacional.com.br\/blog\/wp-json\/wp\/v2\/users\/6"}],"replies":[{"embeddable":true,"href":"https:\/\/uniplenaeducacional.com.br\/blog\/wp-json\/wp\/v2\/comments?post=550"}],"version-history":[{"count":1,"href":"https:\/\/uniplenaeducacional.com.br\/blog\/wp-json\/wp\/v2\/posts\/550\/revisions"}],"predecessor-version":[{"id":551,"href":"https:\/\/uniplenaeducacional.com.br\/blog\/wp-json\/wp\/v2\/posts\/550\/revisions\/551"}],"wp:attachment":[{"href":"https:\/\/uniplenaeducacional.com.br\/blog\/wp-json\/wp\/v2\/media?parent=550"}],"wp:term":[{"taxonomy":"category","embeddable":true,"href":"https:\/\/uniplenaeducacional.com.br\/blog\/wp-json\/wp\/v2\/categories?post=550"},{"taxonomy":"post_tag","embeddable":true,"href":"https:\/\/uniplenaeducacional.com.br\/blog\/wp-json\/wp\/v2\/tags?post=550"}],"curies":[{"name":"wp","href":"https:\/\/api.w.org\/{rel}","templated":true}]}}