{"id":492,"date":"2022-05-04T09:00:00","date_gmt":"2022-05-04T09:00:00","guid":{"rendered":"https:\/\/uniplenaeducacional.com.br\/blog\/?p=492"},"modified":"2022-04-11T21:27:02","modified_gmt":"2022-04-11T21:27:02","slug":"novas-metodologias-e-competencias-socioemocionais","status":"publish","type":"post","link":"https:\/\/uniplenaeducacional.com.br\/blog\/novas-metodologias-e-competencias-socioemocionais\/","title":{"rendered":"Novas metodologias e compet\u00eancias socioemocionais"},"content":{"rendered":"\n<p>As novas metodologias e as compet\u00eancias socioemocionais s\u00e3o dois conceitos que permeiam a educa\u00e7\u00e3o contempor\u00e2nea. As novas metodologias t\u00eam ra\u00edzes na escola nova j\u00e1 no in\u00edcio do s\u00e9culo XX, e o eixo comum que transpassa essas novas metodologias \u00e9 o aluno no centro da sala de aula.<\/p>\n\n\n\n<p>Ou seja, nesta educa\u00e7\u00e3o&nbsp; o principal ator na tr\u00edade <em>professor &#8211; conhecimento &#8211; aluno<\/em>, \u00e9 o aluno. Contudo, antes da escola nova o ator principal era o professor. Neste sentido, era uma educa\u00e7\u00e3o autorit\u00e1ria que n\u00e3o dava espa\u00e7o para os alunos desenvolverem suas autonomias.<\/p>\n\n\n\n<p>Portanto, podemos dizer que hoje a qualidade b\u00e1sica e positiva para uma boa educa\u00e7\u00e3o \u00e9 a autonomia dos alunos. No entanto, atualmente existe o conceito da <strong>intelig\u00eancia socioemocional <\/strong>que tamb\u00e9m est\u00e1 no \u00e2mbito escolar, e que conversa com os m\u00e9todos ativos.<\/p>\n\n\n\n<p>Portanto, a partir de pesquisa do psic\u00f3logo e jornalista Daniel Goleman a intelig\u00eancia socioemocional est\u00e1 cada vez mais inserida nas preocupa\u00e7\u00f5es escolares.<\/p>\n\n\n\n<p>Segundo Goleman esta intelig\u00eancia \u00e9 a capacidade de identificar nossos pr\u00f3prios sentimentos e dos outros, de nos motivarmos e gerirmos impulsos dentro de n\u00f3s.<\/p>\n\n\n\n<h2 class=\"wp-block-heading\">Novas metodologias de ensino requeridas atualmente<\/h2>\n\n\n\n<p>As metodologias ativas s\u00e3o as mais utilizadas atualmente para sanar os problemas e as demandas do ensino atual.&nbsp;<\/p>\n\n\n\n<p>Durante todo o s\u00e9culo XX e o s\u00e9culo XXI at\u00e9 nossos dias a principal modifica\u00e7\u00e3o da metodologia tradicional para os m\u00e9todos ativos foi a mudan\u00e7a dos pap\u00e9is de ensino.&nbsp;<\/p>\n\n\n\n<p>Ou seja, ocorreu a migra\u00e7\u00e3o do papel de principal agente dos processos educacionais &#8211; do professor para o aluno.<\/p>\n\n\n\n<p>Portanto, o aluno \u00e9 o protagonista do ensino, caracter\u00edstica que vem se ampliando atualmente.<\/p>\n\n\n\n<p>No entanto, por mais que esta ideia seja uma ideia que vem se desenvolvendo a mais de um s\u00e9culo, atualmente o uso da tecnologia da informa\u00e7\u00e3o e comunica\u00e7\u00e3o se acoplam a ela.<\/p>\n\n\n\n<p>Assim, hoje essa transforma\u00e7\u00e3o conta com o aux\u00edlio de celulares, tablets, computadores, entre muitos outros dispositivos.<\/p>\n\n\n\n<p>Todas essas ferramentas servem como facilitadoras do acesso \u00e0 informa\u00e7\u00e3o em sala de aula.<\/p>\n\n\n\n<p>No entanto, o ensino ativo \u00e9 pautado em diferentes modelos de educa\u00e7\u00e3o que podem variar com o objetivo da li\u00e7\u00e3o, com a disciplina entre outros fatores.<\/p>\n\n\n\n<h2 class=\"wp-block-heading\">Tipos de metodologias ativas mais aplicadas atualmentes<\/h2>\n\n\n\n<h3 class=\"wp-block-heading\">1- Gamifica\u00e7\u00e3o<\/h3>\n\n\n\n<p>A gamifica\u00e7\u00e3o \u00e9 um recurso pedag\u00f3gico que consiste em utilizar as caracter\u00edsticas dos jogos para engajar os alunos e unir alunos e professores em torno do conhecimento e sua problematiza\u00e7\u00e3o.<\/p>\n\n\n\n<p>Al\u00e9m disso, a gamifica\u00e7\u00e3o \u00e9 uma estrat\u00e9gia bem eficaz para que os alunos desenvolvam um esp\u00edrito de competitividade saud\u00e1vel no sentido de ser coletiva e inclusiva<\/p>\n\n\n\n<p>\u00c9 importante lembrar que o processo de gamifica\u00e7\u00e3o n\u00e3o depende s\u00f3 de jogos tecnol\u00f3gicos.&nbsp;<\/p>\n\n\n\n<p>Ou seja, os jogos podem ser de qualquer esp\u00e9cie, desde que insiram temas interessantes para o aprendizado dos alunos.<\/p>\n\n\n\n<p>&nbsp;Vale lembrar, que o jogo aplicado \u00e0 educa\u00e7\u00e3o surgiu com o conceito de game design criado pelo programador brit\u00e2nico NicK Pelling em 2002. A partir deste conceito a sua aplica\u00e7\u00e3o em escolas se propagou entre os anos de 2010 e 2012.<\/p>\n\n\n\n<p>Al\u00e9m disso, a ludicidade dos jogos \u00e9 muito importante para o desenvolvimento social e cultural. Neste sentido, o vi\u00e9s l\u00fadico do jogo foi analisado como um efeito positivo na cultura e sociedade pelo pesquisador Johan Huizinga.&nbsp;<\/p>\n\n\n\n<p>Concluindo, no jogo \u00e9 desenvolvido nos jovens e crian\u00e7as o racioc\u00ednio l\u00f3gico frente aos problemas. Segundo a desenvolvedora de jogos Jane McGonigal o jogo facilita a forma\u00e7\u00e3o de pensamentos estrat\u00e9gicos enriquecedores no ambiente educacional.<\/p>\n\n\n\n<h3 class=\"wp-block-heading\">2- Sala de aula invertida<\/h3>\n\n\n\n<p>A sala de aula invertida \u00e9 uma metodologia de ensino muito utilizada atualmente e nasceu de uma invers\u00e3o conceitual do ensino.<\/p>\n\n\n\n<p>Ou seja, antigamente se acreditava que o aluno precisava aprender do professor por meio de uma aula expositiva. nesta aula era passado todos os conceitos b\u00e1sicos e te\u00f3ricos da mat\u00e9ria a ser vista.<\/p>\n\n\n\n<p>Contudo, no decorrer da hist\u00f3ria do ensino esta proposta se mostrou cada vez mais ineficaz, pois o princ\u00edpio desse conceito est\u00e1 em come\u00e7ar a desenvolver o pensamento dedutivo para depois ingressar em experi\u00eancias indutivas.<\/p>\n\n\n\n<p>Ou seja, come\u00e7ar pela proposta te\u00f3rica para depois realizar experi\u00eancias pr\u00e1ticas em grupo ou individualmente.<\/p>\n\n\n\n<p>A sala de aula invertida inverte totalmente este conceito, dando espa\u00e7o aos alunos pesquisarem primeiro as mat\u00e9rias, as indica\u00e7\u00f5es, os v\u00eddeos e os links dados pelo professor para depois com a media\u00e7\u00e3o desse professor problematizar o assunto.<\/p>\n\n\n\n<p>O conceito de sala de aula invertida (flipped classroom) surgiu em 2000. \u00c9 apresentado pela primeira vez por J. Wesley Baker na International conference on College Teaching and Learning.<\/p>\n\n\n\n<p>Mais tarde, em 2006, foi aperfei\u00e7oado e posto em pr\u00e1tica por dois professores de qu\u00edmica, Jonathan Bergmann e Aaron Sams, que observando a crescente aus\u00eancia de seus alunos, desenvolveram v\u00eddeos que posteriormente eram disponibilizados na internet.<\/p>\n\n\n\n<p>Com isso, os dois professores tiveram enorme sucesso com os seus v\u00eddeos, os quais foram utilizados em todo o mundo. A partir deste fato, criaram a institui\u00e7\u00e3o Flipped Learning Network, sem fins lucrativos, que presta servi\u00e7os de ajuda pedag\u00f3gica a professores e alunos.<\/p>\n\n\n\n<h3 class=\"wp-block-heading\">3- Ensino H\u00edbrido<\/h3>\n\n\n\n<p>O ensino h\u00edbrido \u00e9 uma das metodologias que mais se utiliza atualmente por causa da pandemia de COVID &#8211; 19. Muitas escolas no per\u00edodo de retorno \u00e0s aulas presenciais fizeram um per\u00edodo intermedi\u00e1rio de ensino h\u00edbrido at\u00e9 para n\u00e3o causarem aglomera\u00e7\u00e3o em sala de aula.<\/p>\n\n\n\n<p>Este tipo de ensino mescla aulas presenciais com aulas online, neste sentido ele \u00e9 um pouco semelhante com a metodologia de sala invertida.<\/p>\n\n\n\n<p>Ou seja,&nbsp; os alunos t\u00eam liberdade e autonomia para pesquisarem o assunto em suas casas, para depois em aulas presenciais desenvolverem o assunto com mais precis\u00e3o e problematiza\u00e7\u00e3o.<\/p>\n\n\n\n<p>Na pr\u00e1tica, o ensino h\u00edbrido funciona com a aquisi\u00e7\u00e3o de materiais pelos alunos dos professores. Entre estes materiais est\u00e3o indica\u00e7\u00f5es de fontes de conte\u00fados confi\u00e1veis como sites acad\u00eamicos e sites profissionais sobre determinados conte\u00fados.<\/p>\n\n\n\n<p>Portanto, para que o ensino h\u00edbrido aconte\u00e7a de maneira eficaz, o professor precisa ser mediador no processo de pesquisa da internet e no processo de problematiza\u00e7\u00e3o em sala de aula.&nbsp;<\/p>\n\n\n\n<p>No processo de pesquisa os alunos n\u00e3o podem pesquisar sem nenhuma indica\u00e7\u00e3o, pois atualmente na internet tem muitos conte\u00fados falsos advindos de fontes n\u00e3o confi\u00e1veis e feitos sem nenhuma pesquisa.<\/p>\n\n\n\n<p>Por outro lado, no processo em sala de aula o professor precisa se tornar o mediador diante de algumas propostas que proporcionem autonomia aos alunos, como por exemplo debates, trabalhos em grupos, projetos e outros.<\/p>\n\n\n\n<h2 class=\"wp-block-heading\">Compet\u00eancia na forma\u00e7\u00e3o escolar<\/h2>\n\n\n\n<p>Antes de saber o que \u00e9 o conceito de compet\u00eancia socioemocional \u00e9 preciso conhecer o que envolve o conceito de compet\u00eancia.&nbsp;<\/p>\n\n\n\n<p>No entanto, nesse texto ficar\u00e1 imposs\u00edvel desenvolver este conceito na origem, pois tem estudos que datam da idade m\u00e9dia.<\/p>\n\n\n\n<p>Portanto, vamos focar para \u00e9pocas que deram origem aos estudos voltados para a cogni\u00e7\u00e3o e as \u00e1reas emotivas e sociais.&nbsp;<\/p>\n\n\n\n<p>Uma das fontes dos estudos que desembocaram no estudo das compet\u00eancias socioemocionais \u00e9 o ramo da psicologia social que se desenvolveu desde a metade do s\u00e9culo XIX&nbsp; e em todo s\u00e9culo XX.<\/p>\n\n\n\n<p>No entanto, a partir de 1970 muitos autores desenvolveram o conceito de compet\u00eancia definindo-a em tr\u00eas grupos distintos:<\/p>\n\n\n\n<ul class=\"wp-block-list\"><li>Cognitiva<\/li><li>Intelig\u00eancia emocional<\/li><li>Intelig\u00eancia social<\/li><\/ul>\n\n\n\n<p>A intelig\u00eancia cognitiva \u00e9 focada na solu\u00e7\u00e3o de problemas por meio da criatividade e do pensamento l\u00f3gico. Ou seja, \u00e9 a capacidade de pensar e analisar a informa\u00e7\u00e3o e a situa\u00e7\u00e3o para proporcionar um desempenho efetivo superior.<\/p>\n\n\n\n<p>Por outro lado, a intelig\u00eancia emocional e social s\u00e3o capacidades de reconhecer, entender e usar a informa\u00e7\u00e3o emocional em si pr\u00f3prio e sobre os outros.<\/p>\n\n\n\n<p>portanto, ela \u00e9 utilizada para preservar o bem-estar pessoal e a harmonia nas rela\u00e7\u00f5es interpessoais.<\/p>\n\n\n\n<h2 class=\"wp-block-heading\">Compet\u00eancia socioemocional<\/h2>\n\n\n\n<p>Segundo, o psic\u00f3logo e te\u00f3rico organizacional Richard Eleftherios Boyatzis, as intelig\u00eancias emocional e social s\u00e3o o elemento chave para lidar com a diversidade, principalmente em rela\u00e7\u00f5es de trabalho.<\/p>\n\n\n\n<p>Neste sentido, esta intelig\u00eancia est\u00e1 conectada com o manejo das emo\u00e7\u00f5es pessoais em ambientes heterog\u00eaneos, proporcionando a todos aceitarem as diferen\u00e7as culturais.<\/p>\n\n\n\n<p>Vale lembrar, que esta conceitua\u00e7\u00e3o pode se estender para o ambiente escolar tamb\u00e9m<\/p>\n\n\n\n<p>Por\u00e9m, de acordo com rafael Bisquerra, presidente da <strong>RIEEB &#8211; Rede Internacional de Educa\u00e7\u00e3o Emocional e Bem-estar <\/strong>&#8211; a compet\u00eancia socioemocional possui 5 componentes:<\/p>\n\n\n\n<ul class=\"wp-block-list\"><li><strong>Consci\u00eancia emocional de si&nbsp; e de outras pessoas<\/strong>: Capta\u00e7\u00e3o do clima emocional em diferentes contextos.<\/li><li><strong>Regula\u00e7\u00e3o emocional:<\/strong> Gerenciamento das emo\u00e7\u00f5es.<\/li><li><strong>Autonomia emocional:<\/strong> Reconhecimento de limites pessoais e autoestima elevada.<\/li><li><strong>Dom\u00ednio das habilidades sociais:<\/strong> Capacidade de se comunicar e ser assertivo e ter atitudes respeitosas<\/li><li><strong>Habilidade de vida e bem-estar:<\/strong> Ado\u00e7\u00e3o de comportamentos apropriados para solucionar problemas pessoais, familiares, profissionais e sociais preservando o ambiente social e o bem-estar pessoal.<\/li><\/ul>\n\n\n\n<h2 class=\"wp-block-heading\">Conclus\u00e3o<\/h2>\n\n\n\n<p>Este artigo tratou de dois temas que permeiam o cen\u00e1rio da educa\u00e7\u00e3o atual: os m\u00e9todos ativos e a compet\u00eancia socioemocional.<\/p>\n\n\n\n<p>Vendo a primeira vista, parece que esses dois temas n\u00e3o possuem nenhuma rela\u00e7\u00e3o entre si.<\/p>\n\n\n\n<p>No entanto, o eixo principal dos m\u00e9todos ativos que \u00e9 o desenvolvimento da autonomia est\u00e1 bastante relacionado com o desenvolvimento da compet\u00eancia socioemocional.<\/p>\n\n\n\n<p>Ou seja, no mesmo momento que criamos v\u00e1rias ferramentas para proporcionar um ensino que coloque o aluno no centro dos componentes educacionais, estamos focando tamb\u00e9m no desempenho social e emocional do aluno.<\/p>\n\n\n\n<p>Neste sentido, estes dois grandes temas da educa\u00e7\u00e3o precisam estar cada vez mais conectados para chegarmos em um ensino que trabalhe a autonomia dos alunos em todos os n\u00edveis: cognitivo, emocional e social.<\/p>\n\n\n\n<div class=\"wp-block-media-text alignwide is-stacked-on-mobile\" style=\"grid-template-columns:22% auto\"><figure class=\"wp-block-media-text__media\"><img loading=\"lazy\" decoding=\"async\" width=\"164\" height=\"164\" src=\"https:\/\/uniplenaeducacional.com.br\/blog\/wp-content\/uploads\/2020\/08\/Design-sem-nome.png\" alt=\"\" class=\"wp-image-222 size-full\" srcset=\"https:\/\/uniplenaeducacional.com.br\/blog\/wp-content\/uploads\/2020\/08\/Design-sem-nome.png 164w, https:\/\/uniplenaeducacional.com.br\/blog\/wp-content\/uploads\/2020\/08\/Design-sem-nome-150x150.png 150w\" sizes=\"(max-width: 164px) 100vw, 164px\" \/><\/figure><div class=\"wp-block-media-text__content\">\n<p class=\"has-small-font-size\"><strong>Pedro Guimar\u00e3es<\/strong>  &#8211; Mestre em m\u00fasica na \u00e1rea de Etnomusicologia pela UNESP. Professor de M\u00fasica e Arte Educador nas seguintes Institui\u00e7\u00f5es: Servi\u00e7o Social da Ind\u00fastria (SESI); Centro de Educa\u00e7\u00e3o Unificada da prefeitura (CEU); Faculdade Anhembi Morumbi; e Instituto Paulo Vanzolini (Forma\u00e7\u00e3o de Professores). M\u00fasico multi-instrumentista e compositor de trilha sonora.<\/p>\n<\/div><\/div>\n\n\n\n<p><\/p>\n\n\n\n<p><\/p>\n","protected":false},"excerpt":{"rendered":"<p>As novas metodologias e as compet\u00eancias socioemocionais s\u00e3o dois conceitos que permeiam a educa\u00e7\u00e3o contempor\u00e2nea. As novas metodologias t\u00eam ra\u00edzes na escola nova j\u00e1 no in\u00edcio do s\u00e9culo XX, e o eixo comum que transpassa&hellip;<\/p>\n<p><a class=\"readmore\" href=\"https:\/\/uniplenaeducacional.com.br\/blog\/novas-metodologias-e-competencias-socioemocionais\/\">Read More<\/a><\/p>\n","protected":false},"author":6,"featured_media":0,"comment_status":"open","ping_status":"open","sticky":false,"template":"","format":"standard","meta":{"footnotes":""},"categories":[1],"tags":[],"class_list":["post-492","post","type-post","status-publish","format-standard","hentry","category-educacao-basica"],"_links":{"self":[{"href":"https:\/\/uniplenaeducacional.com.br\/blog\/wp-json\/wp\/v2\/posts\/492"}],"collection":[{"href":"https:\/\/uniplenaeducacional.com.br\/blog\/wp-json\/wp\/v2\/posts"}],"about":[{"href":"https:\/\/uniplenaeducacional.com.br\/blog\/wp-json\/wp\/v2\/types\/post"}],"author":[{"embeddable":true,"href":"https:\/\/uniplenaeducacional.com.br\/blog\/wp-json\/wp\/v2\/users\/6"}],"replies":[{"embeddable":true,"href":"https:\/\/uniplenaeducacional.com.br\/blog\/wp-json\/wp\/v2\/comments?post=492"}],"version-history":[{"count":1,"href":"https:\/\/uniplenaeducacional.com.br\/blog\/wp-json\/wp\/v2\/posts\/492\/revisions"}],"predecessor-version":[{"id":493,"href":"https:\/\/uniplenaeducacional.com.br\/blog\/wp-json\/wp\/v2\/posts\/492\/revisions\/493"}],"wp:attachment":[{"href":"https:\/\/uniplenaeducacional.com.br\/blog\/wp-json\/wp\/v2\/media?parent=492"}],"wp:term":[{"taxonomy":"category","embeddable":true,"href":"https:\/\/uniplenaeducacional.com.br\/blog\/wp-json\/wp\/v2\/categories?post=492"},{"taxonomy":"post_tag","embeddable":true,"href":"https:\/\/uniplenaeducacional.com.br\/blog\/wp-json\/wp\/v2\/tags?post=492"}],"curies":[{"name":"wp","href":"https:\/\/api.w.org\/{rel}","templated":true}]}}