{"id":478,"date":"2022-04-08T09:00:00","date_gmt":"2022-04-08T09:00:00","guid":{"rendered":"https:\/\/uniplenaeducacional.com.br\/blog\/?p=478"},"modified":"2022-03-14T18:57:42","modified_gmt":"2022-03-14T18:57:42","slug":"o-que-sao-habilidades-socioemocionais","status":"publish","type":"post","link":"https:\/\/uniplenaeducacional.com.br\/blog\/o-que-sao-habilidades-socioemocionais\/","title":{"rendered":"O que s\u00e3o habilidades socioemocionais"},"content":{"rendered":"\n<p>Basicamente, as habilidades emocionais est\u00e3o centradas no gerenciamento das emo\u00e7\u00f5es para obter uma aprendizagem realmente enriquecedora. Portanto, este gerenciamento aponta para a supera\u00e7\u00e3o de desafios.<\/p>\n\n\n\n<p>Muitos fatores existentes na sociedade demandam o desenvolvimento dessas habilidades. Alunos que possuem boas habilidades cognitivas podem n\u00e3o conseguir um entendimento satisfat\u00f3rio.<\/p>\n\n\n\n<p>Isto acontece por fatores como: Traumas emocionais, situa\u00e7\u00f5es adversas, dificuldade de relacionamento familiar e muitos outros.<\/p>\n\n\n\n<p>Atualmente, o desenvolvimento das habilidades emocionais se tornou imprescind\u00edvel, principalmente na educa\u00e7\u00e3o.&nbsp;<\/p>\n\n\n\n<p>Hoje vivemos em um per\u00edodo cr\u00edtico relacionado \u00e0 pandemia, o que causa v\u00e1rias situa\u00e7\u00f5es adversas entre elas o distanciamento social.<\/p>\n\n\n\n<p>Portanto, o contexto da educa\u00e7\u00e3o atual exige programas que v\u00e3o al\u00e9m das mat\u00e9rias tradicionais. Neste texto, vamos compreender o conceito e a import\u00e2ncia das habilidades socioemocionais.<\/p>\n\n\n\n<p>Al\u00e9m disso, vamos elencar algumas habilidades emocionais para voc\u00ea conhecer.<\/p>\n\n\n\n<h2 class=\"wp-block-heading\">O que s\u00e3o habilidades socioemocionais<\/h2>\n\n\n\n<p>Podemos definir inicialmente as habilidades socioemocionais como o desenvolvimento de aptid\u00f5es controladoras das emo\u00e7\u00f5es. No entanto, este controle est\u00e1 centrado no relacionamento pessoal.<\/p>\n\n\n\n<p>Portanto, a maneira como um indiv\u00edduo se relaciona influi em seu <strong>pensamento<\/strong>, <strong>decis\u00f5es<\/strong> e <strong>a\u00e7\u00f5es<\/strong>. Esta tr\u00edade direciona a nossa vida em v\u00e1rios momentos, sejam eles ligados \u00e0 educa\u00e7\u00e3o, trabalho, atividade art\u00edstica, afetividade e outros.<\/p>\n\n\n\n<p>Assim, as compet\u00eancias socioemocionais se configuram em um conjunto de habilidades que ser\u00e3o utilizadas em diversas situa\u00e7\u00f5es do cotidiano. Dentre estas situa\u00e7\u00f5es est\u00e3o: saber se relacionar, se comunicar, trabalhar coletivamente, e outras.<\/p>\n\n\n\n<p>No entanto, estas compet\u00eancias e habilidades est\u00e3o relacionadas com a capacidade de lidar com as pr\u00f3prias emo\u00e7\u00f5es, desenvolver autoconhecimento e se relacionar com os outros.<\/p>\n\n\n\n<p>Neste sentido, quando a escola oferece um desenvolvimento socioemocional para os alunos ela est\u00e1 desenvolvendo v\u00e1rias capacidades.&nbsp;<\/p>\n\n\n\n<p>Assim, estes alunos se tornam capazes de colaborar, mediar conflitos, solucionar problemas e outros atributos necess\u00e1rios para o aprendizado integral.<\/p>\n\n\n\n<h2 class=\"wp-block-heading\">BNCC e as habilidades socioemocionais<\/h2>\n\n\n\n<p>Como um documento normativo direcionado para a difus\u00e3o de uma educa\u00e7\u00e3o igualit\u00e1ria, o BNCC implementou uma nova diretriz que inclui as compet\u00eancias socioemocionais.<\/p>\n\n\n\n<p>Esta modifica\u00e7\u00e3o teve como objetivos o est\u00edmulo das compet\u00eancias fundamentais para a melhoria da aprendizagem.<\/p>\n\n\n\n<p>Al\u00e9m disso, objetivou tamb\u00e9m a conviv\u00eancia e os aspectos relacionados com a forma\u00e7\u00e3o profissional dos alunos.<\/p>\n\n\n\n<p>Dentro desta \u00f3tica se vislumbra bastante o desenvolvimento futuro dos alunos que est\u00e1 voltado para a coletividade e produtividade no trabalho.<\/p>\n\n\n\n<p>Neste documento podemos separar alguns objetivos que est\u00e3o bastantes ligados ao desenvolvimento socioemocional como:<\/p>\n\n\n\n<ul class=\"wp-block-list\"><li><strong>O autoconhecimento:<\/strong> Compreens\u00e3o e reconhecimento de suas pr\u00f3prias emo\u00e7\u00f5es e dos outros indiv\u00edduos com autocr\u00edtica.<\/li><li><strong>Exerc\u00edcio da empatia:<\/strong> Resolu\u00e7\u00e3o de conflito, di\u00e1logo e valoriza\u00e7\u00e3o da diversidade.<\/li><li><strong>Pensar no coletivo: <\/strong>&nbsp;Agir n\u00e3o apenas para si e tomar decis\u00f5es com base na \u00e9tica, democracia, sustentabilidade, inclus\u00e3o e solidariedade.<\/li><\/ul>\n\n\n\n<h2 class=\"wp-block-heading\">Principais habilidades socioemocionais<\/h2>\n\n\n\n<p>Vimos at\u00e9 aqui que as habilidades socioemocionais fazem parte de um novo paradigma no \u00e2mbito educacional do s\u00e9culo XXI.<\/p>\n\n\n\n<p>Portanto, estas habilidades representam um eixo muito importante na elabora\u00e7\u00e3o da base nacional comum curricular (BNCC).<\/p>\n\n\n\n<p>Agora vamos compreender os principais tipos de habilidades socioemocionais que ir\u00e3o fornecer uma base cognitiva para um conv\u00edvio social e rela\u00e7\u00f5es saud\u00e1veis nos \u00e2mbitos: Escolar, profissional e pessoal.<\/p>\n\n\n\n<ul class=\"wp-block-list\"><li>Empatia<\/li><\/ul>\n\n\n\n<p>Basicamente, empatia \u00e9 colocar-se no lugar do outro. Contudo, esta habilidade envolve o conhecimento de diversas situa\u00e7\u00f5es.&nbsp; Portanto o trabalho para desenvolvimento da empatia envolve uma an\u00e1lise das diversidades comportamentais e sociais.<\/p>\n\n\n\n<p>A a\u00e7\u00e3o direcionada pela empatia contribui para decis\u00f5es mais respons\u00e1veis que contornam as adversidades sem gerar conflitos.<\/p>\n\n\n\n<ul class=\"wp-block-list\"><li>Autoestima<\/li><\/ul>\n\n\n\n<p>A autoestima parte do autoconhecimento e \u00e9 essencial para a obten\u00e7\u00e3o de confian\u00e7a e consci\u00eancia do valor do indiv\u00edduo para a sociedade. O desenvolvimento desta habilidade trar\u00e1 para o aluno motiva\u00e7\u00e3o, positividade e flexibilidade.&nbsp;<\/p>\n\n\n\n<p>Portanto, este desenvolvimento ir\u00e1 colaborar na maneira de lidar com mudan\u00e7as e situa\u00e7\u00f5es cotidianas da melhor forma poss\u00edvel.<\/p>\n\n\n\n<ul class=\"wp-block-list\"><li>Felicidade<\/li><\/ul>\n\n\n\n<p>A felicidade \u00e9 uma habilidade socioemocional que est\u00e1 ligada com a empatia e autoestima, pois \u00e9 um sentimento que parte do indiv\u00edduo para o coletivo. Ou seja, a felicidade torna o ambiente mais agrad\u00e1vel melhorando as rela\u00e7\u00f5es humanas.<\/p>\n\n\n\n<p>Portanto, ela \u00e9 produtiva promovendo relacionamentos mais leves e amenizando as tens\u00f5es do cotidiano.<\/p>\n\n\n\n<ul class=\"wp-block-list\"><li>\u00e9tica<\/li><\/ul>\n\n\n\n<p>O conceito de \u00e9tica tamb\u00e9m \u00e9 um trabalho no desenvolvimento da habilidade socioemocional e \u00e9 baseado em valores. Ou seja, a \u00e9tica reflete tudo aquilo que \u00e9 certo ou errado em rela\u00e7\u00e3o a dignidade e exist\u00eancia humana.<\/p>\n\n\n\n<p>Assim, toda a\u00e7\u00e3o que prejudica indiv\u00edduos ou determinados grupos humanos dentro da sociedade \u00e9 determinada como anti\u00e9tica. Neste sentido, este requisito \u00e9 essencial para toda rela\u00e7\u00e3o humana seja ela educacional, profissional ou pessoal.<\/p>\n\n\n\n<ul class=\"wp-block-list\"><li>Paci\u00eancia<\/li><\/ul>\n\n\n\n<p>A paci\u00eancia \u00e9 uma habilidade que est\u00e1 relacionada com a subjetividade e intersubjetividade, pois \u00e9 a habilidade que desenvolve a afetividade e ao saber lidar com opini\u00f5es diferentes no estabelecimento de di\u00e1logos.<\/p>\n\n\n\n<p>Ela \u00e9 um dos pilares do desenvolvimento s\u00f3cio emocional pois otimiza as rela\u00e7\u00f5es pessoais, contribuindo para o bem estar geral de um ambiente.<\/p>\n\n\n\n<ul class=\"wp-block-list\"><li>Autoconhecimento<\/li><\/ul>\n\n\n\n<p>O autoconhecimento est\u00e1 bastante ligado com a autoestima e \u00e9 direcionado para compreens\u00e3o de suas aptid\u00f5es e limites. Neste sentido, quando uma pessoa compreende seu papel na sociedade ela pode lidar com outras pessoas de maneira muito produtiva.<\/p>\n\n\n\n<p>Assim, se os alunos desenvolverem essa habilidade o ambiente escolar ser\u00e1 muito mais colaborativo e equilibrado, pois cada um tem a dimens\u00e3o exata dos limites mentais e corporais possibilitando o desenvolvimento.<\/p>\n\n\n\n<ul class=\"wp-block-list\"><li>Responsabilidade<\/li><\/ul>\n\n\n\n<p>A responsabilidade \u00e9 baseada na compreens\u00e3o de direitos e deveres. Assim, se os alunos compreenderem profundamente esta qualidade os conflitos gerados em sala de aula ser\u00e3o bem menores.<\/p>\n\n\n\n<p>Vale lembrar, que a responsabilidade \u00e9 uma habilidade s\u00f3cio emocional que transcende o ambiente escolar e influencia diretamente a vida social de todo indiv\u00edduo. Portanto, a ado\u00e7\u00e3o de h\u00e1bitos respons\u00e1veis precisa ser comum a todo cidad\u00e3o, seja aluno, professor ou qualquer outro profissional.<\/p>\n\n\n\n<ul class=\"wp-block-list\"><li>Confian\u00e7a<\/li><\/ul>\n\n\n\n<p>A confian\u00e7a est\u00e1 relacionada intrinsecamente com a autoestima \u00e9 \u00e9 uma habilidade voltada para a pr\u00f3pria capacidade. Ou seja, a pessoa que tem confian\u00e7a acredita em suas aptid\u00f5es e supera obst\u00e1culos mais facilmente.<\/p>\n\n\n\n<p>Atualmente a confian\u00e7a \u00e9 cada vez mais decisiva para o sucesso pessoal na vida educacional\/acad\u00eamica, profissional e pessoal\/afetiva.<\/p>\n\n\n\n<ul class=\"wp-block-list\"><li>Autonomia<\/li><\/ul>\n\n\n\n<p>Esta habilidade vem sendo trabalhada desde as propostas da escola nova do in\u00edcio do s\u00e9culo XX e hoje se tornou muito importante por causa das novas formas de ensino.<\/p>\n\n\n\n<p>Portanto, com o avan\u00e7o tecnol\u00f3gico principalmente nas tecnologias de informa\u00e7\u00e3o e comunica\u00e7\u00e3o, faz com que o ensino precise trabalhar com a autonomia dos alunos.<\/p>\n\n\n\n<p>A habilidade de autonomia desenvolve a capacidade da pessoa se autogerenciar. Ou seja, tomar decis\u00f5es, ser proativo&nbsp; e estar consciente das consequ\u00eancias de suas escolhas.<\/p>\n\n\n\n<ul class=\"wp-block-list\"><li>Criatividade<\/li><\/ul>\n\n\n\n<p>Dentro das habilidades socioemocionais a criatividade est\u00e1 relacionada com a elabora\u00e7\u00e3o de novas propostas em todo espectro do conhecimento. Ou seja, a pessoa que desenvolve esta habilidade est\u00e1 apta a descobrir novos caminhos em \u00e2mbitos, cient\u00edficos, art\u00edsticos, filos\u00f3ficos, lingu\u00edsticos e muitos outros.<\/p>\n\n\n\n<p>No entanto, o desenvolvimento desta habilidade est\u00e1 calcado na melhoria da capacidade de observa\u00e7\u00e3o, de realizar questionamentos e conex\u00e3o de ideias.<\/p>\n\n\n\n<p>Neste sentido, se o professor desenvolve nos alunos um \u00f3timo senso de observa\u00e7\u00e3o por meio de suas atividades seja no campo pr\u00e1tico ou filos\u00f3fico ele est\u00e1 contribuindo para esta habilidade.<\/p>\n\n\n\n<p>Por outro lado, s\u00f3 a observa\u00e7\u00e3o n\u00e3o desenvolve completamente a habilidade criativa, ela precisa estar ligada com a cr\u00edtica ou questionamento e a s\u00edntese ou conex\u00e3o de ideias.<\/p>\n\n\n\n<div class=\"wp-block-media-text alignwide is-stacked-on-mobile\" style=\"grid-template-columns:22% auto\"><figure class=\"wp-block-media-text__media\"><img loading=\"lazy\" decoding=\"async\" width=\"164\" height=\"164\" src=\"https:\/\/uniplenaeducacional.com.br\/blog\/wp-content\/uploads\/2020\/08\/Design-sem-nome.png\" alt=\"\" class=\"wp-image-222 size-full\" srcset=\"https:\/\/uniplenaeducacional.com.br\/blog\/wp-content\/uploads\/2020\/08\/Design-sem-nome.png 164w, https:\/\/uniplenaeducacional.com.br\/blog\/wp-content\/uploads\/2020\/08\/Design-sem-nome-150x150.png 150w\" sizes=\"(max-width: 164px) 100vw, 164px\" \/><\/figure><div class=\"wp-block-media-text__content\">\n<p class=\"has-small-font-size\"><strong>Pedro Guimar\u00e3es<\/strong>  &#8211; Mestre em m\u00fasica na \u00e1rea de Etnomusicologia pela UNESP. Professor de M\u00fasica e Arte Educador nas seguintes Institui\u00e7\u00f5es: Servi\u00e7o Social da Ind\u00fastria (SESI); Centro de Educa\u00e7\u00e3o Unificada da prefeitura (CEU); Faculdade Anhembi Morumbi; e Instituto Paulo Vanzolini (Forma\u00e7\u00e3o de Professores). M\u00fasico multi-instrumentista e compositor de trilha sonora.<\/p>\n<\/div><\/div>\n\n\n\n<p><\/p>\n","protected":false},"excerpt":{"rendered":"<p>Basicamente, as habilidades emocionais est\u00e3o centradas no gerenciamento das emo\u00e7\u00f5es para obter uma aprendizagem realmente enriquecedora. Portanto, este gerenciamento aponta para a supera\u00e7\u00e3o de desafios. Muitos fatores existentes na sociedade demandam o desenvolvimento dessas habilidades.&hellip;<\/p>\n<p><a class=\"readmore\" href=\"https:\/\/uniplenaeducacional.com.br\/blog\/o-que-sao-habilidades-socioemocionais\/\">Read More<\/a><\/p>\n","protected":false},"author":6,"featured_media":0,"comment_status":"open","ping_status":"open","sticky":false,"template":"","format":"standard","meta":{"footnotes":""},"categories":[1],"tags":[],"class_list":["post-478","post","type-post","status-publish","format-standard","hentry","category-educacao-basica"],"_links":{"self":[{"href":"https:\/\/uniplenaeducacional.com.br\/blog\/wp-json\/wp\/v2\/posts\/478"}],"collection":[{"href":"https:\/\/uniplenaeducacional.com.br\/blog\/wp-json\/wp\/v2\/posts"}],"about":[{"href":"https:\/\/uniplenaeducacional.com.br\/blog\/wp-json\/wp\/v2\/types\/post"}],"author":[{"embeddable":true,"href":"https:\/\/uniplenaeducacional.com.br\/blog\/wp-json\/wp\/v2\/users\/6"}],"replies":[{"embeddable":true,"href":"https:\/\/uniplenaeducacional.com.br\/blog\/wp-json\/wp\/v2\/comments?post=478"}],"version-history":[{"count":1,"href":"https:\/\/uniplenaeducacional.com.br\/blog\/wp-json\/wp\/v2\/posts\/478\/revisions"}],"predecessor-version":[{"id":479,"href":"https:\/\/uniplenaeducacional.com.br\/blog\/wp-json\/wp\/v2\/posts\/478\/revisions\/479"}],"wp:attachment":[{"href":"https:\/\/uniplenaeducacional.com.br\/blog\/wp-json\/wp\/v2\/media?parent=478"}],"wp:term":[{"taxonomy":"category","embeddable":true,"href":"https:\/\/uniplenaeducacional.com.br\/blog\/wp-json\/wp\/v2\/categories?post=478"},{"taxonomy":"post_tag","embeddable":true,"href":"https:\/\/uniplenaeducacional.com.br\/blog\/wp-json\/wp\/v2\/tags?post=478"}],"curies":[{"name":"wp","href":"https:\/\/api.w.org\/{rel}","templated":true}]}}