{"id":466,"date":"2022-02-25T08:00:00","date_gmt":"2022-02-25T08:00:00","guid":{"rendered":"https:\/\/uniplenaeducacional.com.br\/blog\/?p=466"},"modified":"2022-02-15T20:43:52","modified_gmt":"2022-02-15T20:43:52","slug":"espacos-nao-escolares-na-pedagogia","status":"publish","type":"post","link":"https:\/\/uniplenaeducacional.com.br\/blog\/espacos-nao-escolares-na-pedagogia\/","title":{"rendered":"Espa\u00e7os n\u00e3o escolares na pedagogia"},"content":{"rendered":"\n<p>Para come\u00e7ar a falar dos espa\u00e7os n\u00e3o escolares na pedagogia, vamos primeiro compreender o conceito de pedagogia. Portanto, a pedagogia se define como um conjunto de t\u00e9cnicas, princ\u00edpios e m\u00e9todos.<\/p>\n\n\n\n<p>Al\u00e9m disso, ela d\u00e1 suporte \u00e0s estrat\u00e9gias de educa\u00e7\u00e3o e ensino em v\u00e1rios setores. Assim, a pedagogia est\u00e1 relacionada \u00e0 administra\u00e7\u00e3o de escolas e \u00e0 condu\u00e7\u00e3o educacional em v\u00e1rios contextos.<\/p>\n\n\n\n<p>Neste sentido, a pedagogia n\u00e3o est\u00e1 atrelada somente ao contexto escolar, ela abrange outras \u00e1reas da sociedade. Estas \u00e1reas s\u00e3o correspondentes aos setores administrativos, ONGs, ambientes hospitalares, setores do turismo, espa\u00e7os culturais e muitos outros.<\/p>\n\n\n\n<p>Em todos estes contextos o papel do pedagogo \u00e9 aperfei\u00e7oar e estimular a capacidade das pessoas. No entanto, ele precisa seguir os ideais da educa\u00e7\u00e3o e defender concep\u00e7\u00f5es \u00e9ticas de vida utilizando as t\u00e9cnicas mais eficientes para transmitir estes valores.<\/p>\n\n\n\n<h2 class=\"wp-block-heading\">Quais s\u00e3o os espa\u00e7os n\u00e3o escolares na pedagogia<\/h2>\n\n\n\n<p>Os espa\u00e7os n\u00e3o escolares na pedagogia s\u00e3o aqueles denominados n\u00e3o formais ou extraescolares. Este tipo de pedagogia surgiu para atender as demandas de uma sociedade constantemente em evolu\u00e7\u00e3o.<\/p>\n\n\n\n<p>Portanto, o p\u00fablico-alvo desta pedagogia s\u00e3o jovens, crian\u00e7as, adultos e idosos, lembrando que a sua atua\u00e7\u00e3o \u00e9 voltada para uma parcela vulner\u00e1vel da sociedade. Vale lembrar, que o conceito de vulnerabilidade est\u00e1 ligado ao campo social e psicol\u00f3gico.&nbsp;<\/p>\n\n\n\n<p>Ou seja, este campo atende pessoas que est\u00e3o nos extratos mais pobres da sociedade e tamb\u00e9m pessoas que est\u00e3o passando por problemas de sa\u00fade e relacionamentos familiares.<\/p>\n\n\n\n<p>Neste sentido, o pedagogo que atua nesses espa\u00e7os se transforma em um agente que desperta o desejo de mudan\u00e7a pelo indiv\u00edduo que passa a ter um melhor autoconhecimento.<\/p>\n\n\n\n<p>Assim, com a atua\u00e7\u00e3o desse profissional a pessoa passa a se conhecer como cidad\u00e3o cr\u00edtico e que reflete sobre as suas atitudes e rela\u00e7\u00e3o com o mundo.&nbsp;<\/p>\n\n\n\n<h2 class=\"wp-block-heading\">Tipos de espa\u00e7os n\u00e3o escolares<\/h2>\n\n\n\n<p>Existem muitos tipos de espa\u00e7os n\u00e3o escolares na pedagogia, pois vivemos em uma sociedade complexa e com demandas que se ampliam conforme sua evolu\u00e7\u00e3o.<\/p>\n\n\n\n<p>Agora vou citar alguns tipos de espa\u00e7os n\u00e3o escolares e suas caracter\u00edsticas:<\/p>\n\n\n\n<ol class=\"wp-block-list\"><li>Pedagogia hospitalar<\/li><\/ol>\n\n\n\n<p>A pedagogia hospitalar tem o objetivo de levar atendimento educacional a jovens e crian\u00e7as em estado de interna\u00e7\u00e3o. Estas crian\u00e7as est\u00e3o afastadas do ambiente escolar, mas n\u00e3o est\u00e3o desligadas das escolas. Neste sentido, o pedagogo tem que adaptar um cronograma de ensino compat\u00edvel com a idade e a s\u00e9rie deste aluno.Por\u00e9m, o pedagogo precisa tamb\u00e9m adaptar todo este cronograma ao estado de sa\u00fade deste indiv\u00edduo.<\/p>\n\n\n\n<ol class=\"wp-block-list\" start=\"2\"><li>Pedagogia no sistema penitenci\u00e1rio:&nbsp;<\/li><\/ol>\n\n\n\n<p>A pedagogia no sistema penitenci\u00e1rio tamb\u00e9m faz parte do contexto n\u00e3o escolar, pois o presidi\u00e1rio tamb\u00e9m tem o direito de acessar o aparato educacional. No entanto, esta pedagogia segue a metodologia dada a jovens e adultos usada no EJA. Lembrando, que a esta metodologia deve se acrescentar o trabalho subjetivo, para resgate deste sujeito. Neste sentido, precisa ser uma educa\u00e7\u00e3o transformadora e conscientizadora. Ou seja, tornar o indiv\u00edduo cada vez mais ciente de seus direitos e deveres diante da sociedade.<\/p>\n\n\n\n<ol class=\"wp-block-list\" start=\"3\"><li>Terceiro setor&nbsp;<\/li><\/ol>\n\n\n\n<p>A atua\u00e7\u00e3o do pedagogo no terceiro setor \u00e9 voltada para o desenvolvimento de projetos dentro de institui\u00e7\u00f5es que s\u00e3o voltadas para a sociedade, neste sentido, o pedagogo vai estar \u00e0 frente de projetos como artesanatos , feiras, grupos de apoio, festivais, saraus entre outros. assim, esse pedagogo presta suporte pedag\u00f3gico, elabora projetos, busca parcerias e outra a\u00e7\u00f5es.&nbsp;<\/p>\n\n\n\n<p>Em s\u00edntese o papel deste profissional \u00e9 oportunizar novas experi\u00eancias educativas para um p\u00fablico diverso entre crian\u00e7as, adolescentes, jovens e adultos, buscando fortalecer a auto-estima desses sujeitos.<\/p>\n\n\n\n<h2 class=\"wp-block-heading\">Desafios em espa\u00e7os n\u00e3o escolares na pedagogia<\/h2>\n\n\n\n<p>O principal desafio para este profissional est\u00e1 ligado com seu campo de atua\u00e7\u00e3o. Ou seja, antes ele era visto como uma pessoa que atuava somente em ambientes escolares. No entanto, o papel deste profissional se ampliou muito, devido \u00e0s demandas da sociedade, por\u00e9m com a amplia\u00e7\u00e3o de sua atua\u00e7\u00e3o aumentou tamb\u00e9m a sua proposta como agente social.<\/p>\n\n\n\n<p>Neste sentido, ele n\u00e3o est\u00e1 somente comprometido com processo de ensino aprendizagem ela tamb\u00e9m est\u00e1 focado na atua\u00e7\u00e3o de gerir, administrar e direcionar<\/p>\n\n\n\n<p>Em s\u00edntese esta papel se resume na gest\u00e3o de espa\u00e7os n\u00e3o escolares que, segundo Lib\u00e2neo, \u00e9 a atividade pela qual s\u00e3o mobilizados meios e procedimentos em prol dos objetivos da institui\u00e7\u00e3o. Contudo, estes meios envolvem processos administrativos, t\u00e9cnicos e gerenciais.<\/p>\n\n\n\n<h2 class=\"wp-block-heading\">Papel do pedagogo em espa\u00e7os n\u00e3o escolares<\/h2>\n\n\n\n<p>Basicamente, o pedagogo em espa\u00e7os n\u00e3o escolares atua como um gestor. Assim, ele busca&nbsp; administrar as a\u00e7\u00f5es educativas que est\u00e3o focadas para o desenvolvimento das capacidades do educando.<\/p>\n\n\n\n<p>Por\u00e9m, ele \u00e9 um gestor que n\u00e3o se prende a formas de controle coercitivos, ou seja, ele precisa gerir levando em conta as perspectivas da equipe. Assim, ele far\u00e1 parte de um corpo que atua em fun\u00e7\u00e3o das subjetividades das pessoas.<\/p>\n\n\n\n<p>Neste sentido, a equipe e o pedagogo buscar\u00e3o nas ci\u00eancias sociais as principais metodologias atreladas ao lado humano do trabalho e direcionadas para os indiv\u00edduos atendidos.<\/p>\n\n\n\n<p>Por\u00e9m, existem muitas possibilidades de gest\u00e3o e elas est\u00e3o ligadas \u00e0s necessidades de cada local de trabalho.<\/p>\n\n\n\n<p>Assim, cabe a esta profissional demarcar seu espa\u00e7o e sua forma de trabalho seguindo as caracter\u00edsticas de cada institui\u00e7\u00e3o.<\/p>\n\n\n\n<p>Para isso ele preciso estar munido de suporte pr\u00e1tico e te\u00f3rico<\/p>\n\n\n\n<h2 class=\"wp-block-heading\">objetivos da educa\u00e7\u00e3o em espa\u00e7os n\u00e3o escolares<\/h2>\n\n\n\n<ol class=\"wp-block-list\"><li>desenvolvimento de um cidad\u00e3o cr\u00edtico e democr\u00e1tico:&nbsp;<\/li><\/ol>\n\n\n\n<p>Um indiv\u00edduo que enxerga a individualidade do outro dentro dos seguintes pressupostos: Culturais, sociais, de justi\u00e7a e igualdade.<\/p>\n\n\n\n<ol class=\"wp-block-list\" start=\"2\"><li>desenvolvimento de saberes:&nbsp;<\/li><\/ol>\n\n\n\n<p>Desenvolvimento de uma consci\u00eancia de pr\u00e1ticas sociais e culturais.<\/p>\n\n\n\n<ol class=\"wp-block-list\" start=\"3\"><li>construir uma din\u00e2mica s\u00f3cio-construtivista:&nbsp;<\/li><\/ol>\n\n\n\n<p>Din\u00e2mica pessoal e social focada no conhecimento cultural pr\u00e9vio da comunidade que est\u00e1 sendo atendida.<\/p>\n\n\n\n<ol class=\"wp-block-list\" start=\"4\"><li>Criar espa\u00e7os de inclus\u00e3o:&nbsp;<\/li><\/ol>\n\n\n\n<p>O pedagogo criar\u00e1 este espa\u00e7o por meio de projetos que atendam as necessidades da comunidade.<\/p>\n\n\n\n<ol class=\"wp-block-list\" start=\"5\"><li>Possibilitar o desenvolvimento de habilidades:<\/li><\/ol>\n\n\n\n<p>\u00a0proporcionar habilidades para que o indiv\u00edduo atue em atividades em sua comunidade na solu\u00e7\u00e3o de problemas, tornando-o capaz de adquirir responsabilidades e emancipa\u00e7\u00e3o.<\/p>\n\n\n\n<div class=\"wp-block-media-text alignwide is-stacked-on-mobile\" style=\"grid-template-columns:22% auto\"><figure class=\"wp-block-media-text__media\"><img loading=\"lazy\" decoding=\"async\" width=\"164\" height=\"164\" src=\"https:\/\/uniplenaeducacional.com.br\/blog\/wp-content\/uploads\/2020\/08\/Design-sem-nome.png\" alt=\"\" class=\"wp-image-222 size-full\" srcset=\"https:\/\/uniplenaeducacional.com.br\/blog\/wp-content\/uploads\/2020\/08\/Design-sem-nome.png 164w, https:\/\/uniplenaeducacional.com.br\/blog\/wp-content\/uploads\/2020\/08\/Design-sem-nome-150x150.png 150w\" sizes=\"(max-width: 164px) 100vw, 164px\" \/><\/figure><div class=\"wp-block-media-text__content\">\n<p class=\"has-small-font-size\"><strong>Pedro Guimar\u00e3es<\/strong>  &#8211; Mestre em m\u00fasica na \u00e1rea de Etnomusicologia pela UNESP. Professor de M\u00fasica e Arte Educador nas seguintes Institui\u00e7\u00f5es: Servi\u00e7o Social da Ind\u00fastria (SESI); Centro de Educa\u00e7\u00e3o Unificada da prefeitura (CEU); Faculdade Anhembi Morumbi; e Instituto Paulo Vanzolini (Forma\u00e7\u00e3o de Professores). M\u00fasico multi-instrumentista e compositor de trilha sonora.<\/p>\n<\/div><\/div>\n\n\n\n<p><\/p>\n","protected":false},"excerpt":{"rendered":"<p>Para come\u00e7ar a falar dos espa\u00e7os n\u00e3o escolares na pedagogia, vamos primeiro compreender o conceito de pedagogia. Portanto, a pedagogia se define como um conjunto de t\u00e9cnicas, princ\u00edpios e m\u00e9todos. Al\u00e9m disso, ela d\u00e1 suporte&hellip;<\/p>\n<p><a class=\"readmore\" href=\"https:\/\/uniplenaeducacional.com.br\/blog\/espacos-nao-escolares-na-pedagogia\/\">Read More<\/a><\/p>\n","protected":false},"author":6,"featured_media":0,"comment_status":"open","ping_status":"open","sticky":false,"template":"","format":"standard","meta":{"footnotes":""},"categories":[1],"tags":[],"class_list":["post-466","post","type-post","status-publish","format-standard","hentry","category-educacao-basica"],"_links":{"self":[{"href":"https:\/\/uniplenaeducacional.com.br\/blog\/wp-json\/wp\/v2\/posts\/466"}],"collection":[{"href":"https:\/\/uniplenaeducacional.com.br\/blog\/wp-json\/wp\/v2\/posts"}],"about":[{"href":"https:\/\/uniplenaeducacional.com.br\/blog\/wp-json\/wp\/v2\/types\/post"}],"author":[{"embeddable":true,"href":"https:\/\/uniplenaeducacional.com.br\/blog\/wp-json\/wp\/v2\/users\/6"}],"replies":[{"embeddable":true,"href":"https:\/\/uniplenaeducacional.com.br\/blog\/wp-json\/wp\/v2\/comments?post=466"}],"version-history":[{"count":1,"href":"https:\/\/uniplenaeducacional.com.br\/blog\/wp-json\/wp\/v2\/posts\/466\/revisions"}],"predecessor-version":[{"id":467,"href":"https:\/\/uniplenaeducacional.com.br\/blog\/wp-json\/wp\/v2\/posts\/466\/revisions\/467"}],"wp:attachment":[{"href":"https:\/\/uniplenaeducacional.com.br\/blog\/wp-json\/wp\/v2\/media?parent=466"}],"wp:term":[{"taxonomy":"category","embeddable":true,"href":"https:\/\/uniplenaeducacional.com.br\/blog\/wp-json\/wp\/v2\/categories?post=466"},{"taxonomy":"post_tag","embeddable":true,"href":"https:\/\/uniplenaeducacional.com.br\/blog\/wp-json\/wp\/v2\/tags?post=466"}],"curies":[{"name":"wp","href":"https:\/\/api.w.org\/{rel}","templated":true}]}}