{"id":464,"date":"2022-02-18T08:00:00","date_gmt":"2022-02-18T08:00:00","guid":{"rendered":"https:\/\/uniplenaeducacional.com.br\/blog\/?p=464"},"modified":"2022-02-15T20:41:40","modified_gmt":"2022-02-15T20:41:40","slug":"supervisao-de-ensino-e-direcao-escolar","status":"publish","type":"post","link":"https:\/\/uniplenaeducacional.com.br\/blog\/supervisao-de-ensino-e-direcao-escolar\/","title":{"rendered":"Supervis\u00e3o de ensino e dire\u00e7\u00e3o escolar"},"content":{"rendered":"\n<p>Geralmente todas as institui\u00e7\u00f5es procuram desenvolver uma educa\u00e7\u00e3o de qualidade que contribua para os alunos e para as a\u00e7\u00f5es do corpo docente..<\/p>\n\n\n\n<p>.No entanto, esta educa\u00e7\u00e3o demanda um espa\u00e7o organizado e eficiente que seja um complemento para as a\u00e7\u00f5es do professor na sala de aula.<\/p>\n\n\n\n<p>Por\u00e9m, quem vai efetivar este espa\u00e7o organizado e que responde \u00e0s demandas de todos os atores escolares \u00e9 a gest\u00e3o escolar.<\/p>\n\n\n\n<p>Assim, os respons\u00e1veis pela gest\u00e3o s\u00e3o o supervisor de ensino, o diretor e o coordenador escolar. Portanto, \u00e9 fundamental o papel destes gestores para evolu\u00e7\u00e3o dos estudantes em todos os elementos de seu aprendizado.<\/p>\n\n\n\n<p>Esta vis\u00e3o da gest\u00e3o como um fator complementar para o trabalho do professor j\u00e1 vem desde 1970. Neste sentido, atualmente o professor n\u00e3o \u00e9 o \u00fanico respons\u00e1vel pelo aprendizado do aluno como se pensava antigamente.<\/p>\n\n\n\n<h2 class=\"wp-block-heading\">Papel de cada ator na gest\u00e3o escolar<\/h2>\n\n\n\n<p>Para n\u00f3s termos uma ideia do papel de cada um dentro da gest\u00e3o escolar, podemos come\u00e7ar pelo supervisor.&nbsp;<\/p>\n\n\n\n<p>A princ\u00edpio, o supervisor de ensino de uma escola se comunica junto com a Secretaria da Educa\u00e7\u00e3o para dar orienta\u00e7\u00f5es sobre organiza\u00e7\u00f5es de ordem curricular.<\/p>\n\n\n\n<p>Assim, ele orienta sobre novas diretrizes de assuntos transversais, novas determina\u00e7\u00f5es de carga hor\u00e1ria e outras.<\/p>\n\n\n\n<p>Por outro lado, o diretor e o coordenador, estar\u00e3o sempre mais pr\u00f3ximos dos professores e alunos. Assim, eles far\u00e3o a gest\u00e3o de ensino, ou seja, como ser\u00e3o organizadas as novas diretrizes que foram passadas para o supervisor de ensino. Al\u00e9m disso, eles podem determinar como ser\u00e3o abordados os novos temas transversais e muitas outras modifica\u00e7\u00f5es que venham da Secretaria da Educa\u00e7\u00e3o.<\/p>\n\n\n\n<p>Portanto, a escola precisa estabelecer um circuito de comunica\u00e7\u00e3o que come\u00e7a na supervis\u00e3o, vai para diretoria e coordena\u00e7\u00e3o e chega nos professores e alunos.&nbsp;<\/p>\n\n\n\n<p>No entanto, tudo precisa ser feito com uma comunica\u00e7\u00e3o saud\u00e1vel para criar uma rela\u00e7\u00e3o de confian\u00e7a. Este funcionamento quando est\u00e1 em um circuito positivo s\u00f3 trar\u00e1 benef\u00edcios para os alunos.<\/p>\n\n\n\n<h2 class=\"wp-block-heading\">Qualidade da gest\u00e3o escolar<\/h2>\n\n\n\n<p>Vimos at\u00e9 aqui, como funciona uma gest\u00e3o escolar que caminha junto com uma educa\u00e7\u00e3o de qualidade. Por\u00e9m, quando uma escola traz um corpo docente desanimado e alunos desmotivados, este circuito que vimos no t\u00f3pico anterior n\u00e3o est\u00e1 funcionando plenamente.<\/p>\n\n\n\n<p>Portanto, existem formas de medir a qualidade de uma escola, uma destas formas \u00e9 o \u00cdndice de Desenvolvimento da Educa\u00e7\u00e3o B\u00e1sica (IDEB).<\/p>\n\n\n\n<p>Neste sentido, quem mede e determina este \u00edndice \u00e9 o Minist\u00e9rio da Educa\u00e7\u00e3o (MEC). Portanto, na forma\u00e7\u00e3o do \u00edndice entram a gest\u00e3o escolar, a pr\u00e1tica dos professores e o sucesso dos alunos.<\/p>\n\n\n\n<p>Assim, o que determina uma escola de qualidade \u00e9 a comunica\u00e7\u00e3o saud\u00e1vel entre supervisor de ensino, diretor, coordenador, orientador, professor e alunos. Por\u00e9m dentro desta comunica\u00e7\u00e3o est\u00e3o objetivos conjuntos, debates, discuss\u00f5es tudo dentro de um \u00e2mbito igualit\u00e1rio e democr\u00e1tico.<\/p>\n\n\n\n<p>Neste sentido, o objetivo principal de uma escola \u00e9 a forma\u00e7\u00e3o dos alunos como cidad\u00e3os. No entanto, o processo principal para se atingir este objetivo \u00e9 o trabalho integrado.<\/p>\n\n\n\n<h2 class=\"wp-block-heading\">Trio gestor<\/h2>\n\n\n\n<p>At\u00e9 aqui j\u00e1 entendemos como funciona uma escola de qualidade e que possui um bom IDEB. no entanto, \u00e9 preciso entender a fun\u00e7\u00e3o da cada um dentro desta tr\u00edade gestora.<\/p>\n\n\n\n<p>Assim, a escola possui tr\u00eas personagens principais: o diretor, o coordenador pedag\u00f3gico e o supervisor de ensino.<\/p>\n\n\n\n<p>O trio gestor tem a responsabilidade de direcionar os trabalhos pedag\u00f3gicos e o andamento da institui\u00e7\u00e3o.<\/p>\n\n\n\n<p>Por\u00e9m, a escola traz outros atores em seu quadro e que tamb\u00e9m tem o papel de auxiliar os professores no trabalho em sala de aula. Estes s\u00e3o os psic\u00f3logos escolares, orientadores educacionais e outros profissionais.<\/p>\n\n\n\n<p>No entanto, para entender melhor a gest\u00e3o escolar, vamos compreender agora o papel de cada elemento que forma o trio gestor.<\/p>\n\n\n\n<h2 class=\"wp-block-heading\">Diretor<\/h2>\n\n\n\n<p>O diretor \u00e9 o l\u00edder da institui\u00e7\u00e3o porque ele responde pelos aspectos legais e estruturais da escola. Al\u00e9m disso, ele orienta os aspectos pedag\u00f3gicos tamb\u00e9m. Portanto, tudo que acontece na administra\u00e7\u00e3o da escola, desde a compra de equipamentos, manuten\u00e7\u00e3o, compra de materiais escolares tem que passar por sua decis\u00e3o.<\/p>\n\n\n\n<p>No entanto, o diretor tamb\u00e9m atua na parte pedag\u00f3gica da escola que tamb\u00e9m est\u00e1 relacionada a leis de ensino e outras portarias do MEC.<\/p>\n\n\n\n<p>Os aspectos do RH de uma escola como contrata\u00e7\u00f5es, processos seletivos tamb\u00e9m s\u00e3o da sua al\u00e7ada.<\/p>\n\n\n\n<p>Al\u00e9m de tudo isso, os resultados pedag\u00f3gicos de uma institui\u00e7\u00e3o ficam sob sua responsabilidade.<\/p>\n\n\n\n<h2 class=\"wp-block-heading\">Coordenador pedag\u00f3gico<\/h2>\n\n\n\n<p>A fun\u00e7\u00e3o do coordenador pedag\u00f3gico \u00e9 orientar os professores sobre todos os assuntos referentes \u00e0 curr\u00edculo, cumprimento de cargas hor\u00e1rias, calend\u00e1rio escolar, eventos escolares e outras atividades que est\u00e3o no \u00e2mbito pedag\u00f3gico.<\/p>\n\n\n\n<p>No entanto, ele est\u00e1 em extrema parceria com o diretor para fazer da escola uma espa\u00e7o de aprendizado para todos.<\/p>\n\n\n\n<p>Al\u00e9m disso, ele deve ser uma pessoa especialista em did\u00e1ticas e precisa estar toda hora pesquisando metodologias pedag\u00f3gicas que atendam a todas aas disciplinas.<\/p>\n\n\n\n<p>Por\u00e9m, al\u00e9m de resolver problemas did\u00e1ticos e de abordar temas variados, ele tamb\u00e9m resolve problemas de ordem subjetiva, como conflitos entre alunos e professores ou entre alunos, dificuldades de ordem inclusiva e outros problemas.<\/p>\n\n\n\n<h3 class=\"wp-block-heading\">Algumas atribui\u00e7\u00f5es do coordenador pedag\u00f3gico:<\/h3>\n\n\n\n<ul class=\"wp-block-list\"><li>Contribuir com o projeto pol\u00edtico-pedag\u00f3gico<\/li><li>Certificar-se do cumprimento do projeto<\/li><li>Participar do planejamento das atividades junto com os professores<\/li><li>Analisar resultados do processo de ensino e aprendizado e propor o que precisa ser melhorado junto com o diretor<\/li><\/ul>\n\n\n\n<h2 class=\"wp-block-heading\">Supervisor escolar<\/h2>\n\n\n\n<p>O supervisor de ensino \u00e9 um representante da Secretaria da educa\u00e7\u00e3o e n\u00e3o \u00e9 um funcion\u00e1rio da escola.<\/p>\n\n\n\n<p>No entanto, ele precisa oferecer apoio t\u00e9cnico para a escola, Al\u00e9m disso, ele precisa orientar a escola que est\u00e1 sob sua responsabilidade nas quest\u00f5es administrativas e pedag\u00f3gicas<\/p>\n\n\n\n<p>Al\u00e9m disso, ele proporciona forma\u00e7\u00e3o aos coordenadores e gestores e implanta\u00e7\u00e3o de pol\u00edticas p\u00fablicas para a educa\u00e7\u00e3o<\/p>\n\n\n\n<p>portanto, ele tem um papel de proximidade com as escolas e n\u00e3o um papel distante e fiscalizador.<\/p>\n\n\n\n<p>Este papel pr\u00f3ximo \u00e0s escolas \u00e9 um fator de sucesso para gest\u00e3o escolar como um todo. Estudos recentes mostraram que quando o supervisor escolar aproxima a Secretaria da Educa\u00e7\u00e3o da escola,&nbsp; esta \u00faltima obt\u00e9m um desempenho superior em avalia\u00e7\u00f5es oficiais.<\/p>\n\n\n\n<h2 class=\"wp-block-heading\">Conclus\u00e3o<\/h2>\n\n\n\n<p>Na hist\u00f3ria das administra\u00e7\u00f5es escolares criou-se um mito que alguns desses tr\u00eas personagens s\u00e3o antagonistas. A prop\u00f3sito, dos tr\u00eas, o que mais se coloca como antag\u00f4nico \u00e9 o supervisor, justamente por ele estar fora da institui\u00e7\u00e3o.&nbsp;<\/p>\n\n\n\n<p>No entanto, muitas vezes este antagonismo \u00e9 atribu\u00eddo at\u00e9 entre diretor e coordenadores.<\/p>\n\n\n\n<p>Obviamente, conflitos e discord\u00e2ncias em determinados assuntos sempre ir\u00e3o existir. Neste sentido, o diretor de uma escola tem uma abordagem mais administrativa, j\u00e1 o coordenador tem uma vis\u00e3o mais pedag\u00f3gica. Por outro lado, o supervisor vai ficar mais atrelado a quest\u00f5es burocr\u00e1ticas.<\/p>\n\n\n\n<p>No entanto, os conflitos precisam se direcionar a uma rela\u00e7\u00e3o de complementaridade. Ou seja, cada vis\u00e3o diferente deve colaborar para a constru\u00e7\u00e3o de um mesmo objetivo.<\/p>\n\n\n\n<div class=\"wp-block-media-text alignwide is-stacked-on-mobile\" style=\"grid-template-columns:22% auto\"><figure class=\"wp-block-media-text__media\"><img loading=\"lazy\" decoding=\"async\" width=\"164\" height=\"164\" src=\"https:\/\/uniplenaeducacional.com.br\/blog\/wp-content\/uploads\/2020\/08\/Design-sem-nome.png\" alt=\"\" class=\"wp-image-222 size-full\" srcset=\"https:\/\/uniplenaeducacional.com.br\/blog\/wp-content\/uploads\/2020\/08\/Design-sem-nome.png 164w, https:\/\/uniplenaeducacional.com.br\/blog\/wp-content\/uploads\/2020\/08\/Design-sem-nome-150x150.png 150w\" sizes=\"(max-width: 164px) 100vw, 164px\" \/><\/figure><div class=\"wp-block-media-text__content\">\n<p class=\"has-small-font-size\"><strong>Pedro Guimar\u00e3es<\/strong>  &#8211; Mestre em m\u00fasica na \u00e1rea de Etnomusicologia pela UNESP. Professor de M\u00fasica e Arte Educador nas seguintes Institui\u00e7\u00f5es: Servi\u00e7o Social da Ind\u00fastria (SESI); Centro de Educa\u00e7\u00e3o Unificada da prefeitura (CEU); Faculdade Anhembi Morumbi; e Instituto Paulo Vanzolini (Forma\u00e7\u00e3o de Professores). M\u00fasico multi-instrumentista e compositor de trilha sonora.<\/p>\n<\/div><\/div>\n\n\n\n<p><\/p>\n","protected":false},"excerpt":{"rendered":"<p>Geralmente todas as institui\u00e7\u00f5es procuram desenvolver uma educa\u00e7\u00e3o de qualidade que contribua para os alunos e para as a\u00e7\u00f5es do corpo docente.. .No entanto, esta educa\u00e7\u00e3o demanda um espa\u00e7o organizado e eficiente que seja um&hellip;<\/p>\n<p><a class=\"readmore\" href=\"https:\/\/uniplenaeducacional.com.br\/blog\/supervisao-de-ensino-e-direcao-escolar\/\">Read More<\/a><\/p>\n","protected":false},"author":6,"featured_media":0,"comment_status":"open","ping_status":"open","sticky":false,"template":"","format":"standard","meta":{"footnotes":""},"categories":[1],"tags":[],"class_list":["post-464","post","type-post","status-publish","format-standard","hentry","category-educacao-basica"],"_links":{"self":[{"href":"https:\/\/uniplenaeducacional.com.br\/blog\/wp-json\/wp\/v2\/posts\/464"}],"collection":[{"href":"https:\/\/uniplenaeducacional.com.br\/blog\/wp-json\/wp\/v2\/posts"}],"about":[{"href":"https:\/\/uniplenaeducacional.com.br\/blog\/wp-json\/wp\/v2\/types\/post"}],"author":[{"embeddable":true,"href":"https:\/\/uniplenaeducacional.com.br\/blog\/wp-json\/wp\/v2\/users\/6"}],"replies":[{"embeddable":true,"href":"https:\/\/uniplenaeducacional.com.br\/blog\/wp-json\/wp\/v2\/comments?post=464"}],"version-history":[{"count":1,"href":"https:\/\/uniplenaeducacional.com.br\/blog\/wp-json\/wp\/v2\/posts\/464\/revisions"}],"predecessor-version":[{"id":465,"href":"https:\/\/uniplenaeducacional.com.br\/blog\/wp-json\/wp\/v2\/posts\/464\/revisions\/465"}],"wp:attachment":[{"href":"https:\/\/uniplenaeducacional.com.br\/blog\/wp-json\/wp\/v2\/media?parent=464"}],"wp:term":[{"taxonomy":"category","embeddable":true,"href":"https:\/\/uniplenaeducacional.com.br\/blog\/wp-json\/wp\/v2\/categories?post=464"},{"taxonomy":"post_tag","embeddable":true,"href":"https:\/\/uniplenaeducacional.com.br\/blog\/wp-json\/wp\/v2\/tags?post=464"}],"curies":[{"name":"wp","href":"https:\/\/api.w.org\/{rel}","templated":true}]}}