{"id":413,"date":"2021-11-19T02:24:00","date_gmt":"2021-11-19T02:24:00","guid":{"rendered":"https:\/\/uniplenaeducacional.com.br\/blog\/?p=413"},"modified":"2021-11-11T02:25:19","modified_gmt":"2021-11-11T02:25:19","slug":"formacao-pedagogica-para-o-terceiro-setor","status":"publish","type":"post","link":"https:\/\/uniplenaeducacional.com.br\/blog\/formacao-pedagogica-para-o-terceiro-setor\/","title":{"rendered":"Forma\u00e7\u00e3o pedag\u00f3gica para o terceiro setor"},"content":{"rendered":"\n<p>A pedagogia nos tempos atuais, ampliou bastante o seu campo de atua\u00e7\u00e3o. Contudo, \u00e9 preciso ficar atento \u00e0 sua forma\u00e7\u00e3o. Neste sentido, quando voc\u00ea faz uma segunda licenciatura, fica mais apto para atuar em diferentes campos da pedagogia.<\/p>\n\n\n\n<p>Assim, atualmente o pedagogo atua pode atuar em escolas, hospitais, empresas, editoras e por fim o terceiro setor.<\/p>\n\n\n\n<p>Neste texto, voc\u00ea vai aprender os detalhes sobre o terceiro setor e suas demandas por pessoas especializadas em pedagogia.<\/p>\n\n\n\n<h2 class=\"wp-block-heading\">Pedagogia e terceiro setor<\/h2>\n\n\n\n<p>O campo de trabalho no terceiro setor cresceu de maneira significativa a partir de 1990. Para ter uma no\u00e7\u00e3o deste crescimento , no Brasil o n\u00famero de institui\u00e7\u00f5es sociais est\u00e1 em torno de 10088.<\/p>\n\n\n\n<p>Assim, o foco destas institui\u00e7\u00f5es se divide em atividades socioecon\u00f4micas, educativas e culturais.<\/p>\n\n\n\n<p>No entanto, as inten\u00e7\u00f5es e objetivos destas institui\u00e7\u00f5es se centralizam em criar novas expectativas para as crian\u00e7as, o adoescente e o adulto.<\/p>\n\n\n\n<p>Neste sentido, \u00e9 muito importante a participa\u00e7\u00e3o do pedagogo em ONGs. Assim, o foco deste texto est\u00e1 em delinear as mudan\u00e7as sofridas no curso de pedagogia para atender a esta nova demanda.<\/p>\n\n\n\n<h2 class=\"wp-block-heading\">Espa\u00e7os escolares e n\u00e3o-escolares<\/h2>\n\n\n\n<p>De acordo com as diretrizes curriculares nacionais para o curso de pedagogia (2006), art, quarto, o pedagogo tem que ter aptid\u00e3o para atuar em espa\u00e7os escolares e n\u00e3o-escolares.<\/p>\n\n\n\n<p>Neste sentido, os objetivos desse novo profissional centram-se em:<\/p>\n\n\n\n<ul class=\"wp-block-list\"><li>Aprendizagem de sujeitos em diferentes fases do desenvolvimento humano<\/li><li>Aprendizagem em diversos n\u00edveis e modalidades do processo educativo<\/li><\/ul>\n\n\n\n<p>Assim, podemos ver nestas novas diretrizes que a forma\u00e7\u00e3o do pedagogo abrange bem mais que uma sala de aula do ensino regular. Neste sentido, a pedagogia contempor\u00e2nea est\u00e1 voltada para a sociedade como um todo.<\/p>\n\n\n\n<p>Podemos, hoje, classificar a sociedade como pedag\u00f3gica, nas palavras de Jos\u00e9 Lib\u00e2neo. Portanto, \u00e9 cada vez mais urgente na forma\u00e7\u00e3o do pedagogo, a compreens\u00e3o das demandas sociais.<\/p>\n\n\n\n<h2 class=\"wp-block-heading\">Caracter\u00edsticas da educa\u00e7\u00e3o no terceiro setor<\/h2>\n\n\n\n<p>O processo educativo para o terceiro setor abrange alguns aspectos pr\u00e1ticos e culturais para a melhoria da qualidade de vida e informa\u00e7\u00f5es dos sujeitos em forma\u00e7\u00e3o.<\/p>\n\n\n\n<p>Assim, s\u00e3o desenvolvidas a\u00e7\u00f5es socioecon\u00f4micas, educativas e culturais.<\/p>\n\n\n\n<p>No entanto, os objetivos de tais a\u00e7\u00f5es s\u00e3o circunscritos na assessoria para o desenvolvimento humano e integral de diversos grupos e atores sociais.<\/p>\n\n\n\n<p>Al\u00e9m disso, desenvolve a preven\u00e7\u00e3o de muitos problemas sociais. Grande parte das institui\u00e7\u00f5es sociais, s\u00e3o ONGs voltadas para o desenvolvimento humano e sem fins lucrativos.<\/p>\n\n\n\n<h2 class=\"wp-block-heading\">O trabalho do pedagogo no terceiro setor<\/h2>\n\n\n\n<p>O campo da pedagogia voltado para as Ongs, \u00e9 um campo que tem o perfil de se adequar a sociedade. Assim, o estudo do pedagogo precisa estar voltado para a sociedade em que ir\u00e1 atuar.<\/p>\n\n\n\n<p>Portanto, as suas finalidades variam conforme as finalidades do p\u00fablico-alvo ( GOHN, 2010).<\/p>\n\n\n\n<p>Neste sentido a pedagogia aponta para diretrizes que se coadunam com as demandas da sociedade,Segundo Lib\u00e2neo estas podem ser divididas em tr\u00eas formas:<\/p>\n\n\n\n<ul class=\"wp-block-list\"><li>produtiva<\/li><li>intensional<\/li><li>sistem\u00e1tica<\/li><\/ul>\n\n\n\n<p>Podemos, desta maneira, vislumbrar a pedagogia como pr\u00e1xis educativa que caminha conforme exig\u00eancias da realidade educacional. Ou seja, a pedagogia se configura em uma pr\u00e1tica social intencional.<\/p>\n\n\n\n<h2 class=\"wp-block-heading\">Forma\u00e7\u00e3o do pedagogo para terceiro setor<\/h2>\n\n\n\n<p>O curso de segunda licenciatura \u00e9 voltado para o aprimoramento do educador. Neste sentido, se voc\u00ea quer atuar no terceiro setor, voc\u00ea agregar\u00e1 mais valor em seu curr\u00edculo.<\/p>\n\n\n\n<p>Portanto, ter\u00e1 mais chances de trabalhar em um campo que est\u00e1 constantemente crescendo.<\/p>\n\n\n\n<p>A pedagogia no terceiro setor demanda de uma profissional que tenha uma vis\u00e3o mais ampla das a\u00e7\u00f5es educativas.<\/p>\n\n\n\n<p>De acordo com as novas diretrizes curriculares nacionais, o educador deve propiciar estudos de campos do conhecimento diversos como:<\/p>\n\n\n\n<ul class=\"wp-block-list\"><li>Filos\u00f3ficos<\/li><li>hist\u00f3ricos<\/li><li>Antropol\u00f3gicos<\/li><li>Ambiental-ecol\u00f3gico<\/li><li>Psicol\u00f3gicos<\/li><li>Lingu\u00edsticos<\/li><li>Pol\u00edticos<\/li><li>sociol\u00f3gicos<\/li><\/ul>\n\n\n\n<h2 class=\"wp-block-heading\">Fun\u00e7\u00f5es do pedagogo para o terceiro setor<\/h2>\n\n\n\n<p>\u00c9 muito importante na hora de escolher a faculdade que voc\u00ea ir\u00e1 cursar, saber se esta faculdade lhe fornecer\u00e1 a forma\u00e7\u00e3o necess\u00e1ria para a atua\u00e7\u00e3o no terceiro setor.<\/p>\n\n\n\n<p>Neste sentido, na <strong>Uniplena, <\/strong>voc\u00ea ter\u00e1 uma forma\u00e7\u00e3o adequada com as fun\u00e7\u00f5es do pedagogo em ONGs, e outras institui\u00e7\u00f5es sociais.<\/p>\n\n\n\n<p>As fun\u00e7\u00f5es principais do pedagogo neste \u00e2mbito educativo s\u00e3o voltadas para nortear a observa\u00e7\u00e3o, execu\u00e7\u00e3o e an\u00e1lise das a\u00e7\u00f5es docentes. Al\u00e9m disso, este pedagogo precisa avaliar as repercuss\u00f5es ou n\u00e3o na aprendizagem do p\u00fablico atendido.<\/p>\n\n\n\n<p>O pedagogo precisa ainda orientar pr\u00e1ticas de gest\u00e3o de processos educativos escolares e n\u00e3o escolares.<\/p>\n\n\n\n<p>No entanto, nos objetivos que regem mais especificamente o campo n\u00e3o-escolar, o pedagogo precisa atuar, observando os seguintes objetivos:<\/p>\n\n\n\n<ul class=\"wp-block-list\"><li>proporcionar o auto-desenvolvimento e a qualidade social<\/li><li>Desenvolver a qualidade de vida da comunidade<\/li><li>Desenvolver multiplicadores que demonstram a vontade de aprender a aprender, aprender a ser, afazer, a viver juntos ( DELORS, 1998)<\/li><\/ul>\n\n\n\n<p><strong>Conclus\u00e3o<\/strong><\/p>\n\n\n\n<p>Concluindo este texto, as principais atribui\u00e7\u00f5es para que quer trabalhar nontercseito setor na pedagogia giram em dois pontos: autonomia e flexibilidade,<\/p>\n\n\n\n<p>Assim, a flexibilidade \u00e9 sempre demandada para quem quer fazer a diferen\u00e7a no mundo. Por outro lado, a autonomia, \u00e9 exigida para quem quer construir o pr\u00f3prio caminho nesta nova trajet\u00f3ria.<\/p>\n\n\n\n<p>Neste sentido, se voc\u00ea investir em uma forma\u00e7\u00e3o na faculdade Uniplena ter\u00e1 alguns quesitos necess\u00e1rio para esta pr\u00e1tica que s\u00e3o<\/p>\n\n\n\n<ul class=\"wp-block-list\"><li>Postura pr\u00f3-ativa<\/li><li>Comprometimento \u00e9tico<\/li><li>Atitudes positivas e flex\u00edveis<\/li><li>Valoriza\u00e7\u00e3o da diversidade<\/li><li>Analise participa\u00e7\u00e3o dos relacionamentos interpessoais<\/li><\/ul>\n\n\n\n<div class=\"wp-block-media-text alignwide is-stacked-on-mobile\" style=\"grid-template-columns:22% auto\"><figure class=\"wp-block-media-text__media\"><img loading=\"lazy\" decoding=\"async\" width=\"164\" height=\"164\" src=\"https:\/\/uniplenaeducacional.com.br\/blog\/wp-content\/uploads\/2020\/08\/Design-sem-nome.png\" alt=\"\" class=\"wp-image-222 size-full\" srcset=\"https:\/\/uniplenaeducacional.com.br\/blog\/wp-content\/uploads\/2020\/08\/Design-sem-nome.png 164w, https:\/\/uniplenaeducacional.com.br\/blog\/wp-content\/uploads\/2020\/08\/Design-sem-nome-150x150.png 150w\" sizes=\"(max-width: 164px) 100vw, 164px\" \/><\/figure><div class=\"wp-block-media-text__content\">\n<p class=\"has-small-font-size\"><strong>Pedro Guimar\u00e3es<\/strong>  &#8211; Mestre em m\u00fasica na \u00e1rea de Etnomusicologia pela UNESP. Professor de M\u00fasica e Arte Educador nas seguintes Institui\u00e7\u00f5es: Servi\u00e7o Social da Ind\u00fastria (SESI); Centro de Educa\u00e7\u00e3o Unificada da prefeitura (CEU); Faculdade Anhembi Morumbi; e Instituto Paulo Vanzolini (Forma\u00e7\u00e3o de Professores). M\u00fasico multi-instrumentista e compositor de trilha sonora.<\/p>\n<\/div><\/div>\n\n\n\n<p><\/p>\n","protected":false},"excerpt":{"rendered":"<p>A pedagogia nos tempos atuais, ampliou bastante o seu campo de atua\u00e7\u00e3o. Contudo, \u00e9 preciso ficar atento \u00e0 sua forma\u00e7\u00e3o. Neste sentido, quando voc\u00ea faz uma segunda licenciatura, fica mais apto para atuar em diferentes&hellip;<\/p>\n<p><a class=\"readmore\" href=\"https:\/\/uniplenaeducacional.com.br\/blog\/formacao-pedagogica-para-o-terceiro-setor\/\">Read More<\/a><\/p>\n","protected":false},"author":6,"featured_media":0,"comment_status":"open","ping_status":"open","sticky":false,"template":"","format":"standard","meta":{"footnotes":""},"categories":[1],"tags":[],"class_list":["post-413","post","type-post","status-publish","format-standard","hentry","category-educacao-basica"],"_links":{"self":[{"href":"https:\/\/uniplenaeducacional.com.br\/blog\/wp-json\/wp\/v2\/posts\/413"}],"collection":[{"href":"https:\/\/uniplenaeducacional.com.br\/blog\/wp-json\/wp\/v2\/posts"}],"about":[{"href":"https:\/\/uniplenaeducacional.com.br\/blog\/wp-json\/wp\/v2\/types\/post"}],"author":[{"embeddable":true,"href":"https:\/\/uniplenaeducacional.com.br\/blog\/wp-json\/wp\/v2\/users\/6"}],"replies":[{"embeddable":true,"href":"https:\/\/uniplenaeducacional.com.br\/blog\/wp-json\/wp\/v2\/comments?post=413"}],"version-history":[{"count":1,"href":"https:\/\/uniplenaeducacional.com.br\/blog\/wp-json\/wp\/v2\/posts\/413\/revisions"}],"predecessor-version":[{"id":414,"href":"https:\/\/uniplenaeducacional.com.br\/blog\/wp-json\/wp\/v2\/posts\/413\/revisions\/414"}],"wp:attachment":[{"href":"https:\/\/uniplenaeducacional.com.br\/blog\/wp-json\/wp\/v2\/media?parent=413"}],"wp:term":[{"taxonomy":"category","embeddable":true,"href":"https:\/\/uniplenaeducacional.com.br\/blog\/wp-json\/wp\/v2\/categories?post=413"},{"taxonomy":"post_tag","embeddable":true,"href":"https:\/\/uniplenaeducacional.com.br\/blog\/wp-json\/wp\/v2\/tags?post=413"}],"curies":[{"name":"wp","href":"https:\/\/api.w.org\/{rel}","templated":true}]}}