{"id":406,"date":"2021-11-12T09:00:00","date_gmt":"2021-11-12T09:00:00","guid":{"rendered":"https:\/\/uniplenaeducacional.com.br\/blog\/?p=406"},"modified":"2021-11-17T20:53:18","modified_gmt":"2021-11-17T20:53:18","slug":"novas-possibilidades-com-pedagogia-redator-e-editor","status":"publish","type":"post","link":"https:\/\/uniplenaeducacional.com.br\/blog\/novas-possibilidades-com-pedagogia-redator-e-editor\/","title":{"rendered":"Novas possibilidades com pedagogia \u2013 redator e editor"},"content":{"rendered":"\n<p>Quando vislumbramos o campo da pedagogia, nos dias de hoje, vemos uma grande amplia\u00e7\u00e3o. Este fato ocorre justamente por vivermos em uma sociedade pautada pelo conhecimento.<\/p>\n\n\n\n<p>Neste sentido vem se acentuando a demanda pelo conhecimento pedag\u00f3gico em todos meios de comunica\u00e7\u00e3o: TV, escrita, Imprensa, r\u00e1dio, revistas, quadrinhos, livros did\u00e1ticos e paradid\u00e1ticos.<\/p>\n\n\n\n<p>A m\u00eddia como um todo quer estar presente n\u00e3o s\u00f3 nos campos pol\u00edticos e econ\u00f4micos, mas tamb\u00e9m no campo moral.<\/p>\n\n\n\n<p>Portanto, a demanda por pedagogos cresce em todos os setores voltados para a comunica\u00e7\u00e3o. Assim, querem pessoas especializadas para a veicula\u00e7\u00e3o de mensagens educativas e dissemina\u00e7\u00e3o de saberes.<\/p>\n\n\n\n<p>Al\u00e9m disso, muitos sites e blogs querem formadores de opini\u00f5es sobre comportamentos, campanhas ambientais, drogas, sa\u00fade etc,<\/p>\n\n\n\n<h2 class=\"wp-block-heading\">pedagogo como produtor<\/h2>\n\n\n\n<p>A demanda por material informativo cobra o surgimento de um profissional apto para a produ\u00e7\u00e3o de v\u00e1rios materiais informativos.<\/p>\n\n\n\n<p>Assim, se voc\u00ea est\u00e1 pensando em fazer uma segunda licenciatura, pode se voltar para a produ\u00e7\u00e3o de v\u00e1rios materiais que atualmente \u00e9 cobrado por diferentes setores.<\/p>\n\n\n\n<p>Portanto, hoje em dia o pedagogo \u00e9 requisitado para contribuir em produ\u00e7\u00f5es de livro did\u00e1tico e paradid\u00e1ticos; enciclop\u00e9dias; guias de turismo, mapas, v\u00eddeos, revistas e at\u00e9 na elabora\u00e7\u00e3o de jogos.<\/p>\n\n\n\n<p>Vale lembrar que atualmente \u00e9 muito comum a utiliza\u00e7\u00e3o de simuladores empresariais que na verdade s\u00e3o jogos informativos e pedag\u00f3gicos.<\/p>\n\n\n\n<p>Al\u00e9m disso, o pedagogo pode ser consultor na fabrica\u00e7\u00e3o de brinquedos educativos e na elabora\u00e7\u00e3o de campanhas e programas de medicina preventiva. Enfim, \u00e9 muito amplo o campo da pedagogia voltada para a produ\u00e7\u00e3o e cria\u00e7\u00e3o de materiais informativos.<\/p>\n\n\n\n<h2 class=\"wp-block-heading\">O pedagogo nas editoras<\/h2>\n\n\n\n<p>Muitas vis\u00f5es mais tradicionais sobre a pedagogia, v\u00ea o pedagogo atuando somente no \u00e2mbito escolar e em sala de aula.<\/p>\n\n\n\n<p>Contudo, mesmo que a atua\u00e7\u00e3o em escolas \u00e9 o ponto chave e nobre da pedagogia, existem outras op\u00e7\u00f5es profissionais para o pedagogo.<\/p>\n\n\n\n<p>Atualmente a atua\u00e7\u00e3o deste profissional como editor coordenador na produ\u00e7\u00e3o de material did\u00e1tico \u00e9 muito demandada pelas principais editoras.<\/p>\n\n\n\n<p>Neste sentido, o profissional mais especializado e acreditado para a cria\u00e7\u00e3o de v\u00e1rios materiais informativos \u00e9 o pedagogo. Assim, este profissional tem total credibilidade no processo de cria\u00e7\u00e3o de v\u00e1rias ferramentas de propaga\u00e7\u00e3o educativa.<\/p>\n\n\n\n<p>Al\u00e9m disso, pode produzir apostilas para diversas \u00e1reas do conhecimento e para todas as s\u00e9ries do ensino regular.<\/p>\n\n\n\n<h2 class=\"wp-block-heading\">Pedagogo como mediador do saber<\/h2>\n\n\n\n<p>O pedagogo se forma com aptid\u00f5es que lhe d\u00e3o a habilidade de mediador do saber. Ou seja, ele pode em rela\u00e7\u00e3o a v\u00e1rios conhecimentos, contribuir na elabora\u00e7\u00e3o de apostilas e livros.<\/p>\n\n\n\n<p>Seguindo o princ\u00edpio de ver a contemporaneidade como \u201csociedade pedag\u00f3gica\u201d indicado por Beillerot (1985) o pedagogo se direciona para duas esferas de atividade educativa: Escolar e extraescolar.<\/p>\n\n\n\n<p>Assim ele se torna mediador do saber por meio da produ\u00e7\u00e3o de um material que orienta o professor ao tratamento \u00e9tico do conhecimento. Seguindo-se a este princ\u00edpio, no dizer de Jos\u00e9 Carlos Lib\u00e2neo (p11),a pedagogia \u00e9 a teoria e pr\u00e1tica da educa\u00e7\u00e3o.<\/p>\n\n\n\n<p>Neste sentido, ela investiga a realidade educacional que est\u00e1 sempre em transforma\u00e7\u00e3o. O pedagogo quando se especializa em uma forma\u00e7\u00e3o continuada ele se torna o profissional indicado para a produ\u00e7\u00e3o e edi\u00e7\u00e3o.<\/p>\n\n\n\n<p>Neste sentido, no trabalho com livros did\u00e1ticos ele se torna o principal mediador do conhecimento cient\u00edfico, filos\u00f3fico e t\u00e9cnico-profissional.<\/p>\n\n\n\n<h2 class=\"wp-block-heading\">Pedagogia e ci\u00eancia<\/h2>\n\n\n\n<p>O papel do pedagogo frente a educa\u00e7\u00e3o \u00e9 relacionado ao de um pesquisador e cientista. Neste sentido, ele investiga de maneira te\u00f3rica o fen\u00f4meno educativo e seus atores. Al\u00e9m disso, ele formula orienta\u00e7\u00f5es para a pr\u00e1tica a partir de sus pr\u00f3pria experi\u00eancia como ator educativo.<\/p>\n\n\n\n<p>Nas palavras do pesquisador alem\u00e3o Schmied-Kowarzik (1983), o educador prop\u00f5e princ\u00edpios e normas relacionadas aos meios e fins da educa\u00e7\u00e3o. Portanto, o pedagogo \u00e9 a pe\u00e7a chave na produ\u00e7\u00e3o de material informativo e educacional.<\/p>\n\n\n\n<p>O campo de pedagogia abrange uma produ\u00e7\u00e3o de conhecimento que determinar\u00e1 os caminhos e as modalidades de transmiss\u00e3o e media\u00e7\u00e3o feita pelos professores.<\/p>\n\n\n\n<p>Neste sentido, ele se forma para produzir material que oriente esta media\u00e7\u00e3o: <em>professor-saber-aluno.<\/em><\/p>\n\n\n\n<p>Assim, concordando com Boufleuer (2004, p.315) podemos ver a pedagogia, como campo de estudos direcionados aos fundamentos da educa\u00e7\u00e3o. Al\u00e9m disso, o pedagogo tem papel central em proporcionar condi\u00e7\u00f5es para o encontro adequado de educadores e educandos.<\/p>\n\n\n\n<p>Vale lembrar que este encontro precisa atender as demandas dial\u00e9ticas de um ambiente de debates que perpassa o processo educativo.<\/p>\n\n\n\n<p>Desta forma, quando um pedagogo presta servi\u00e7o de consultoria em editoras, ele deve proporcionar a produ\u00e7\u00e3o de um material aberto e provocador de eternos debates.<\/p>\n\n\n\n<p>Assim, ele se torna o cientista de educa\u00e7\u00e3o, pois a ci\u00eancia verdadeira nunca se fecha em defini\u00e7\u00f5es absolutas. Ou seja, a pedagogia deve estar alerta para desenvolver uma educa\u00e7\u00e3o din\u00e2mica e atualizada.<\/p>\n\n\n\n<p><strong>Conclus\u00e3o<\/strong><\/p>\n\n\n\n<p>Para concluir, se voc\u00ea est\u00e1 pensando em fazer uma segunda licenciatura e quer ampliar suas possibilidades, fique atento para as v\u00e1rias a\u00e7\u00f5es de um pedagogo.<\/p>\n\n\n\n<p>Voc\u00ea pode se projetar como escritor, editor e produtor de saber e conhecimento dentro destas perspectivas que foram postas neste texto.<\/p>\n\n\n\n<p>Contudo, \u00e9 preciso pesquisar cursos que lhe forne\u00e7a esta amplitude de atua\u00e7\u00e3o profissional. Assim, na Uniplena, voc\u00ea ter\u00e1 um campo de possibilidades de atua\u00e7\u00e3o pedag\u00f3gica que v\u00e3o al\u00e9m do trabalho em sala de aula.<\/p>\n\n\n\n<p>Em s\u00edntese, em uma sociedade pedag\u00f3gica que est\u00e1 se formando atualmente, o papel do pedagogo especializado \u00e9 cada vez mais esperado.<\/p>\n\n\n\n<p>Lembrando que esta espera pelo pedagogo formado e especializado, se d\u00e1 em todas as \u00e1reas sociais: escola, trabalho, tecnologia, cultura e produ\u00e7\u00e3o liter\u00e1ria e educativa.<\/p>\n\n\n\n<div class=\"wp-block-media-text alignwide is-stacked-on-mobile\" style=\"grid-template-columns:22% auto\"><figure class=\"wp-block-media-text__media\"><img loading=\"lazy\" decoding=\"async\" width=\"164\" height=\"164\" src=\"https:\/\/uniplenaeducacional.com.br\/blog\/wp-content\/uploads\/2020\/08\/Design-sem-nome.png\" alt=\"\" class=\"wp-image-222 size-full\" srcset=\"https:\/\/uniplenaeducacional.com.br\/blog\/wp-content\/uploads\/2020\/08\/Design-sem-nome.png 164w, https:\/\/uniplenaeducacional.com.br\/blog\/wp-content\/uploads\/2020\/08\/Design-sem-nome-150x150.png 150w\" sizes=\"(max-width: 164px) 100vw, 164px\" \/><\/figure><div class=\"wp-block-media-text__content\">\n<p class=\"has-small-font-size\"><strong>Pedro Guimar\u00e3es<\/strong>  &#8211; Mestre em m\u00fasica na \u00e1rea de Etnomusicologia pela UNESP. Professor de M\u00fasica e Arte Educador nas seguintes Institui\u00e7\u00f5es: Servi\u00e7o Social da Ind\u00fastria (SESI); Centro de Educa\u00e7\u00e3o Unificada da prefeitura (CEU); Faculdade Anhembi Morumbi; e Instituto Paulo Vanzolini (Forma\u00e7\u00e3o de Professores). M\u00fasico multi-instrumentista e compositor de trilha sonora.<\/p>\n<\/div><\/div>\n\n\n\n<p><\/p>\n\n\n\n<p><\/p>\n","protected":false},"excerpt":{"rendered":"<p>Quando vislumbramos o campo da pedagogia, nos dias de hoje, vemos uma grande amplia\u00e7\u00e3o. Este fato ocorre justamente por vivermos em uma sociedade pautada pelo conhecimento. Neste sentido vem se acentuando a demanda pelo conhecimento&hellip;<\/p>\n<p><a class=\"readmore\" href=\"https:\/\/uniplenaeducacional.com.br\/blog\/novas-possibilidades-com-pedagogia-redator-e-editor\/\">Read More<\/a><\/p>\n","protected":false},"author":6,"featured_media":0,"comment_status":"open","ping_status":"open","sticky":false,"template":"","format":"standard","meta":{"footnotes":""},"categories":[1],"tags":[],"class_list":["post-406","post","type-post","status-publish","format-standard","hentry","category-educacao-basica"],"_links":{"self":[{"href":"https:\/\/uniplenaeducacional.com.br\/blog\/wp-json\/wp\/v2\/posts\/406"}],"collection":[{"href":"https:\/\/uniplenaeducacional.com.br\/blog\/wp-json\/wp\/v2\/posts"}],"about":[{"href":"https:\/\/uniplenaeducacional.com.br\/blog\/wp-json\/wp\/v2\/types\/post"}],"author":[{"embeddable":true,"href":"https:\/\/uniplenaeducacional.com.br\/blog\/wp-json\/wp\/v2\/users\/6"}],"replies":[{"embeddable":true,"href":"https:\/\/uniplenaeducacional.com.br\/blog\/wp-json\/wp\/v2\/comments?post=406"}],"version-history":[{"count":1,"href":"https:\/\/uniplenaeducacional.com.br\/blog\/wp-json\/wp\/v2\/posts\/406\/revisions"}],"predecessor-version":[{"id":407,"href":"https:\/\/uniplenaeducacional.com.br\/blog\/wp-json\/wp\/v2\/posts\/406\/revisions\/407"}],"wp:attachment":[{"href":"https:\/\/uniplenaeducacional.com.br\/blog\/wp-json\/wp\/v2\/media?parent=406"}],"wp:term":[{"taxonomy":"category","embeddable":true,"href":"https:\/\/uniplenaeducacional.com.br\/blog\/wp-json\/wp\/v2\/categories?post=406"},{"taxonomy":"post_tag","embeddable":true,"href":"https:\/\/uniplenaeducacional.com.br\/blog\/wp-json\/wp\/v2\/tags?post=406"}],"curies":[{"name":"wp","href":"https:\/\/api.w.org\/{rel}","templated":true}]}}