{"id":403,"date":"2021-11-04T23:44:27","date_gmt":"2021-11-04T23:44:27","guid":{"rendered":"https:\/\/uniplenaeducacional.com.br\/blog\/?p=403"},"modified":"2021-11-04T23:44:27","modified_gmt":"2021-11-04T23:44:27","slug":"pedagogia-no-setor-empresarial-mais-possibilidades-com-r2","status":"publish","type":"post","link":"https:\/\/uniplenaeducacional.com.br\/blog\/pedagogia-no-setor-empresarial-mais-possibilidades-com-r2\/","title":{"rendered":"Pedagogia no setor empresarial \u2013 mais possibilidades com R2"},"content":{"rendered":"\n<p>A segunda licenciatura possibilita maior amplitude de ramos de trabalho Portanto, fazendo uma segunda licenciatura, voc\u00ea pode atuar no setor empresarial, seguindo os par\u00e2metros da educa\u00e7\u00e3o corporativa.<\/p>\n\n\n\n<p>A pedagogia \u00e9 vista tradicionalmente como atuante somente em escolas. Contudo, atualmente os seus horizontes se ampliaram muito, principalmente com os cursos de segunda licenciatura.<\/p>\n\n\n\n<p>Neste sentido, cursos de pedagogia podem se direcionar tamb\u00e9m para forma\u00e7\u00e3o de profissionais do setor empresarial.<\/p>\n\n\n\n<p>S\u00e3o profissionais que trabalham com mudan\u00e7as organizacionais dentro das empresas, possibilitando adapta\u00e7\u00f5es de novos funcion\u00e1rios com estrat\u00e9gias e din\u00e2micas de conviv\u00eancia.<\/p>\n\n\n\n<p>Por\u00e9m, al\u00e9m destas estrat\u00e9gias, esse profissional tamb\u00e9m pode atuar na identifica\u00e7\u00e3o de habilidades de cada funcion\u00e1rio. Assim, ele pode desenvolver e aprimorar essas habilidades trazendo mais benef\u00edcios para o indiv\u00edduo e empresas.<\/p>\n\n\n\n<h2 class=\"wp-block-heading\">Conceito e defini\u00e7\u00e3o da pedagogia empresarial<\/h2>\n\n\n\n<p>Basicamente, falando em pedagogia de maneira geral, ela \u00e9 uma \u00e1rea que identifica os mecanismos de aprendizagem do ser humano. Al\u00e9m disso, a pedagogia aponta os modos de desenvolvimento deste aprendizado.<\/p>\n\n\n\n<p>&nbsp;Vale lembrar, que a pedagogia se direciona para identificar processos de aprendizados dentro e fora das salas de aula Tem como principal objetivo, a elabora\u00e7\u00e3o de metodologias que garantam uma boa aprendizagem.<\/p>\n\n\n\n<p>Podemos, dizer que o campo de estudo do pedagogo foi em sua maioria a escola. No entanto, atualmente, este campo de pesquisa se estendeu para as empresas, dando origem \u00e0 pedagogia empresarial.<\/p>\n\n\n\n<h2 class=\"wp-block-heading\">Principais direcionamentos do pedagogo empresarial<\/h2>\n\n\n\n<ul class=\"wp-block-list\"><li>Desenvolver m\u00e9todos de ensino para o ambiente de trabalho<\/li><li>Analisar comportamentos de funcion\u00e1rios e empregadores<\/li><li>Ajudar os profissionais em melhorias como: atua\u00e7\u00f5es profissionais, pessoais, interpessoais e familiares<\/li><li>Aumentar a efici\u00eancia profissional<\/li><li>Melhorar a produtividade da empresa.<\/li><\/ul>\n\n\n\n<h2 class=\"wp-block-heading\">Fun\u00e7\u00f5es do pedagogo empresarial<\/h2>\n\n\n\n<p>O campo de atua\u00e7\u00e3o do pedagogo empresarial \u00e9 bastante amplo, pois em uma empresa a demanda por desenvolvimento humano \u00e9 cada vez maior.<\/p>\n\n\n\n<p>Hoje, est\u00e1 provado que um dos principais fatores que causam preju\u00edzo em um empresas \u00e9 o fator humano e relacional.<\/p>\n\n\n\n<p>Neste sentido, se existe em uma empresa um padr\u00e3o negativo de desentendimentos interpessoais, \u00e9 comprovado que este padr\u00e3o ir\u00e1 refletir em todo andamento da empresa.<\/p>\n\n\n\n<p>Assim, o pedagogo pode atuar na sele\u00e7\u00e3o de pessoas, avalia\u00e7\u00e3o e desenvolvimento dos funcion\u00e1rios. Al\u00e9m disso, eles podem elaborar testes de aptid\u00e3o,conhecimento e capacidade.<\/p>\n\n\n\n<p>Uma empresa que investe na pedagogia empresarial, se destaca no mercado, pois vai possuir muito mais capacidade de produ\u00e7\u00e3o.<\/p>\n\n\n\n<p>O pedagogo empresarial \u00e9 uma figura chave neste processo de produ\u00e7\u00e3o, pois ele atua desenvolvendo novas formas de otimizar o aprendizado dos funcion\u00e1rios em quest\u00f5es log\u00edsticas e de produ\u00e7\u00e3o.<\/p>\n\n\n\n<p>Todos novos treinamentos, demandados, por situa\u00e7\u00f5es diversas, como seguran\u00e7a, produtividade, novos padr\u00f5es de funcionamento e operatividade, s\u00e3o feitos por pedagogos empresariais.<\/p>\n\n\n\n<h2 class=\"wp-block-heading\">Import\u00e2ncia do pedagogo empresarial<\/h2>\n\n\n\n<p>A import\u00e2ncia de um pedagogo empresarial reside em seu papel de analista. Sendo assim, como pedagogo ele se torna capaz de analisar uma situa\u00e7\u00e3o determinada e resolver problemas bem mais r\u00e1pido que qualquer outro.<\/p>\n\n\n\n<p>Portanto, na sua capacidade de an\u00e1lise ele enxerga os pontos fortes e fracos dentro de uma empresa e pode monitor\u00e1-los.<\/p>\n\n\n\n<p>Na sua capacidade de an\u00e1lise ele visualiza o problema, podendo trabalhar na preven\u00e7\u00e3o de situa\u00e7\u00f5es negativas.<\/p>\n\n\n\n<p>Quando enxerga um ponto fraco em um determinado funcion\u00e1rio em uma quest\u00e3o log\u00edstica ou de comunica\u00e7\u00e3o, o pedagogo pode elaborar um plano estrat\u00e9gico.<\/p>\n\n\n\n<p>Assim, pode proporcionar a\u00e7\u00f5es pedag\u00f3gicas a fim de sanar estas defici\u00eancias, ajudando o funcion\u00e1rio e a empresa.<\/p>\n\n\n\n<h2 class=\"wp-block-heading\">Fun\u00e7\u00f5es da pedagogia<\/h2>\n\n\n\n<p>Basicamente, a pedagogia \u00e9 uma ci\u00eancia em que muitos fatores s\u00e3o abordados. Assim, para n\u00f3s entendermos o campo de atua\u00e7\u00e3o desta ci\u00eancia \u00e9 importante saber dos seguintes fatores que est\u00e3o em sua forma\u00e7\u00e3o:<\/p>\n\n\n\n<ul class=\"wp-block-list\"><li>Pesquisa elabora\u00e7\u00e3o e aplica\u00e7\u00e3o de did\u00e1ticas e metodologias<\/li><li>Cria\u00e7\u00e3o de estrat\u00e9gias de ensino-aprendizagens<\/li><li>Elabora\u00e7\u00e3o de conte\u00fado relacionados \u00e0s necessidades de pessoas humana em variados contextos<\/li><li>Programa\u00e7\u00e3o e planejamento adequados a variadas situa\u00e7\u00f5es: Escola, trabalho, editoras etc,<\/li><li>Aperfei\u00e7oamento e estimula\u00e7\u00e3o das faculdades das pessoas seguindo ideais e objetivos definidos<\/li><\/ul>\n\n\n\n<h2 class=\"wp-block-heading\">O que faz o pedagogo empresarial<\/h2>\n\n\n\n<p>Primeiramente, a pedagogia empresarial \u00e9 direcionada para as rela\u00e7\u00f5es que existem em uma empresa.<\/p>\n\n\n\n<p>O seu objetivo principal \u00e9 gerar mudan\u00e7as no comportamento de todos envolvidos em um processo de produ\u00e7\u00e3o ou servi\u00e7o.<\/p>\n\n\n\n<p>No entanto, estas mudan\u00e7as s\u00e3o direcionadas para melhorar a atua\u00e7\u00e3o profissional, pessoal e familiar e interpessoal.<\/p>\n\n\n\n<p>Portanto, o pedagogo empresarial tem por meio de sua atua\u00e7\u00e3o o prop\u00f3sito de provocar mudan\u00e7as em favor dos funcion\u00e1rios, clientes e empresas.<\/p>\n\n\n\n<p><strong>a\u00e7\u00f5es de um pedagogo empresarial:<\/strong><\/p>\n\n\n\n<ul class=\"wp-block-list\"><li>Treinamento<\/li><li>Palestras<\/li><li>Testes de aptid\u00e3o<\/li><li>Educa\u00e7\u00e3o continuada<\/li><li>Cursos<\/li><li>Observa\u00e7\u00f5es<\/li><li>Din\u00e2micas envolvendo todos da empresa<\/li><li>Din\u00e2micas envolvendo funcion\u00e1rios e seus familiares<\/li><li>Elabora\u00e7\u00e3o de eventos promocionais e comerciais.<\/li><\/ul>\n\n\n\n<h2 class=\"wp-block-heading\">Como se especializar em pedagogia empresarial<\/h2>\n\n\n\n<p>Em primeiro lugar voc\u00ea deve buscar institui\u00e7\u00f5es que ofere\u00e7am um curso diversificado e que aborda \u00e1reas da pedagogia al\u00e9m da escola.<\/p>\n\n\n\n<p>Neste sentido, na Uniplena voc\u00ea pode encontrar atividades direcionadas para os processos empresariais e educa\u00e7\u00e3o<\/p>\n\n\n\n<p>Vale lembrar, que as empresas demandam de profissionais de pedagogia que possuem desenvoltura para elabora\u00e7\u00e3o de atividades. Contudo, estas atividades precisam incluir conte\u00fados&nbsp; pr\u00e1ticos e te\u00f3ricos com seus funcion\u00e1rios.<\/p>\n\n\n\n<p>Na Uniplena \u00e9 oferecido no curso de segunda licenciatura, um amplo conhecimento sobre a atua\u00e7\u00e3o da pedagogia. Neste sentido, busca-se formar os alunos sobre todas as fun\u00e7\u00f5es do pedagogo nos dias atuais.<\/p>\n\n\n\n<p>\u00c9 importante lembrar que hoje se cobra do pedagogo um conhecimento em Ead, ensino h\u00edbrido, ensinos voltados para a autonomia das pessoas e at\u00e9 ensino voltado para \u00e1reas culturais.<\/p>\n\n\n\n<p>Em s\u00edntese, o mundo atual do ensino e do trabalho cobram estas atribui\u00e7\u00f5es do indiv\u00edduo. No entanto, quem prepara este indiv\u00edduo para o mundo atual \u00e9 o pedagogo.<\/p>\n\n\n\n<div class=\"wp-block-media-text alignwide is-stacked-on-mobile\" style=\"grid-template-columns:22% auto\"><figure class=\"wp-block-media-text__media\"><img loading=\"lazy\" decoding=\"async\" width=\"164\" height=\"164\" src=\"https:\/\/uniplenaeducacional.com.br\/blog\/wp-content\/uploads\/2020\/08\/Design-sem-nome.png\" alt=\"\" class=\"wp-image-222 size-full\" srcset=\"https:\/\/uniplenaeducacional.com.br\/blog\/wp-content\/uploads\/2020\/08\/Design-sem-nome.png 164w, https:\/\/uniplenaeducacional.com.br\/blog\/wp-content\/uploads\/2020\/08\/Design-sem-nome-150x150.png 150w\" sizes=\"(max-width: 164px) 100vw, 164px\" \/><\/figure><div class=\"wp-block-media-text__content\">\n<p class=\"has-small-font-size\"><strong>Pedro Guimar\u00e3es<\/strong>  &#8211; Mestre em m\u00fasica na \u00e1rea de Etnomusicologia pela UNESP. Professor de M\u00fasica e Arte Educador nas seguintes Institui\u00e7\u00f5es: Servi\u00e7o Social da Ind\u00fastria (SESI); Centro de Educa\u00e7\u00e3o Unificada da prefeitura (CEU); Faculdade Anhembi Morumbi; e Instituto Paulo Vanzolini (Forma\u00e7\u00e3o de Professores). M\u00fasico multi-instrumentista e compositor de trilha sonora.<\/p>\n<\/div><\/div>\n\n\n\n<p><\/p>\n","protected":false},"excerpt":{"rendered":"<p>A segunda licenciatura possibilita maior amplitude de ramos de trabalho Portanto, fazendo uma segunda licenciatura, voc\u00ea pode atuar no setor empresarial, seguindo os par\u00e2metros da educa\u00e7\u00e3o corporativa. A pedagogia \u00e9 vista tradicionalmente como atuante somente&hellip;<\/p>\n<p><a class=\"readmore\" href=\"https:\/\/uniplenaeducacional.com.br\/blog\/pedagogia-no-setor-empresarial-mais-possibilidades-com-r2\/\">Read More<\/a><\/p>\n","protected":false},"author":6,"featured_media":0,"comment_status":"open","ping_status":"open","sticky":false,"template":"","format":"standard","meta":{"footnotes":""},"categories":[1],"tags":[],"class_list":["post-403","post","type-post","status-publish","format-standard","hentry","category-educacao-basica"],"_links":{"self":[{"href":"https:\/\/uniplenaeducacional.com.br\/blog\/wp-json\/wp\/v2\/posts\/403"}],"collection":[{"href":"https:\/\/uniplenaeducacional.com.br\/blog\/wp-json\/wp\/v2\/posts"}],"about":[{"href":"https:\/\/uniplenaeducacional.com.br\/blog\/wp-json\/wp\/v2\/types\/post"}],"author":[{"embeddable":true,"href":"https:\/\/uniplenaeducacional.com.br\/blog\/wp-json\/wp\/v2\/users\/6"}],"replies":[{"embeddable":true,"href":"https:\/\/uniplenaeducacional.com.br\/blog\/wp-json\/wp\/v2\/comments?post=403"}],"version-history":[{"count":1,"href":"https:\/\/uniplenaeducacional.com.br\/blog\/wp-json\/wp\/v2\/posts\/403\/revisions"}],"predecessor-version":[{"id":404,"href":"https:\/\/uniplenaeducacional.com.br\/blog\/wp-json\/wp\/v2\/posts\/403\/revisions\/404"}],"wp:attachment":[{"href":"https:\/\/uniplenaeducacional.com.br\/blog\/wp-json\/wp\/v2\/media?parent=403"}],"wp:term":[{"taxonomy":"category","embeddable":true,"href":"https:\/\/uniplenaeducacional.com.br\/blog\/wp-json\/wp\/v2\/categories?post=403"},{"taxonomy":"post_tag","embeddable":true,"href":"https:\/\/uniplenaeducacional.com.br\/blog\/wp-json\/wp\/v2\/tags?post=403"}],"curies":[{"name":"wp","href":"https:\/\/api.w.org\/{rel}","templated":true}]}}