{"id":400,"date":"2021-11-03T09:00:00","date_gmt":"2021-11-03T09:00:00","guid":{"rendered":"https:\/\/uniplenaeducacional.com.br\/blog\/?p=400"},"modified":"2021-11-03T14:11:43","modified_gmt":"2021-11-03T14:11:43","slug":"como-ficam-os-concursos-publicos-para-professores-com-o-retorno-das-atividades-presenciais","status":"publish","type":"post","link":"https:\/\/uniplenaeducacional.com.br\/blog\/como-ficam-os-concursos-publicos-para-professores-com-o-retorno-das-atividades-presenciais\/","title":{"rendered":"Como ficam os concursos p\u00fablicos para professores com o retorno das atividades presenciais"},"content":{"rendered":"\n<p>Com a progressiva flexibiliza\u00e7\u00e3o da quarentena e do isolamento social, antes mais rigorosos para impedir a dissemina\u00e7\u00e3o do v\u00edrus da Covid-19, diversos setores da sociedade v\u00eam conquistando a sua reabertura, voltando ao funcionamento quase que normal, ou como aprendemos a dizer, est\u00e3o retomando suas atividades no novo normal.<\/p>\n\n\n\n<p>Entre elas est\u00e3o as empresas respons\u00e1veis pela organiza\u00e7\u00e3o dos concursos p\u00fablicos, que pararam suas atividades presenciais em mar\u00e7o de 2020, quando a Organiza\u00e7\u00e3o Mundial da Sa\u00fade anunciou que est\u00e1vamos vivendo uma pandemia, e todos os concursos foram cancelados, a fim de evitar as aglomera\u00e7\u00f5es nos dias de prova.<\/p>\n\n\n\n<p>A boa not\u00edcia \u00e9 que com o avan\u00e7o da vacina\u00e7\u00e3o da popula\u00e7\u00e3o vem acontecendo uma melhora no quadro epidemiol\u00f3gico no Brasil, e como consequ\u00eancia os \u00faltimos dados e not\u00edcias apontam a diminui\u00e7\u00e3o dos casos de infectados, internados, e at\u00e9 mesmo os \u00f3bitos, que at\u00e9 pouco tempo nos assombrava com n\u00fameros preocupantes.<\/p>\n\n\n\n<p>Quer saber como ficar\u00e1 a situa\u00e7\u00e3o dos concursos p\u00fablicos para professores com a gradativa reabertura das atividades presenciais?<\/p>\n\n\n\n<p>Leia este texto e fique sabendo das principais informa\u00e7\u00f5es dos concursos que temos em vista!<\/p>\n\n\n\n<p>Vamos l\u00e1!<\/p>\n\n\n\n<p><strong>O que as principais bancas organizadoras dos concursos p\u00fablicos planejaram para a retomada das provas presenciais:<\/strong><\/p>\n\n\n\n<p>Com o cancelamento de todos os concursos em decorr\u00eancia da quarentena e do isolamento social, para evitar as aglomera\u00e7\u00f5es em dias de provas, muitos processos seletivos ocorreram de maneira remota, apenas com a entrega de documentos e an\u00e1lise dos curr\u00edculos, sem a realiza\u00e7\u00e3o e aplica\u00e7\u00e3o das avalia\u00e7\u00f5es presenciais.<\/p>\n\n\n\n<p>No entanto, com a retomada das atividades as bancas pensam em retomar as avalia\u00e7\u00f5es presenciais em breve, e para isso est\u00e3o planejando a\u00e7\u00f5es e estrat\u00e9gias para manter o distanciamento social pensando na sa\u00fade dos candidatos e em evitar mais contagiados, seguindo sempre todos os protocolos de seguran\u00e7a apontados pela Organiza\u00e7\u00e3o Mundial da Sa\u00fade.<\/p>\n\n\n\n<p>Assim, muitos concursos j\u00e1 est\u00e3o com os editais publicados e com datas para aplica\u00e7\u00e3o em vista, seguindo o rumo de uma volta \u00e0 normalidade, uma vez que estamos presenciando a gradativa retomada do desconfinamento do Brasil, e as bancas organizadoras est\u00e3o acompanhando esse processo, preparando-se para o retorno p\u00f3s-pandemia.<\/p>\n\n\n\n<p>Uma das principais regras de seguran\u00e7a foi pensar em como manter o distanciamento social dos candidatos, garantindo a seguran\u00e7a dos participantes e evitando qualquer poss\u00edvel dissemina\u00e7\u00e3o da doen\u00e7a, para isso planejaram o local de aplica\u00e7\u00e3o com instru\u00e7\u00f5es e disposi\u00e7\u00e3o das cadeiras para que se mantenha sempre a dist\u00e2ncia m\u00ednima necess\u00e1ria.<\/p>\n\n\n\n<p>Al\u00e9m do distanciamento, as bancas organizadoras pensaram tamb\u00e9m na manuten\u00e7\u00e3o da higiene dos candidatos no dia da avalia\u00e7\u00e3o, para isso planejaram dispor em quantidade suficiente \u00e1lcool em gel, sab\u00e3o l\u00edquido, e artigos de higiene individual, como len\u00e7os de papel, papel toalha, e sacos individuais para o devido descarte de seus len\u00e7os e pap\u00e9is usados.<\/p>\n\n\n\n<p>Outra estrat\u00e9gia interessante foi a de elaborar um guia com os protocolos de seguran\u00e7a para os candidatos se inteirar de como eles e os funcion\u00e1rios da banca organizadora deveriam proceder em cada situa\u00e7\u00e3o, diminuindo, assim, as chances de haver d\u00favidas e riscos de contamina\u00e7\u00e3o, garantindo ao m\u00e1ximo as normas de seguran\u00e7a no dia do exame.<\/p>\n\n\n\n<p><strong>Quais os concursos p\u00fablicos est\u00e3o abertos e em andamento para professores:<\/strong><\/p>\n\n\n\n<p>Com a perspectiva de reabertura da sociedade aumentando cada dia mais, j\u00e1 existem diversos concursos abertos e em andamento ao redor do Brasil, n\u00e3o somente nas mais diversas \u00e1reas do mercado de trabalho, como tamb\u00e9m na \u00e1rea da educa\u00e7\u00e3o, e o mais interessante, para professores em todas as etapas do ensino.<\/p>\n\n\n\n<p>Ao pesquisar sobre os concursos que est\u00e3o abertos ou previstos, encontra-se um grande n\u00famero de oportunidades para professores em todas as \u00e1reas e nas diferentes etapas da educa\u00e7\u00e3o, com vagas para professores dos anos iniciais, ensino fundamental, ensino m\u00e9dio e t\u00e9cnico, e tamb\u00e9m para professores do ensino superior.<\/p>\n\n\n\n<p>Na \u00e1rea da educa\u00e7\u00e3o b\u00e1sica est\u00e3o abertos diversos concursos que exigem o magist\u00e9rio ou curso de Pedagogia, para atuar na educa\u00e7\u00e3o infantil, nos anos iniciais do ensino fundamental, como tamb\u00e9m na alfabetiza\u00e7\u00e3o de jovens e adultos, tanto em car\u00e1ter de contrato, para suprir vagas em per\u00edodo tempor\u00e1rio, mas com os benef\u00edcios de servidor p\u00fablico, como tamb\u00e9m em car\u00e1ter efetivo no cargo p\u00fablico.<\/p>\n\n\n\n<p>H\u00e1 tamb\u00e9m muitas vagas para professores especialistas das disciplinas espec\u00edficas, que atuam nos anos finais do ensino fundamental e no ensino m\u00e9dio, com vagas nas redes de ensino dos estados e prefeituras ao redor do Brasil, mas em grande quantidade, principalmente, nas Escolas T\u00e9cnicas Estaduais, que s\u00e3o vagas para professores de Ensino M\u00e9dio -T\u00e9cnico.<\/p>\n\n\n\n<p>Para que os candidatos possam ter direito a concorrer a estas vagas para professor no ensino m\u00e9dio &#8211; t\u00e9cnico, precisam possuir a idade m\u00ednima de 18 anos, apresentar o diploma de gradua\u00e7\u00e3o, especializa\u00e7\u00e3o, mestrado ou doutorado na \u00e1rea da disciplina, e comprovar a experi\u00eancia profissional de tr\u00eas a cinco anos na \u00e1rea.<\/p>\n\n\n\n<p>Para professores da etapa do ensino superior existem muitos concursos em aberto tamb\u00e9m, para atuarem nas diversas universidades p\u00fablicas ao redor do Brasil, vagas estas com sal\u00e1rios e benef\u00edcios altamente atrativos, o que vale muito a pena para quem possui interesse em seguir na carreira acad\u00eamica, cursando depois de concluir a gradua\u00e7\u00e3o, o mestrado que \u00e9 exig\u00eancia para o cargo, e o doutorado, que se torna um diferencial para quem possui.<\/p>\n\n\n\n<p>Em geral os concorrentes passam por duas etapas de avalia\u00e7\u00e3o em car\u00e1ter eliminat\u00f3rio e classificat\u00f3rio, onde a primeira \u00e9 constitu\u00edda por um exame de memorial circunstanciado, a saber a prova de t\u00edtulos, na qual o candidato tem a atribui\u00e7\u00e3o de pontos aos seus t\u00edtulos e sua experi\u00eancia profissional, e na segunda etapa ocorre uma prova de m\u00e9todos pedag\u00f3gicos, que consiste em prova objetiva de conhecimentos gerais e espec\u00edficas de suas \u00e1reas.<\/p>\n\n\n\n<p><strong>Comece a estudar agora mesmo!<\/strong><\/p>\n\n\n\n<p>Tendo em vista as grandes oportunidades que surgir\u00e3o com a reabertura dos setores e das atividades presenciais, n\u00e3o perca tempo e comece a estudar agora mesmo, pois caso j\u00e1 possua uma gradua\u00e7\u00e3o em outra \u00e1rea \u00e9 poss\u00edvel obter o seu certificado com licenciatura em poucos meses para concorrer a uma dessas vagas na \u00e1rea da educa\u00e7\u00e3o.<\/p>\n\n\n\n<p>Invista em seus sonhos e em sua carreira, e boa sorte!<\/p>\n\n\n\n<div class=\"wp-block-group alignwide\"><div class=\"wp-block-group__inner-container is-layout-flow wp-block-group-is-layout-flow\">\n<div class=\"wp-block-media-text alignwide is-stacked-on-mobile\" style=\"grid-template-columns:22% auto\"><figure class=\"wp-block-media-text__media\"><img loading=\"lazy\" decoding=\"async\" width=\"792\" height=\"1024\" src=\"https:\/\/uniplenaeducacional.com.br\/blog\/wp-content\/uploads\/2020\/03\/IngridDehnRodrigues-3-792x1024.jpeg\" alt=\"\" class=\"wp-image-67 size-full\" srcset=\"https:\/\/uniplenaeducacional.com.br\/blog\/wp-content\/uploads\/2020\/03\/IngridDehnRodrigues-3-792x1024.jpeg 792w, https:\/\/uniplenaeducacional.com.br\/blog\/wp-content\/uploads\/2020\/03\/IngridDehnRodrigues-3-232x300.jpeg 232w, https:\/\/uniplenaeducacional.com.br\/blog\/wp-content\/uploads\/2020\/03\/IngridDehnRodrigues-3-768x993.jpeg 768w, https:\/\/uniplenaeducacional.com.br\/blog\/wp-content\/uploads\/2020\/03\/IngridDehnRodrigues-3.jpeg 869w\" sizes=\"(max-width: 792px) 100vw, 792px\" \/><\/figure><div class=\"wp-block-media-text__content\">\n<p class=\"has-small-font-size\"><strong>Ingrid Dehn Rodrigues<\/strong> &#8211; trabalha na \u00e1rea da educa\u00e7\u00e3o h\u00e1 11 anos, professora h\u00e1 4 anos, graduada em Pedagogia pela FEUSP, p\u00f3s-gradua\u00e7\u00e3o em Educa\u00e7\u00e3o Infantil pela UNINOVE, atualmente \u00e9 professora de Educa\u00e7\u00e3o Infantil e Ensino Fundamental I na prefeitura de S\u00e3o Paulo. <\/p>\n<\/div><\/div>\n<\/div><\/div>\n","protected":false},"excerpt":{"rendered":"<p>Com a progressiva flexibiliza\u00e7\u00e3o da quarentena e do isolamento social, antes mais rigorosos para impedir a dissemina\u00e7\u00e3o do v\u00edrus da Covid-19, diversos setores da sociedade v\u00eam conquistando a sua reabertura, voltando ao funcionamento quase que&hellip;<\/p>\n<p><a class=\"readmore\" href=\"https:\/\/uniplenaeducacional.com.br\/blog\/como-ficam-os-concursos-publicos-para-professores-com-o-retorno-das-atividades-presenciais\/\">Read More<\/a><\/p>\n","protected":false},"author":2,"featured_media":0,"comment_status":"open","ping_status":"open","sticky":false,"template":"","format":"standard","meta":{"footnotes":""},"categories":[1],"tags":[],"class_list":["post-400","post","type-post","status-publish","format-standard","hentry","category-educacao-basica"],"_links":{"self":[{"href":"https:\/\/uniplenaeducacional.com.br\/blog\/wp-json\/wp\/v2\/posts\/400"}],"collection":[{"href":"https:\/\/uniplenaeducacional.com.br\/blog\/wp-json\/wp\/v2\/posts"}],"about":[{"href":"https:\/\/uniplenaeducacional.com.br\/blog\/wp-json\/wp\/v2\/types\/post"}],"author":[{"embeddable":true,"href":"https:\/\/uniplenaeducacional.com.br\/blog\/wp-json\/wp\/v2\/users\/2"}],"replies":[{"embeddable":true,"href":"https:\/\/uniplenaeducacional.com.br\/blog\/wp-json\/wp\/v2\/comments?post=400"}],"version-history":[{"count":1,"href":"https:\/\/uniplenaeducacional.com.br\/blog\/wp-json\/wp\/v2\/posts\/400\/revisions"}],"predecessor-version":[{"id":401,"href":"https:\/\/uniplenaeducacional.com.br\/blog\/wp-json\/wp\/v2\/posts\/400\/revisions\/401"}],"wp:attachment":[{"href":"https:\/\/uniplenaeducacional.com.br\/blog\/wp-json\/wp\/v2\/media?parent=400"}],"wp:term":[{"taxonomy":"category","embeddable":true,"href":"https:\/\/uniplenaeducacional.com.br\/blog\/wp-json\/wp\/v2\/categories?post=400"},{"taxonomy":"post_tag","embeddable":true,"href":"https:\/\/uniplenaeducacional.com.br\/blog\/wp-json\/wp\/v2\/tags?post=400"}],"curies":[{"name":"wp","href":"https:\/\/api.w.org\/{rel}","templated":true}]}}