{"id":398,"date":"2021-10-27T00:25:00","date_gmt":"2021-10-27T00:25:00","guid":{"rendered":"https:\/\/uniplenaeducacional.com.br\/blog\/?p=398"},"modified":"2021-10-27T14:10:16","modified_gmt":"2021-10-27T14:10:16","slug":"segunda-licenciatura-vantagens-e-formacao-diferenciada","status":"publish","type":"post","link":"https:\/\/uniplenaeducacional.com.br\/blog\/segunda-licenciatura-vantagens-e-formacao-diferenciada\/","title":{"rendered":"Segunda licenciatura: vantagens e forma\u00e7\u00e3o diferenciada"},"content":{"rendered":"\n<p>Basicamente, este curso \u00e9 uma gradua\u00e7\u00e3o para quem quer ter forma\u00e7\u00e3o em pedagogia com uma abrang\u00eancia bastante ampla. Portanto, em um per\u00edodo curto de seis meses, voc\u00ea adquire um diploma v\u00e1lido em todo territ\u00f3rio nacional, para concursos p\u00fablicos.<\/p>\n\n\n\n<p>Al\u00e9m disso, este curso amplia a \u00e1rea de atua\u00e7\u00e3o do professor diversificando os seus objetivos na educa\u00e7\u00e3o. O professor que possui uma segunda gradua\u00e7\u00e3o em pedagogia pode ensinar na educa\u00e7\u00e3o infantil e nos anos iniciais do ensino fundamental.<\/p>\n\n\n\n<ul class=\"wp-block-list\"><li><strong>Forma\u00e7\u00e3o para outras pr\u00e1ticas do campo do ensino como:<\/strong><\/li><li> Projetos educacionais: ongs, hospitais, brinquedotecas editoras, empresas.<\/li><li> Coordena\u00e7\u00e3o pedag\u00f3gica<\/li><li> Gest\u00e3o pedag\u00f3gica e administra\u00e7\u00e3o<\/li><li> Orienta\u00e7\u00e3o escolar<\/li><li> Educa\u00e7\u00e3o inclusiva<\/li><li>  Educa\u00e7\u00e3o a dist\u00e2ncia<\/li><li> Educa\u00e7\u00e3o profissionalizante<\/li><li> Diferencial profissional<\/li><li> O mercado educacional \u00e9 bem mais vasto do que aparenta, o profissional que adquire uma forma\u00e7\u00e3o vers\u00e1til tem mais chances de empregabilidade.<\/li><\/ul>\n\n\n\n<p>Atualmente a pedagogia como conhecimento, ampliou sua atua\u00e7\u00e3o. Neste sentido, existe demanda e profissionais de pedagogia em empresas, ONGs , hospitais, editoras e outros campos profissionais.<\/p>\n\n\n\n<p>Assim, o professor pode ser consultor, pesquisador, escritor, orientador e outras atua\u00e7\u00f5es. Contudo ele precisa ter um diferencial em sua forma\u00e7\u00e3o, ou seja, ampliar seus objetivos de forma\u00e7\u00e3o.<\/p>\n\n\n\n<ul class=\"wp-block-list\"><li><strong>Perguntas mais frequentes:<\/strong><\/li><li> Quando posso trabalhar? Voc\u00ea pode come\u00e7ar com est\u00e1gio nos primeiros meses de curso. Contudo existem bastante oportunidades de emprego CLT ap\u00f3s a forma\u00e7\u00e3o de seis meses<\/li><li> Que tipo de empresa eu posso trabalhar? Escolas, creches, editoras, faculdades e outras.<\/li><li> Em que cargos eu posso atuar? S\u00e3o muitas possibilidades para o profissional formado em pedagogia. As mais importantes s\u00e3o: Professor, coordenador de curso, supervisor, autor, diretor de escola, e editor e outras.<\/li><li> O pedagogo e seu campo de atua\u00e7\u00e3o<\/li><li> O curso de pedagogia para licenciado desenvolve uma forma\u00e7\u00e3o completa do pedagogo. Neste sentido, privilegia a utiliza\u00e7\u00e3o de metodologias pr\u00e1ticas e te\u00f3ricas.<\/li><\/ul>\n\n\n\n<p>Al\u00e9m disso, possibilita o desenvolvimento de diversas compet\u00eancias  focando na forma\u00e7\u00e3o humana, t\u00e9cnica, cient\u00edfica e te\u00f3rica.<\/p>\n\n\n\n<p>Vale lembrar que o campo de atua\u00e7\u00e3o do pedagogo inclui doc\u00eancia e gest\u00e3o educativa em \u00e1reas escolares e n\u00e3o-escolares.<\/p>\n\n\n\n<p>Ele pode atuar tamb\u00e9m na produ\u00e7\u00e3o e dissemina\u00e7\u00e3o de conhecimentos como pesquisador, redator e escritor.<\/p>\n\n\n\n<p>Em s\u00edntese, este curso atua na forma\u00e7\u00e3o profissional e especializada em estudos e a\u00e7\u00f5es conectadas com ci\u00eancia pedag\u00f3gica e problem\u00e1tica educativa. Assim, inclui metodologias e vis\u00f5es educativas como o m\u00e9todo Montessori e os m\u00e9todos ativos ligados \u00e0 escola nova.<\/p>\n\n\n\n<p>Al\u00e9m disso, atende aos desafios da atualidade formando pleno que atua no campo presencial, h\u00edbrido e a dist\u00e2ncia.<\/p>\n\n\n\n<p>Recursos metodol\u00f3gicos da pedagogia para licenciados<br>\nEste curso possui uma metodologia bastante diversificada por conta dos desafios da atualidade que cobram um profissional din\u00e2mico, com autonomia, proativo, e que det\u00e9m um poder decis\u00f3rio comprometido com valores \u00e9ticos<\/p>\n\n\n\n<p><strong>Alguns recursos utilizados:<\/strong><\/p>\n\n\n\n<ul class=\"wp-block-list\"><li>Estudo de casos<\/li><li> Web confer\u00eancias,<\/li><li>   f\u00f3runs<\/li><li>  Mapas mentais<\/li><li> V\u00eddeos e outros<\/li><li> Gest\u00e3o educacional<\/li><\/ul>\n\n\n\n<p>O curso de pedagogia para licenciados proporciona a forma\u00e7\u00e3o em gest\u00e3o educacional. vale lembrar que a gest\u00e3o educacional \u00e9 fundamental para o desenvolvimento intelectual dos alunos e para o crescimento da institui\u00e7\u00e3o de ensino.<\/p>\n\n\n\n<p>Neste sentido, a gest\u00e3o educacional demanda um profissional com conhecimento profundo das teorias educacionais e especificamente do cen\u00e1rio brasileiro, configurado em leis e programas educacionais.<\/p>\n\n\n\n<p>Al\u00e9m disso, na forma\u00e7\u00e3o desse profissional se inclui tamb\u00e9m a tecnologia organizacional e administrativa.<\/p>\n\n\n\n<p>Vale lembrar, que a administra\u00e7\u00e3o de uma institui\u00e7\u00e3o de ensino \u00e9 bem singular porque existe a entrega de valor constante representada por cada a\u00e7\u00e3o voltada para o seu p\u00fablico.<\/p>\n\n\n\n<p>A gest\u00e3o educacional envolve os processos do setor administrativo, pedag\u00f3gico, log\u00edstico entre outros. No aspecto de forma\u00e7\u00e3o, o curso de pedagogia para licenciados prepara o aluno  para otimizar as atividades di\u00e1rias escolares e aumentar a efici\u00eancia de ensino dentro da institui\u00e7\u00e3o escolar.<\/p>\n\n\n\n<p>Aborda tamb\u00e9m quest\u00f5es das esferas p\u00fablicas compostas por escolas municipais, estaduais e federais.<\/p>\n\n\n\n<figure class=\"wp-block-pullquote\" style=\"border-color:#3e8cc1\"><blockquote><p>O que acha de se tornar licenciado em Pedagogia em 6 meses? Ent\u00e3o conhe\u00e7a nosso curso de Pedagogia para Licenciados!<\/p><cite><a href=\"http:\/\/www.uniplena.com.br\/Site\/pedagogia-para-licenciados\/\" target=\"_blank\" rel=\"noreferrer noopener\" aria-label=\"http:\/\/www.uniplena.com.br\/Site\/pedagogia-para-licenciados\/ (abre num novo separador)\">http:\/\/www.uniplena.com.br\/Site\/pedagogia-para-licenciados\/<\/a><\/cite><\/blockquote><\/figure>\n\n\n\n<div class=\"wp-block-media-text alignwide is-stacked-on-mobile\" style=\"grid-template-columns:22% auto\"><figure class=\"wp-block-media-text__media\"><img loading=\"lazy\" decoding=\"async\" width=\"164\" height=\"164\" src=\"https:\/\/uniplenaeducacional.com.br\/blog\/wp-content\/uploads\/2020\/08\/Design-sem-nome.png\" alt=\"\" class=\"wp-image-222 size-full\" srcset=\"https:\/\/uniplenaeducacional.com.br\/blog\/wp-content\/uploads\/2020\/08\/Design-sem-nome.png 164w, https:\/\/uniplenaeducacional.com.br\/blog\/wp-content\/uploads\/2020\/08\/Design-sem-nome-150x150.png 150w\" sizes=\"(max-width: 164px) 100vw, 164px\" \/><\/figure><div class=\"wp-block-media-text__content\">\n<p class=\"has-small-font-size\"><strong>Pedro Guimar\u00e3es<\/strong>  &#8211; Mestre em m\u00fasica na \u00e1rea de Etnomusicologia pela UNESP. Professor de M\u00fasica e Arte Educador nas seguintes Institui\u00e7\u00f5es: Servi\u00e7o Social da Ind\u00fastria (SESI); Centro de Educa\u00e7\u00e3o Unificada da prefeitura (CEU); Faculdade Anhembi Morumbi; e Instituto Paulo Vanzolini (Forma\u00e7\u00e3o de Professores). M\u00fasico multi-instrumentista e compositor de trilha sonora.<\/p>\n<\/div><\/div>\n\n\n\n<p><\/p>\n","protected":false},"excerpt":{"rendered":"<p>Basicamente, este curso \u00e9 uma gradua\u00e7\u00e3o para quem quer ter forma\u00e7\u00e3o em pedagogia com uma abrang\u00eancia bastante ampla. Portanto, em um per\u00edodo curto de seis meses, voc\u00ea adquire um diploma v\u00e1lido em todo territ\u00f3rio nacional,&hellip;<\/p>\n<p><a class=\"readmore\" href=\"https:\/\/uniplenaeducacional.com.br\/blog\/segunda-licenciatura-vantagens-e-formacao-diferenciada\/\">Read More<\/a><\/p>\n","protected":false},"author":6,"featured_media":0,"comment_status":"open","ping_status":"open","sticky":false,"template":"","format":"standard","meta":{"footnotes":""},"categories":[1],"tags":[],"class_list":["post-398","post","type-post","status-publish","format-standard","hentry","category-educacao-basica"],"_links":{"self":[{"href":"https:\/\/uniplenaeducacional.com.br\/blog\/wp-json\/wp\/v2\/posts\/398"}],"collection":[{"href":"https:\/\/uniplenaeducacional.com.br\/blog\/wp-json\/wp\/v2\/posts"}],"about":[{"href":"https:\/\/uniplenaeducacional.com.br\/blog\/wp-json\/wp\/v2\/types\/post"}],"author":[{"embeddable":true,"href":"https:\/\/uniplenaeducacional.com.br\/blog\/wp-json\/wp\/v2\/users\/6"}],"replies":[{"embeddable":true,"href":"https:\/\/uniplenaeducacional.com.br\/blog\/wp-json\/wp\/v2\/comments?post=398"}],"version-history":[{"count":1,"href":"https:\/\/uniplenaeducacional.com.br\/blog\/wp-json\/wp\/v2\/posts\/398\/revisions"}],"predecessor-version":[{"id":399,"href":"https:\/\/uniplenaeducacional.com.br\/blog\/wp-json\/wp\/v2\/posts\/398\/revisions\/399"}],"wp:attachment":[{"href":"https:\/\/uniplenaeducacional.com.br\/blog\/wp-json\/wp\/v2\/media?parent=398"}],"wp:term":[{"taxonomy":"category","embeddable":true,"href":"https:\/\/uniplenaeducacional.com.br\/blog\/wp-json\/wp\/v2\/categories?post=398"},{"taxonomy":"post_tag","embeddable":true,"href":"https:\/\/uniplenaeducacional.com.br\/blog\/wp-json\/wp\/v2\/tags?post=398"}],"curies":[{"name":"wp","href":"https:\/\/api.w.org\/{rel}","templated":true}]}}