{"id":394,"date":"2021-10-22T00:15:00","date_gmt":"2021-10-22T00:15:00","guid":{"rendered":"https:\/\/uniplenaeducacional.com.br\/blog\/?p=394"},"modified":"2021-10-26T20:30:10","modified_gmt":"2021-10-26T20:30:10","slug":"beneficios-da-sala-de-aula-agrupada-no-metodo-montessori","status":"publish","type":"post","link":"https:\/\/uniplenaeducacional.com.br\/blog\/beneficios-da-sala-de-aula-agrupada-no-metodo-montessori\/","title":{"rendered":"Benef\u00edcios da sala de aula agrupada no m\u00e9todo montessori"},"content":{"rendered":"\n<p>\u201cO principal \u00e9 que os grupos devam conter idades diferentes, pois tem grande influ\u00eancia no desenvolvimento cultural da crian\u00e7a. Isso \u00e9 obtido pelas rela\u00e7\u00f5es dos filhos entre si. Voc\u00ea n\u00e3o pode imaginar como uma crian\u00e7a aprende bem com uma crian\u00e7a mais velha; qu\u00e3o paciente \u00e9 a crian\u00e7a mais velha com as dificuldades da mais nova\u201d. (Maria Montessori, A Crian\u00e7a).<\/p>\n\n\n\n<p>Certa vez, uma professora Montessori que trabalhou por muitos anos com adolescentes recebeu o desafio de assumir uma sala de aula mista para a idade de 6 a 9 anos. Seu desafio foi evidenciado com o pedido de um pai de dois filhos, um de 6 anos e outro de 9 anos. Ent\u00e3o a professora chamou o pai para uma conversa e come\u00e7ou a explicar a raz\u00e3o por tr\u00e1s do agrupamento de crian\u00e7as de 6 a 9 anos na mesma sala de aula, mas o pai estava decidido em sua opini\u00e3o de que sua filhinha n\u00e3o daria conta de &#8220;meninos grandes e selvagens&#8221;. Assim, sabiamente a professora examinou a lista da classe e notou que seu filho mais velho tamb\u00e9m estava na classe. Isso lhe deu abertura para discutir o assunto. <\/p>\n\n\n\n<p><strong>A conversa com pai foi mais ou menos assim:<\/strong><\/p>\n\n\n\n<p>Professora: Sr. Jo\u00e3o, noto que seu filho, Arthur, \u00e9 do terceiro ano nesta classe. Clara e Arthur brincam juntos em casa?<br>\nPai: Sim, eles brincam.<br>\nProfessora: E ele \u00e9 mau com ela em casa? Ele \u00e9 rude e desrespeitoso com ela?<br>\nPai: N\u00e3o, eles se d\u00e3o bem e ele \u00e9 muito carinhoso com a irm\u00e3.<br>\nProfessora: Algum dos outros tr\u00eas meninos do terceiro ano vem brincar na sua casa?<br>\nPai: Bem, sim. Arthur e os outros meninos est\u00e3o juntos desde que chegaram \u00e0 Casa das Crian\u00e7as.<br>\nProfessora: Ent\u00e3o, voc\u00ea conhece esses meninos e suas fam\u00edlias, e Clara brinca com eles h\u00e1 anos. Tenho certeza de que os meninos brincam com respeito em sua casa e s\u00e3o gentis com Clara. E posso garantir que o ambiente Montessori funciona da mesma maneira &#8211; como uma fam\u00edlia. Tratamos uns aos outros com gra\u00e7a, cortesia e respeito. Os filhos mais velhos, tendo crescido nesse ambiente, levam muito a s\u00e9rio seu dever de ser mais velhos. Na verdade, os alunos do terceiro ano est\u00e3o atualmente tendo uma reuni\u00e3o em grupo sobre quem ser\u00e3o os mentores de seus amigos do primeiro ano durante a primeira semana. H\u00e1 apenas seis alunos do terceiro ano e 18 do primeiro ano, ent\u00e3o eles est\u00e3o decidindo os grupos para garantir que todos sejam atendidos no primeiro dia de aula.<\/p>\n\n\n\n<p>Felizmente, a conversa da professora tranquilizou o pai, e ele se sentiu confort\u00e1vel ao enviar Clara para o primeiro dia de aula. Por mais que a conversa tenha ajudado, ver os alunos do terceiro ano trabalhando t\u00e3o seriamente em como serem bons mentores para seus novos colegas de classe realmente o convenceu. <\/p>\n\n\n\n<p><strong>Os alunos mais velhos na sala de aula montessori s\u00e3o mentores<\/strong><\/p>\n\n\n\n<ul class=\"wp-block-list\"><li>Eles formaram um comit\u00ea de boas-vindas e fazem listas do que precisam mostrar e ensinar aos alunos mais jovens no primeiro dia. <\/li><li> Eles mostram aos primeiros anos como desenrolar e enrolar o tapete de trabalho, como fazer um lanche, onde fica o banheiro, como tirar o trabalho das prateleiras e muito mais. <\/li><li> Eles se sentam com os mais jovens no almo\u00e7o e organizam jogos para eles no recreio. <\/li><li> Eles se certificam de que os primeiros anos levem tudo para casa e os direcionam at\u00e9 a porta no final do dia. <\/li><li> Na manh\u00e3 seguinte, eles garantem que cada pessoa fosse saudada com um sorriso. <\/li><li> Os primeiros anos com essa rela\u00e7\u00e3o constru\u00edda na rotina da sala de aula considera os alunos mais velhos como seus pr\u00f3prios her\u00f3is especiais. <\/li><li> Os alunos mais velhos do terceiro ano se tornaram melhores amigos, o que os fazia sentir seguros e protegidos em seu novo ambiente. <\/li><li> Gradualmente, os alunos do primeiro ano s\u00e3o capazes de funcionar de forma mais independente na sala de aula, mas essas amizades duram o ano inteiro. <\/li><li> A experi\u00eancia permanece com os alunos mais novos, preparando o caminho para que, por sua vez, eles se tornem os pr\u00f3ximos mentores.<\/li><\/ul>\n\n\n\n<p><strong>O Agrupamento na sala de aula montessori<\/strong><\/p>\n\n\n\n<p>A educa\u00e7\u00e3o convencional se afastou da classe de idade mista em favor de s\u00e9ries \u00fanicas. Pode parecer que ter uma sala de aula para uma \u00fanica idade seria mais f\u00e1cil, pois, em tese, as crian\u00e7as estariam todas no mesmo n\u00edvel. No entanto, nada poderia estar mais longe da verdade. Nas salas de aula de uma e de outras idades, voc\u00ea encontrar\u00e1 crian\u00e7as com uma variedade de habilidades.<\/p>\n\n\n\n<p>\u201cEles est\u00e3o cientes das pessoas ao seu redor, e muitas vezes vemos os pequenos observando atentamente o trabalho dos outros, especialmente os mais velhos. Com isso, absorvem muito mais do que parece e j\u00e1 se preparam para uma participa\u00e7\u00e3o social mais ativa na comunidade da classe\u201d. (Maria Montessori, Livro Educa\u00e7\u00e3o para o Desenvolvimento Humano).<\/p>\n\n\n\n<p>Nesse sentido, o que torna a classe de idade mista (agrupada) \u00fanica e diferenciada \u00e9 a quantidade e a qualidade de ensino e experi\u00eancias de aprendizagem que ocorrem todos os dias entre as crian\u00e7as. As crian\u00e7as est\u00e3o mais aptas a aprender com os colegas do que com os adultos. Assim, as crian\u00e7as mais velhas servem como modelos, n\u00e3o apenas socialmente, mas tamb\u00e9m academicamente.<\/p>\n\n\n\n<figure class=\"wp-block-pullquote\" style=\"border-color:#3e8cc1\"><blockquote><p>Quer se tornar um professor Montessori? Ent\u00e3o conhe\u00e7a nosso curso de P\u00f3s-Gradua\u00e7\u00e3o em Educa\u00e7\u00e3o Montessori!<\/p><cite><a href=\"http:\/\/www.uniplena.com.br\/Site\/posgraduacao-educacao-montessori\/\">http:\/\/www.uniplena.com.br\/Site\/posgraduacao-educacao-montessori\/<\/a><\/cite><\/blockquote><\/figure>\n\n\n\n<div class=\"wp-block-group alignwide\"><div class=\"wp-block-group__inner-container is-layout-flow wp-block-group-is-layout-flow\">\n<div class=\"wp-block-media-text alignwide is-stacked-on-mobile\" style=\"grid-template-columns:17% auto\"><figure class=\"wp-block-media-text__media\"><img loading=\"lazy\" decoding=\"async\" width=\"960\" height=\"960\" src=\"https:\/\/uniplenaeducacional.com.br\/blog\/wp-content\/uploads\/2020\/05\/Perfil.jpg\" alt=\"\" class=\"wp-image-159 size-full\" srcset=\"https:\/\/uniplenaeducacional.com.br\/blog\/wp-content\/uploads\/2020\/05\/Perfil.jpg 960w, https:\/\/uniplenaeducacional.com.br\/blog\/wp-content\/uploads\/2020\/05\/Perfil-300x300.jpg 300w, https:\/\/uniplenaeducacional.com.br\/blog\/wp-content\/uploads\/2020\/05\/Perfil-150x150.jpg 150w, https:\/\/uniplenaeducacional.com.br\/blog\/wp-content\/uploads\/2020\/05\/Perfil-768x768.jpg 768w\" sizes=\"(max-width: 960px) 100vw, 960px\" \/><\/figure><div class=\"wp-block-media-text__content\">\n<p><strong>Equipe &#8211; Uniplena Educacional<\/strong> &#8211; nosso prop\u00f3sito \u00e9 ajudar na forma\u00e7\u00e3o e evolu\u00e7\u00e3o de professores atrav\u00e9s de um plano de carreira focado em educa\u00e7\u00e3o continuada. Como Instituto Educacional, atuamos nesse mercado a mais de 6 anos, tendo formando em m\u00e9dia 5.000 professores em todo o Brasil. Trabalhamos em parceria com diversas faculdades credenciadas no MEC, com polos em S\u00e3o Paulo, Rio de Janeiro, Belo Horizonte e Goi\u00e1s.<\/p>\n<\/div><\/div>\n<\/div><\/div>\n","protected":false},"excerpt":{"rendered":"<p>\u201cO principal \u00e9 que os grupos devam conter idades diferentes, pois tem grande influ\u00eancia no desenvolvimento cultural da crian\u00e7a. Isso \u00e9 obtido pelas rela\u00e7\u00f5es dos filhos entre si. Voc\u00ea n\u00e3o pode imaginar como uma crian\u00e7a&hellip;<\/p>\n<p><a class=\"readmore\" href=\"https:\/\/uniplenaeducacional.com.br\/blog\/beneficios-da-sala-de-aula-agrupada-no-metodo-montessori\/\">Read More<\/a><\/p>\n","protected":false},"author":1,"featured_media":0,"comment_status":"open","ping_status":"open","sticky":false,"template":"","format":"standard","meta":{"footnotes":""},"categories":[1],"tags":[],"class_list":["post-394","post","type-post","status-publish","format-standard","hentry","category-educacao-basica"],"_links":{"self":[{"href":"https:\/\/uniplenaeducacional.com.br\/blog\/wp-json\/wp\/v2\/posts\/394"}],"collection":[{"href":"https:\/\/uniplenaeducacional.com.br\/blog\/wp-json\/wp\/v2\/posts"}],"about":[{"href":"https:\/\/uniplenaeducacional.com.br\/blog\/wp-json\/wp\/v2\/types\/post"}],"author":[{"embeddable":true,"href":"https:\/\/uniplenaeducacional.com.br\/blog\/wp-json\/wp\/v2\/users\/1"}],"replies":[{"embeddable":true,"href":"https:\/\/uniplenaeducacional.com.br\/blog\/wp-json\/wp\/v2\/comments?post=394"}],"version-history":[{"count":1,"href":"https:\/\/uniplenaeducacional.com.br\/blog\/wp-json\/wp\/v2\/posts\/394\/revisions"}],"predecessor-version":[{"id":395,"href":"https:\/\/uniplenaeducacional.com.br\/blog\/wp-json\/wp\/v2\/posts\/394\/revisions\/395"}],"wp:attachment":[{"href":"https:\/\/uniplenaeducacional.com.br\/blog\/wp-json\/wp\/v2\/media?parent=394"}],"wp:term":[{"taxonomy":"category","embeddable":true,"href":"https:\/\/uniplenaeducacional.com.br\/blog\/wp-json\/wp\/v2\/categories?post=394"},{"taxonomy":"post_tag","embeddable":true,"href":"https:\/\/uniplenaeducacional.com.br\/blog\/wp-json\/wp\/v2\/tags?post=394"}],"curies":[{"name":"wp","href":"https:\/\/api.w.org\/{rel}","templated":true}]}}