{"id":389,"date":"2021-10-13T08:00:00","date_gmt":"2021-10-13T08:00:00","guid":{"rendered":"https:\/\/uniplenaeducacional.com.br\/blog\/?p=389"},"modified":"2021-10-26T20:30:24","modified_gmt":"2021-10-26T20:30:24","slug":"pedagogia-veja-o-que-torna-essa-profissao-tao-apaixonante","status":"publish","type":"post","link":"https:\/\/uniplenaeducacional.com.br\/blog\/pedagogia-veja-o-que-torna-essa-profissao-tao-apaixonante\/","title":{"rendered":"Pedagogia: veja o que torna essa profiss\u00e3o t\u00e3o apaixonante!"},"content":{"rendered":"\n<p>S\u00e3o muitos os motivos para se fazer o curso de pedagogia. Atualmente o curso de pedagogia est\u00e1 entre os mais procurados por estudantes que saem do ensino m\u00e9dio.<\/p>\n\n\n\n<p>O pedagogo faz parte da forma\u00e7\u00e3o das pessoas desde seus primeiros contatos sociais. Este profissional \u00e9 um pesquisador intr\u00ednseco  da comunica\u00e7\u00e3o, cogni\u00e7\u00e3o e socializa\u00e7\u00e3o humana.<\/p>\n\n\n\n<p>Atende a todas as faixas et\u00e1rias, coordena e direciona projetos educacionais com os mais variados objetivos e impactos.<\/p>\n\n\n\n<p>Basicamente, a m\u00e9dia de dura\u00e7\u00e3o de um curso de pedagogia \u00e9 de quatro anos. Dentre as suas disciplinas est\u00e3o conte\u00fados que v\u00e3o desde a alfabetiza\u00e7\u00e3o e letramento at\u00e9 did\u00e1tica e gest\u00e3o da educa\u00e7\u00e3o.<\/p>\n\n\n\n<p><strong>Onde o pedagogo pode atuar<br><\/strong> A profiss\u00e3o de pedagogo abrange atividades dentro e fora da sala de aula. Portanto, se o profissional quer trabalhar como professor na sala de aula a pedagogia o habilita a atuar com o ensino fundamental I que vai do primeiro ao quinto ano.<\/p>\n\n\n\n<p>No entanto, a profiss\u00e3o de pedagogo se estende a outros setores de atua\u00e7\u00e3o como o ensino de jovens e adultos. Al\u00e9m disso, ele pode atuar na elabora\u00e7\u00e3o, reda\u00e7\u00e3o e gerenciamento de materiais did\u00e1ticos junto a empresas que desenvolvem este servi\u00e7o tanto para sua difus\u00e3o como em a\u00e7\u00f5es de ensino a dist\u00e2ncia (EAD).<\/p>\n\n\n\n<p>Outros campos de atua\u00e7\u00e3o do pedagogo est\u00e3o relacionados \u00e0 diretoria e coordena\u00e7\u00e3o e administra\u00e7\u00e3o. Nestas posi\u00e7\u00f5es o profissional de pedagogia tem uma atua\u00e7\u00e3o mais ampla, elaborando e pensando novas formas de atender as necessidades e demandas dos alunos.<\/p>\n\n\n\n<p>Vale lembrar que as \u00e1reas de atua\u00e7\u00e3o do pedagogo, como tamb\u00e9m da necessidade do campo pedag\u00f3gico, n\u00e3o se restringem \u00e0s escolas. Neste sentido, atualmente, Ongs, Hospitais e museus demandam a presen\u00e7a desse profissional para atuar na coordena\u00e7\u00e3o de projetos, monitoramento de p\u00fablicos e at\u00e9 em setores log\u00edsticos.<\/p>\n\n\n\n<p><strong>O pedagogo como alicerce cultural e de conhecimento<br><\/strong> A forma\u00e7\u00e3o do indiv\u00edduo \u00e9 uma das atividades mais importantes da sociedade. Neste sentido, tudo que \u00e9 produzido por uma sociedade em termos de valores culturais e de conhecimento se deve \u00e0 atua\u00e7\u00e3o dos profissionais de pedagogia.<\/p>\n\n\n\n<p>Contudo, esse compromisso com a sociedade se faz \u00e9 um caminho entrela\u00e7ado com a pesquisa, pois o pedagogo que \u00e9 ao mesmo tempo pesquisador tem mais chances de ampliar seu conhecimento sobre sua atua\u00e7\u00e3o e sua colabora\u00e7\u00e3o social.<\/p>\n\n\n\n<p>A pesquisa do pedagogo se d\u00e1 no campo cognitivo e emocional, esses campos s\u00e3o temas de muitas pesquisas. Por\u00e9m \u00e9 v\u00e1lido dizer que o campo emocional e o cognitivo s\u00e3o portais de rela\u00e7\u00e3o interdisciplinar.<\/p>\n\n\n\n<p>Neste sentido, s\u00e3o por meio da tem\u00e1tica de pesquisas sobre emotividade e cogni\u00e7\u00e3o que a pedagogia constr\u00f3i interface com a psicologia, neuropsicopedagogia, psican\u00e1lise, filosofia e outros campos coligados a estas \u00e1reas.<\/p>\n\n\n\n<p><strong>Impacto social<br><\/strong> O pedagogo gera impacto social em v\u00e1rias dimens\u00f5es. Neste sentido ele gera primeiro um impacto temporal, pois ele est\u00e1 nas bases da forma\u00e7\u00e3o de um m\u00e9dico, arquiteto, advogado, m\u00fasico entre outros.<\/p>\n\n\n\n<p>Portanto, todos esses profissionais tiveram uma base comum que foi o professor\/a que construiu a sua base de valores, perspectiva filos\u00f3fica e de mundo.Sem esse profissional, estas pessoas n\u00e3o estariam em seus campos de atua\u00e7\u00e3o sociais. Contudo, o impacto do pedagogo tamb\u00e9m \u00e9 virtual hoje, pois ele orienta pesquisas de seus alunos internautas.<\/p>\n\n\n\n<p>Neste sentido, ele tem que estar atualizado frente ao novo p\u00fablico que exerce suas atividades em rela\u00e7\u00e3o \u00e0s tecnologias da informa\u00e7\u00e3o e comunica\u00e7\u00e3o ( TICs)<\/p>\n\n\n\n<p>Portanto, hoje o campo do profissional formado em pedagogia \u00e9 muito mais amplo, pois o mundo est\u00e1 aberto ao espa\u00e7o da pesquisa e produ\u00e7\u00e3o de conte\u00fado.<\/p>\n\n\n\n<p>Vale lembrar que este \u00faltimo aspecto que se liga \u00e0 produ\u00e7\u00e3o de textos, pesquisas e e-books o pedagogo \u00e9 uma das pessoas que s\u00e3o cada vez mais solicitadas pelo simples fato que as pessoas procuram muito mais por conte\u00fados verdadeiros.<\/p>\n\n\n\n<p>Ou seja, conte\u00fados, pesquisas, livros, e-books que sejam fundamentados de maneira s\u00e9ria e cient\u00edfica, o qual, o pedagogo possui toda a tecnicidade e ferramentas  para faz\u00ea-lo.<\/p>\n\n\n\n<p>Gr\u00e1fico sobre alguns campos de atua\u00e7\u00e3o do pedagogo em seus percentuais:<\/p>\n\n\n\n<figure class=\"wp-block-image\"><img decoding=\"async\" src=\"https:\/\/lh4.googleusercontent.com\/ogXfgXm8_FV8Glv0FCrWMOkaeUcUQM5AJhry0b8NkuMyoUah1j1aMqHz_xIZFhlyyVqqYZVwo8WthVLRn2A7FGZ3MOEiXsh-b_gjCShwJ_m9Q551O62ztWKciXqcpU577L1tY1us=s0\" alt=\"\"\/><figcaption><br><\/figcaption><\/figure>\n\n\n\n<figure class=\"wp-block-pullquote\" style=\"border-color:#3e8cc1\"><blockquote><p>O que acha de se tornar licenciado em Pedagogia em 6 meses? Ent\u00e3o conhe\u00e7a nosso curso de Pedagogia para Licenciados!<\/p><cite><a href=\"http:\/\/www.uniplena.com.br\/Site\/pedagogia-para-licenciados\/\" target=\"_blank\" rel=\"noreferrer noopener\" aria-label=\"http:\/\/www.uniplena.com.br\/Site\/pedagogia-para-licenciados\/ (abre num novo separador)\">http:\/\/www.uniplena.com.br\/Site\/pedagogia-para-licenciados\/<\/a><\/cite><\/blockquote><\/figure>\n\n\n\n<div class=\"wp-block-media-text alignwide is-stacked-on-mobile\" style=\"grid-template-columns:22% auto\"><figure class=\"wp-block-media-text__media\"><img loading=\"lazy\" decoding=\"async\" width=\"164\" height=\"164\" src=\"https:\/\/uniplenaeducacional.com.br\/blog\/wp-content\/uploads\/2020\/08\/Design-sem-nome.png\" alt=\"\" class=\"wp-image-222 size-full\" srcset=\"https:\/\/uniplenaeducacional.com.br\/blog\/wp-content\/uploads\/2020\/08\/Design-sem-nome.png 164w, https:\/\/uniplenaeducacional.com.br\/blog\/wp-content\/uploads\/2020\/08\/Design-sem-nome-150x150.png 150w\" sizes=\"(max-width: 164px) 100vw, 164px\" \/><\/figure><div class=\"wp-block-media-text__content\">\n<p class=\"has-small-font-size\"><strong>Pedro Guimar\u00e3es<\/strong>  &#8211; Mestre em m\u00fasica na \u00e1rea de Etnomusicologia pela UNESP. Professor de M\u00fasica e Arte Educador nas seguintes Institui\u00e7\u00f5es: Servi\u00e7o Social da Ind\u00fastria (SESI); Centro de Educa\u00e7\u00e3o Unificada da prefeitura (CEU); Faculdade Anhembi Morumbi; e Instituto Paulo Vanzolini (Forma\u00e7\u00e3o de Professores). M\u00fasico multi-instrumentista e compositor de trilha sonora.<\/p>\n<\/div><\/div>\n\n\n\n<p><\/p>\n","protected":false},"excerpt":{"rendered":"<p>S\u00e3o muitos os motivos para se fazer o curso de pedagogia. Atualmente o curso de pedagogia est\u00e1 entre os mais procurados por estudantes que saem do ensino m\u00e9dio. O pedagogo faz parte da forma\u00e7\u00e3o das&hellip;<\/p>\n<p><a class=\"readmore\" href=\"https:\/\/uniplenaeducacional.com.br\/blog\/pedagogia-veja-o-que-torna-essa-profissao-tao-apaixonante\/\">Read More<\/a><\/p>\n","protected":false},"author":6,"featured_media":0,"comment_status":"open","ping_status":"open","sticky":false,"template":"","format":"standard","meta":{"footnotes":""},"categories":[1],"tags":[],"class_list":["post-389","post","type-post","status-publish","format-standard","hentry","category-educacao-basica"],"_links":{"self":[{"href":"https:\/\/uniplenaeducacional.com.br\/blog\/wp-json\/wp\/v2\/posts\/389"}],"collection":[{"href":"https:\/\/uniplenaeducacional.com.br\/blog\/wp-json\/wp\/v2\/posts"}],"about":[{"href":"https:\/\/uniplenaeducacional.com.br\/blog\/wp-json\/wp\/v2\/types\/post"}],"author":[{"embeddable":true,"href":"https:\/\/uniplenaeducacional.com.br\/blog\/wp-json\/wp\/v2\/users\/6"}],"replies":[{"embeddable":true,"href":"https:\/\/uniplenaeducacional.com.br\/blog\/wp-json\/wp\/v2\/comments?post=389"}],"version-history":[{"count":1,"href":"https:\/\/uniplenaeducacional.com.br\/blog\/wp-json\/wp\/v2\/posts\/389\/revisions"}],"predecessor-version":[{"id":391,"href":"https:\/\/uniplenaeducacional.com.br\/blog\/wp-json\/wp\/v2\/posts\/389\/revisions\/391"}],"wp:attachment":[{"href":"https:\/\/uniplenaeducacional.com.br\/blog\/wp-json\/wp\/v2\/media?parent=389"}],"wp:term":[{"taxonomy":"category","embeddable":true,"href":"https:\/\/uniplenaeducacional.com.br\/blog\/wp-json\/wp\/v2\/categories?post=389"},{"taxonomy":"post_tag","embeddable":true,"href":"https:\/\/uniplenaeducacional.com.br\/blog\/wp-json\/wp\/v2\/tags?post=389"}],"curies":[{"name":"wp","href":"https:\/\/api.w.org\/{rel}","templated":true}]}}