{"id":383,"date":"2021-10-06T00:01:00","date_gmt":"2021-10-06T00:01:00","guid":{"rendered":"https:\/\/uniplenaeducacional.com.br\/blog\/?p=383"},"modified":"2021-10-08T18:30:30","modified_gmt":"2021-10-08T18:30:30","slug":"docencia-e-carreira-descubra-as-vantagens-de-ser-professor","status":"publish","type":"post","link":"https:\/\/uniplenaeducacional.com.br\/blog\/docencia-e-carreira-descubra-as-vantagens-de-ser-professor\/","title":{"rendered":"Doc\u00eancia e carreira: descubra as vantagens de ser professor!"},"content":{"rendered":"\n<p>Ser professor \u00e9 um desafio do ponto de vista de planejamento de vida, de criatividade acad\u00eamica e de vis\u00e3o de mundo. A carreira de um professor depende principalmente de um bom planejamento tanto acad\u00eamico como profissional no sentido de mesclar as aptid\u00f5es intelectuais e criativas com a perspic\u00e1cia de analisar as oportunidades de um novo formato de escola.<\/p>\n\n\n\n<p><strong>Perspectivas<\/strong><\/p>\n\n\n\n<p>Sempre \u00e9 importante lembrar que a profiss\u00e3o de professor \u00e9 muito importante socialmente e est\u00e1 inserida na sociedade em uma amplitude de faixas et\u00e1rias, podendo ser desenvolvida para crian\u00e7as, jovens e idosos. Nos dias de hoje o conhecimento \u00e9 muito valorizado<\/p>\n\n\n\n<p>O professor precisa estar sempre atento \u00e0s novidades que aparecem no mercado de trabalho, atualizando os seus t\u00edtulos, especializa\u00e7\u00f5es e conhecimentos t\u00e9cnicos.<\/p>\n\n\n\n<p><strong>Alguns passos importantes:<\/strong><\/p>\n\n\n\n<p>1-&nbsp; &nbsp;&nbsp;&nbsp;&nbsp;&nbsp;&nbsp;&nbsp;&nbsp;Saber dividir bem o tempo<\/p>\n\n\n\n<p>2-&nbsp; &nbsp;&nbsp;&nbsp;&nbsp;&nbsp;&nbsp;&nbsp;&nbsp;Dosar as horas de trabalho e projetos futuros: curso de atualiza\u00e7\u00e3o e p\u00f3s gradua\u00e7\u00e3o<\/p>\n\n\n\n<p>3-&nbsp; &nbsp;&nbsp;&nbsp;&nbsp;&nbsp;&nbsp;&nbsp;&nbsp;Estudar outros idiomas<\/p>\n\n\n\n<p>4-&nbsp; &nbsp;&nbsp;&nbsp;&nbsp;&nbsp;&nbsp;&nbsp;&nbsp;Ficar informado<\/p>\n\n\n\n<p>Neste conjunto de a\u00e7\u00f5es planejadas o professor n\u00e3o corre o risco de defasagem frente aos novos desafios da educa\u00e7\u00e3o transformando-a em uma \u00e1rea extremamente din\u00e2mica.<\/p>\n\n\n\n<p><strong>Salto na carreira Docente<\/strong><\/p>\n\n\n\n<p>Al\u00e9m de estarem a todo momento se reciclando os professores precisam pensar em oportunizar sua carreira uma forma bastante eficaz de projetar-se para um futuro promissor \u00e9 a p\u00f3s-gradua\u00e7\u00e3o ( n\u00edvel de especializa\u00e7\u00e3o Lato sensu ) , sendo ela um importante crit\u00e9rio de avalia\u00e7\u00e3o para concursos, para assumir vagas tempor\u00e1rias e para processos seletivos de escolas particulares.<\/p>\n\n\n\n<p>&nbsp;Em alguns concursos, a titula\u00e7\u00e3o d\u00e1 mais pontos do que tempo de servi\u00e7o. Existe um campo de trabalho mais especializado como a educa\u00e7\u00e3o especial, educa\u00e7\u00e3o para a popula\u00e7\u00e3o ind\u00edgena e quilombola, para essas atua\u00e7\u00f5es \u00e9 necess\u00e1rio algumas p\u00f3s-gradua\u00e7\u00f5es espec\u00edficas.<\/p>\n\n\n\n<p>Neste caminho de melhorar a titula\u00e7\u00e3o, o professor pode fazer mestrado e doutorado se aprofundando na teoria sem perder o foco em suas especializa\u00e7\u00f5es.<\/p>\n\n\n\n<p>Outro instrumento de aperfei\u00e7oamento importante \u00e9 o curso de extens\u00e3o,que pode trazer muitas vantagens em concursos p\u00fablicos, 200 horas de curso de extens\u00e3o equivalem a 10 anos de tempo de servi\u00e7o. Este avalia\u00e7\u00e3o de titula\u00e7\u00e3o aconteceu no \u00faltimo concurso para QPM ( Quadro Pr\u00f3prio do magist\u00e9rio), no estado do Paran\u00e1<\/p>\n\n\n\n<p>Ficar por dentro das novidades pedag\u00f3gicas e acad\u00eamicas \u00e9 um passo precioso. Podemos entrar neste circuito de informa\u00e7\u00e3o, por meio dos conte\u00fados de sites e blogs como pesquisas, not\u00edcias atuais e processos seletivos, assinando newsletters e recebendo novos conte\u00fados.<\/p>\n\n\n\n<p><strong>Amplitudes da carreira de professor<\/strong><\/p>\n\n\n\n<p>Ao fazer um percurso de grande amplitude na carreira de ensino, o professor pode ter muitas op\u00e7\u00f5es de trabalho. Este percurso envolve a gradua\u00e7\u00e3o com licenciatura, p\u00f3s gradua\u00e7\u00e3o lato Sensu (especializa\u00e7\u00e3o) ou stricto sensu (mestrado e doutorado)<\/p>\n\n\n\n<p>A amplitude da profiss\u00e3o docente \u00e9 decorrente de constante estudo e atualiza\u00e7\u00f5es. Neste sentido, o professor pode ter pela frente um mercado com variadas possibilidades como; Escolas, faculdades, centros Universit\u00e1rios, Universidade Particulares e cursinhos preparat\u00f3rios para o vestibular.<\/p>\n\n\n\n<p>Outra possibilidade para a profiss\u00e3o docente \u00e9 o trabalho de produ\u00e7\u00e3o de conte\u00fado na produ\u00e7\u00e3o de artigos, e\u00a0books,\u00a0material de apoio e outros servi\u00e7os intelectuais que podem ser direcionados e focados para trabalhar com editoras, blogs, jornais e revistas eletr\u00f4nicas.<\/p>\n\n\n\n<figure class=\"wp-block-pullquote\" style=\"border-color:#3e8cc1\"><blockquote><p>Quer se tornar um professor licenciado em 6 meses? Ent\u00e3o conhe\u00e7a nosso curso de Complementa\u00e7\u00e3o Pedag\u00f3gica R2!<\/p><cite><a href=\"https:\/\/www.uniplena.com.br\/Site\/complementacao-pedagogica-r2\/\" target=\"_blank\" rel=\"noreferrer noopener\" aria-label=\"https:\/\/www.uniplena.com.br\/Site\/complementacao-pedagogica-r2\/ (abre num novo separador)\">https:\/\/www.uniplena.com.br\/Site\/complementacao-pedagogica-r2\/<\/a><\/cite><\/blockquote><\/figure>\n\n\n\n<div class=\"wp-block-media-text alignwide is-stacked-on-mobile\" style=\"grid-template-columns:22% auto\"><figure class=\"wp-block-media-text__media\"><img loading=\"lazy\" decoding=\"async\" width=\"164\" height=\"164\" src=\"https:\/\/uniplenaeducacional.com.br\/blog\/wp-content\/uploads\/2020\/08\/Design-sem-nome.png\" alt=\"\" class=\"wp-image-222 size-full\" srcset=\"https:\/\/uniplenaeducacional.com.br\/blog\/wp-content\/uploads\/2020\/08\/Design-sem-nome.png 164w, https:\/\/uniplenaeducacional.com.br\/blog\/wp-content\/uploads\/2020\/08\/Design-sem-nome-150x150.png 150w\" sizes=\"(max-width: 164px) 100vw, 164px\" \/><\/figure><div class=\"wp-block-media-text__content\">\n<p class=\"has-small-font-size\"><strong>Pedro Guimar\u00e3es<\/strong>  &#8211; Mestre em m\u00fasica na \u00e1rea de Etnomusicologia pela UNESP. Professor de M\u00fasica e Arte Educador nas seguintes Institui\u00e7\u00f5es: Servi\u00e7o Social da Ind\u00fastria (SESI); Centro de Educa\u00e7\u00e3o Unificada da prefeitura (CEU); Faculdade Anhembi Morumbi; e Instituto Paulo Vanzolini (Forma\u00e7\u00e3o de Professores). M\u00fasico multi-instrumentista e compositor de trilha sonora.<\/p>\n<\/div><\/div>\n\n\n\n<p><\/p>\n","protected":false},"excerpt":{"rendered":"<p>Ser professor \u00e9 um desafio do ponto de vista de planejamento de vida, de criatividade acad\u00eamica e de vis\u00e3o de mundo. A carreira de um professor depende principalmente de um bom planejamento tanto acad\u00eamico como&hellip;<\/p>\n<p><a class=\"readmore\" href=\"https:\/\/uniplenaeducacional.com.br\/blog\/docencia-e-carreira-descubra-as-vantagens-de-ser-professor\/\">Read More<\/a><\/p>\n","protected":false},"author":6,"featured_media":0,"comment_status":"open","ping_status":"open","sticky":false,"template":"","format":"standard","meta":{"footnotes":""},"categories":[1],"tags":[],"class_list":["post-383","post","type-post","status-publish","format-standard","hentry","category-educacao-basica"],"_links":{"self":[{"href":"https:\/\/uniplenaeducacional.com.br\/blog\/wp-json\/wp\/v2\/posts\/383"}],"collection":[{"href":"https:\/\/uniplenaeducacional.com.br\/blog\/wp-json\/wp\/v2\/posts"}],"about":[{"href":"https:\/\/uniplenaeducacional.com.br\/blog\/wp-json\/wp\/v2\/types\/post"}],"author":[{"embeddable":true,"href":"https:\/\/uniplenaeducacional.com.br\/blog\/wp-json\/wp\/v2\/users\/6"}],"replies":[{"embeddable":true,"href":"https:\/\/uniplenaeducacional.com.br\/blog\/wp-json\/wp\/v2\/comments?post=383"}],"version-history":[{"count":1,"href":"https:\/\/uniplenaeducacional.com.br\/blog\/wp-json\/wp\/v2\/posts\/383\/revisions"}],"predecessor-version":[{"id":385,"href":"https:\/\/uniplenaeducacional.com.br\/blog\/wp-json\/wp\/v2\/posts\/383\/revisions\/385"}],"wp:attachment":[{"href":"https:\/\/uniplenaeducacional.com.br\/blog\/wp-json\/wp\/v2\/media?parent=383"}],"wp:term":[{"taxonomy":"category","embeddable":true,"href":"https:\/\/uniplenaeducacional.com.br\/blog\/wp-json\/wp\/v2\/categories?post=383"},{"taxonomy":"post_tag","embeddable":true,"href":"https:\/\/uniplenaeducacional.com.br\/blog\/wp-json\/wp\/v2\/tags?post=383"}],"curies":[{"name":"wp","href":"https:\/\/api.w.org\/{rel}","templated":true}]}}