{"id":317,"date":"2020-12-30T00:00:00","date_gmt":"2020-12-30T00:00:00","guid":{"rendered":"https:\/\/uniplenaeducacional.com.br\/blog\/?p=317"},"modified":"2020-12-22T12:57:28","modified_gmt":"2020-12-22T12:57:28","slug":"precisa-melhorar-suas-aulas-conheca-a-disciplina-positiva-e-saiba-como","status":"publish","type":"post","link":"https:\/\/uniplenaeducacional.com.br\/blog\/precisa-melhorar-suas-aulas-conheca-a-disciplina-positiva-e-saiba-como\/","title":{"rendered":"Precisa melhorar suas aulas? Conhe\u00e7a a Disciplina Positiva e saiba como!"},"content":{"rendered":"\n<p>Muitos professores encontram dificuldades em sala de aula no momento de manter a disciplina t\u00e3o necess\u00e1ria para o aprendizado e a boa conviv\u00eancia dos alunos, por isso acabam perdendo tempo chamando a aten\u00e7\u00e3o da turma, ou at\u00e9 mesmo recorrendo a equipe gestora da escola para auxiliar na retomada do trabalho ap\u00f3s alguma ocorr\u00eancia.<\/p>\n\n\n\n<p>O que a maioria dos professores desconhece \u00e9 a pr\u00e1tica da Disciplina Positiva, educando os alunos recorrendo ora \u00e0 permissividade, sem limites e regras, na tentativa de mant\u00ea-los ao seu lado, ora usando do autoritarismo, impondo o comportamento desejado sem respeitar a vis\u00e3o dos alunos, desfazendo os la\u00e7os de afeto e confian\u00e7a.<\/p>\n\n\n\n<p>Leia este texto e compreenda como funciona a pr\u00e1tica da Disciplina Positiva para lidar com seus alunos educando-os com respeito, e assim obter melhores resultados em suas aulas!<\/p>\n\n\n\n<p><strong>O que \u00e9 a Disciplina Positiva?<\/strong><\/p>\n\n\n\n<p>Trata-se de uma forma de educa\u00e7\u00e3o que \u00e9 baseada em uma filosofia e em uma pr\u00e1tica que unem afeto, empatia, e pulso firme no momento de lidar com as crian\u00e7as, onde os adultos e os alunos determinam os limites necess\u00e1rios sem abrir m\u00e3o da conversa e da coopera\u00e7\u00e3o.<\/p>\n\n\n\n<p>Com a pr\u00e1tica da disciplina positiva \u00e9 poss\u00edvel compreender o que a crian\u00e7a est\u00e1 sentindo a partir do seu comportamento, responder \u00e0s suas necessidades de forma firme e amorosa, adquirir autocontrole e autoconhecimento, mudar certos padr\u00f5es do comportamento, valorizar as habilidades interpessoais e intrapessoais, como colocar-se no lugar do outro e sentir-se seguro.<\/p>\n\n\n\n<p>Quem desenvolveu a pr\u00e1tica da Disciplina Positiva foi a Dra. Jane Nelsen, psic\u00f3loga, educadora, e m\u00e3e de sete filhos, que estudando as teorias da \u00e1rea da psiquiatria concluiu que as crian\u00e7as devem ser tratadas de maneira digna e respeitosa, como todo ser humano.<\/p>\n\n\n\n<p>Algumas pessoas confundem respeito e carinho com permissividade, ou at\u00e9 mesmo educar sem ensinar e cobrar regras, mimando as crian\u00e7as ao inv\u00e9s de educ\u00e1-las, no entanto, a disciplina positiva consiste em manter o equilibro em lidar de forma consistente e amorosa ao mesmo tempo.<\/p>\n\n\n\n<p><strong>Como desenvolver a disciplina positiva com os alunos?<\/strong><\/p>\n\n\n\n<p>Essa concep\u00e7\u00e3o de educa\u00e7\u00e3o, baseada no respeito e no carinho, tem como base cinco pilares que devem nortear as a\u00e7\u00f5es diante das situa\u00e7\u00f5es desafiadoras que encontramos ao educar uma crian\u00e7a, que s\u00e3o: respeito, senso de aceita\u00e7\u00e3o, dura\u00e7\u00e3o de longo prazo, desenvolvimento da intelig\u00eancia interpessoal, confian\u00e7a em si e sua capacidade.<\/p>\n\n\n\n<p>Assim, para saber se est\u00e1 conseguindo manter a disciplina positiva com os alunos deve avaliar se suas a\u00e7\u00f5es respondem \u00e0s seguintes quest\u00f5es:&nbsp;<\/p>\n\n\n\n<ul class=\"wp-block-list\"><li>Estou tratando os alunos com respeito? Se ensinarmos que os alunos devem nos respeitar e respeitar os demais, a primeira atitude deve ser respeit\u00e1-los sempre.&nbsp;<\/li><li>Minhas atitudes est\u00e3o contribuindo para que os alunos aceitem a si mesmos, sintam-se importantes, queridos, apesar de apresentarem comportamentos ou atitudes inapropriadas? Todos n\u00f3s cometemos erros, e apesar deles ainda possu\u00edmos diversos pontos positivos e desejamos nos sentir inclu\u00eddos e aceitos.<\/li><li>O que estou fazendo gera efeitos de dura\u00e7\u00e3o em longo prazo? Ou seja, \u00e9 preciso ver se as pr\u00e1ticas e combinados que realiza com os alunos geram mudan\u00e7as e consequ\u00eancias futuras que permanecer\u00e3o nas atitudes por bastante tempo, e n\u00e3o somente atitudes imediatas que \u201capagam inc\u00eandios\u201d.<\/li><li>Os alunos est\u00e3o aprendendo a desenvolver a intelig\u00eancia interpessoal? Sabemos que o papel da escola n\u00e3o somete \u00e9 ensinar os conte\u00fados, mas tamb\u00e9m afirmar os valores sociais e morais importantes para nossa boa conviv\u00eancia, por isso o compromisso com a forma\u00e7\u00e3o de ideais como colocar-se no lugar do outro, responsabilidade, urbanidade, s\u00e3o t\u00e3o importantes nesse processo.<\/li><li>As crian\u00e7as da turma est\u00e3o apresentando sinais que aprenderam a confiar em si mesmas, na sua capacidade e potencial? \u00c9 muito importante estimular as crian\u00e7as a verem a si mesmo como capazes de avan\u00e7ar, independente de suas dificuldades, encorajando-os a tentarem superar seus desafios e arriscar aprenderem coisas novas.<\/li><\/ul>\n\n\n\n<p>As respostas afirmativas a essas quest\u00f5es indicam que o caminho da disciplina positiva est\u00e1 sendo trilhado, e aos poucos as mudan\u00e7as na turma podem ser percebidas, as crian\u00e7as respondem a essas atitudes de forma satisfat\u00f3ria melhorando a conviv\u00eancia entre eles e a colabora\u00e7\u00e3o na manuten\u00e7\u00e3o das regras e combinados.<\/p>\n\n\n\n<p>Segundo os preceitos dessa pr\u00e1tica, algumas habilidades devem ser desenvolvidas nas crian\u00e7as para que saibam lidar com as quest\u00f5es em sociedade e na vida pessoal, como perceber a si mesmo como uma pessoa capaz, importante, influente, com autocontrole, dotada de intelig\u00eancia interpessoal, respons\u00e1vel, e que saiba tomar decis\u00f5es seguindo valores apropriados.<\/p>\n\n\n\n<p>\u00c9 poss\u00edvel que, ao perceber essas habilidades exigidas para a pratica da disciplina positiva, os pr\u00f3prios educadores percebam que n\u00e3o vivenciaram esse tipo de educa\u00e7\u00e3o, muitos adultos da atualidade foram educados na base do autoritarismo, e com foco no controle comportamental, e acabam repetindo esses padr\u00f5es quando v\u00e3o educar seus filhos ou alunos, mas n\u00e3o tem problema, pois \u00e9 a oportunidade para aprender a viver com mais qualidade emocional.<\/p>\n\n\n\n<p><strong>Quais os benef\u00edcios da disciplina positiva para os alunos?<\/strong><\/p>\n\n\n\n<p>Os benef\u00edcios para os alunos, e tamb\u00e9m para os adultos envolvidos, \u00e9 passar a refletir sobre suas atitudes, como reage a determinadas situa\u00e7\u00f5es, as caracter\u00edsticas de sua personalidade, e de que maneira pode evoluir para a vida pessoal e social.<\/p>\n\n\n\n<p>O autoconhecimento leva a compreender porque repetimos alguns padr\u00f5es de comportamento, e o que isso significa, uma vez que cada atitude revela uma necessidade emocional ou f\u00edsica, por isso quando passamos a nos perceber com mais aten\u00e7\u00e3o e consci\u00eancia, conseguimos compreender o outro melhor e com mais paci\u00eancia.<\/p>\n\n\n\n<p>Outro benef\u00edcio \u00e9 interromper a repeti\u00e7\u00e3o de situa\u00e7\u00f5es familiares simplesmente porque vivenciamos e interiorizamos como algo normal, mas sem julgar nossos antepassados, que fizeram o seu melhor dentro de suas possiblidades, e sim com uma postura de compreender que a sociedade muda e por consequ\u00eancia as rela\u00e7\u00f5es tamb\u00e9m se transformam.<\/p>\n\n\n\n<p>O que em tempos passados era comum, como n\u00e3o ouvir a crian\u00e7a, n\u00e3o deixa-la tomar decis\u00f5es, usar do grito para impor a autoridade, controlar seu comportamento, como dizer para n\u00e3o chorar, ou responder a uma birra com viol\u00eancia, hoje em dia j\u00e1 podemos perceber que estamos repetindo padr\u00f5es comportamentais, e que s\u00e3o atitudes que demonstram uma postura defensiva, ou seja, nos defendendo de atitudes da crian\u00e7a, como manha, pedidos, ou desobedi\u00eancia.<\/p>\n\n\n\n<p>Experimentar novas posturas ou ideias diante das situa\u00e7\u00f5es tamb\u00e9m \u00e9 um dos benef\u00edcios da disciplina positiva, como perguntar ao inv\u00e9s de ordenar, responder ou falar com outro tom, incluir os alunos nas tomadas de decis\u00f5es, atitudes que apesar de termos medo de como ir\u00e1 resultar ou se vai de fato funcionar tal medida, vale a pena o esfor\u00e7o, porque os resultados s\u00e3o muito gratificantes quando funcionam, basta ter paci\u00eancia.<\/p>\n\n\n\n<p>Por isso, sem d\u00favida, \u00e9 mais prazeroso viver apostando em novas tentativas e na busca pela melhora dos relacionamentos com os alunos, do que viver em atrito e num relacionamento desgastante, que prejudica tanto suas aulas, como a liga\u00e7\u00e3o afetiva entre professor-aluno, dificultando a aprendizagem.<\/p>\n\n\n\n<p>Bata respeitar o seu tempo e o tempo dos alunos, desenvolver a paci\u00eancia, e compreender que os resultados chegar\u00e3o no futuro, apesar de existirem efeitos imediatos, como algumas regras e combinados, mas a persist\u00eancia \u00e9 a chave do processo, uma vez que as crian\u00e7as e o professor ir\u00e3o desenvolver habilidades pessoais e sociais para a vida toda.<\/p>\n\n\n\n<p><strong>Uma educa\u00e7\u00e3o baseada no respeito<\/strong><\/p>\n\n\n\n<p>A disciplina positiva n\u00e3o consiste em uma formula m\u00e1gica que torna as crian\u00e7as obedientes, mas sim em educar com respeito e gentileza, fortalecendo os v\u00ednculos e a liga\u00e7\u00e3o afetiva, o que resulta numa coopera\u00e7\u00e3o que faz parte da natureza humana, ao inv\u00e9s de simplesmente seguir ordens indiscriminadamente.<\/p>\n\n\n\n<p>Para alcan\u00e7ar tal postura de coopera\u00e7\u00e3o \u00e9 preciso que atitudes e posturas sejam modificadas, abandonando as rea\u00e7\u00f5es defensivas e apostando no respeito \u00e0 personalidade e prefer\u00eancias dos alunos, equilibrando a paci\u00eancia e a postura firme nos dias em que n\u00e3o responderem \u00e0 proposta de forma positiva, lembrando que o processo ocorre em longo prazo.<\/p>\n\n\n\n<p>Assim, na medida em que os alunos e os educadores iniciam esse novo processo de coopera\u00e7\u00e3o m\u00fatua, gradativamente ocorrer\u00e3o mudan\u00e7as nas rela\u00e7\u00f5es e nas respostas \u00e0s situa\u00e7\u00f5es desafiadoras, onde todos passar\u00e3o a se adaptar ao novo ambiente, onde aprender\u00e3o a diferen\u00e7a entre obedecer e cooperar.<\/p>\n\n\n\n<p>A diferen\u00e7a entre obedecer e cooperar, est\u00e1 justamente, na consequ\u00eancia da atitude, pois quando obedecemos a uma ordem fazemos pelo outro, para agradar ou porque somos obrigados, e acontece uma recompensa negativa se n\u00e3o obedecer, mas na coopera\u00e7\u00e3o fazemos algo porque faz sentido para n\u00f3s, porque acreditamos que \u00e9 necess\u00e1rio fazer, por n\u00f3s e pelo grupo, exercendo a autodisciplina e a responsabilidade.<\/p>\n\n\n\n<p>Nem todos os alunos ir\u00e3o aderir a essa ideal imediatamente, pois sabemos que existem diversas realidades de vida e de consci\u00eancia, o que ir\u00e1 exigir uma postura equilibrada e firme do professor, no entanto, em longo prazo acontece uma sensibiliza\u00e7\u00e3o do grupo e a maioria percebe e compreende a import\u00e2ncia da coopera\u00e7\u00e3o.<\/p>\n\n\n\n<p><strong>Vale a pena o esfor\u00e7o de iniciar a pr\u00e1tica da Disciplina Positiva?<\/strong><\/p>\n\n\n\n<p>Voc\u00ea pode estar se perguntando se todo esse esfor\u00e7o valer\u00e1 a pena, afinal, voc\u00ea passar\u00e1 apenas alguns meses com os alunos, e pode achar que \u00e9 mais f\u00e1cil que eles se adaptem a seus m\u00e9todos do que investir nesse processo de respeito m\u00fatuo e colabora\u00e7\u00e3o.<\/p>\n\n\n\n<p>No entanto, como educadores, temos um compromisso, n\u00e3o apenas em transmitir o conte\u00fado acumulado pela humanidade no passado, mas tamb\u00e9m temos uma responsabilidade em transmitir valores que ser\u00e3o fundamentais para o bem da sociedade como um todo, em rela\u00e7\u00e3o \u00e0 \u00e9tica, \u00e0 moral, na preserva\u00e7\u00e3o do ambiente, no respeito ao outro, no cuidado de si, entre outros.<\/p>\n\n\n\n<p>Cabe a cada educador refletir que tipo de ser humano nossos alunos ser\u00e3o em longo prazo, quando chegarem \u00e0 vida adulta, ter\u00e3o constru\u00eddo uma imagem de si com autoconfian\u00e7a, ter\u00e3o reponsabilidade com o outro e com o mundo? Basta pensar no futuro que a certeza de que todo esfor\u00e7o no momento presente \u00e9 v\u00e1lido e bem investido.<\/p>\n\n\n\n<p>Aprenda mais sobre a Disciplina Positiva, e comece no pr\u00f3ximo ano uma jornada de autoconhecimento, respeito e coopera\u00e7\u00e3o com seus alunos!<\/p>\n\n\n\n<p>Bom trabalho!<br><\/p>\n\n\n\n<div class=\"wp-block-group alignwide\"><div class=\"wp-block-group__inner-container is-layout-flow wp-block-group-is-layout-flow\">\n<div class=\"wp-block-media-text alignwide is-stacked-on-mobile\" style=\"grid-template-columns:22% auto\"><figure class=\"wp-block-media-text__media\"><img loading=\"lazy\" decoding=\"async\" width=\"792\" height=\"1024\" src=\"https:\/\/uniplenaeducacional.com.br\/blog\/wp-content\/uploads\/2020\/03\/IngridDehnRodrigues-3-792x1024.jpeg\" alt=\"\" class=\"wp-image-67 size-full\" srcset=\"https:\/\/uniplenaeducacional.com.br\/blog\/wp-content\/uploads\/2020\/03\/IngridDehnRodrigues-3-792x1024.jpeg 792w, https:\/\/uniplenaeducacional.com.br\/blog\/wp-content\/uploads\/2020\/03\/IngridDehnRodrigues-3-232x300.jpeg 232w, https:\/\/uniplenaeducacional.com.br\/blog\/wp-content\/uploads\/2020\/03\/IngridDehnRodrigues-3-768x993.jpeg 768w, https:\/\/uniplenaeducacional.com.br\/blog\/wp-content\/uploads\/2020\/03\/IngridDehnRodrigues-3.jpeg 869w\" sizes=\"(max-width: 792px) 100vw, 792px\" \/><\/figure><div class=\"wp-block-media-text__content\">\n<p class=\"has-small-font-size\"><strong>Ingrid Dehn Rodrigues<\/strong> &#8211; trabalha na \u00e1rea da educa\u00e7\u00e3o h\u00e1 11 anos, professora h\u00e1 4 anos, graduada em Pedagogia pela FEUSP, p\u00f3s-gradua\u00e7\u00e3o em Educa\u00e7\u00e3o Infantil pela UNINOVE, atualmente \u00e9 professora de Educa\u00e7\u00e3o Infantil e Ensino Fundamental I na prefeitura de S\u00e3o Paulo. <\/p>\n<\/div><\/div>\n<\/div><\/div>\n","protected":false},"excerpt":{"rendered":"<p>Muitos professores encontram dificuldades em sala de aula no momento de manter a disciplina t\u00e3o necess\u00e1ria para o aprendizado e a boa conviv\u00eancia dos alunos, por isso acabam perdendo tempo chamando a aten\u00e7\u00e3o da turma,&hellip;<\/p>\n<p><a class=\"readmore\" href=\"https:\/\/uniplenaeducacional.com.br\/blog\/precisa-melhorar-suas-aulas-conheca-a-disciplina-positiva-e-saiba-como\/\">Read More<\/a><\/p>\n","protected":false},"author":2,"featured_media":0,"comment_status":"open","ping_status":"open","sticky":false,"template":"","format":"standard","meta":{"footnotes":""},"categories":[1],"tags":[],"class_list":["post-317","post","type-post","status-publish","format-standard","hentry","category-educacao-basica"],"_links":{"self":[{"href":"https:\/\/uniplenaeducacional.com.br\/blog\/wp-json\/wp\/v2\/posts\/317"}],"collection":[{"href":"https:\/\/uniplenaeducacional.com.br\/blog\/wp-json\/wp\/v2\/posts"}],"about":[{"href":"https:\/\/uniplenaeducacional.com.br\/blog\/wp-json\/wp\/v2\/types\/post"}],"author":[{"embeddable":true,"href":"https:\/\/uniplenaeducacional.com.br\/blog\/wp-json\/wp\/v2\/users\/2"}],"replies":[{"embeddable":true,"href":"https:\/\/uniplenaeducacional.com.br\/blog\/wp-json\/wp\/v2\/comments?post=317"}],"version-history":[{"count":1,"href":"https:\/\/uniplenaeducacional.com.br\/blog\/wp-json\/wp\/v2\/posts\/317\/revisions"}],"predecessor-version":[{"id":318,"href":"https:\/\/uniplenaeducacional.com.br\/blog\/wp-json\/wp\/v2\/posts\/317\/revisions\/318"}],"wp:attachment":[{"href":"https:\/\/uniplenaeducacional.com.br\/blog\/wp-json\/wp\/v2\/media?parent=317"}],"wp:term":[{"taxonomy":"category","embeddable":true,"href":"https:\/\/uniplenaeducacional.com.br\/blog\/wp-json\/wp\/v2\/categories?post=317"},{"taxonomy":"post_tag","embeddable":true,"href":"https:\/\/uniplenaeducacional.com.br\/blog\/wp-json\/wp\/v2\/tags?post=317"}],"curies":[{"name":"wp","href":"https:\/\/api.w.org\/{rel}","templated":true}]}}