{"id":284,"date":"2020-11-06T00:02:00","date_gmt":"2020-11-06T00:02:00","guid":{"rendered":"https:\/\/uniplenaeducacional.com.br\/blog\/?p=284"},"modified":"2020-10-30T12:44:46","modified_gmt":"2020-10-30T12:44:46","slug":"ensino-e-aprendizagem-na-perspectiva-significativa-desafios-e-possibilidades","status":"publish","type":"post","link":"https:\/\/uniplenaeducacional.com.br\/blog\/ensino-e-aprendizagem-na-perspectiva-significativa-desafios-e-possibilidades\/","title":{"rendered":"Ensino e Aprendizagem na Perspectiva Significativa: Desafios e Possibilidades."},"content":{"rendered":"\n<p>Qual a import\u00e2ncia de refletirmos o pensamento pedag\u00f3gico? Como lidar com o abalo do paradigma cient\u00edfico\/racional organizador da sociedade ocidental?<\/p>\n\n\n\n<p>Com o fito de lhe orientar nesse Cen\u00e1rio Contempor\u00e2neo, em que um dos maiores desafios \u00e9 SERMOS COMPETENTES onde busca-se, por necessidade uma forma\u00e7\u00e3o integral. Visto que o Homem deste come\u00e7o de s\u00e9culo \u00e9 inquieto e questionador.<\/p>\n\n\n\n<p>Considerando o Cen\u00e1rio da Sociedade Contempor\u00e2neo heterog\u00eaneo e cosmopolita, pode ser caracterizado pelos seguintes elementos: &#8211; globaliza\u00e7\u00e3o; &#8211; cultura de massa; &#8211; crise da modernidade; &#8211; a janela eletr\u00f4nica; &#8211; TV; &#8211; crise das institui\u00e7\u00f5es sociais; &#8211; modelo neoliberal; &#8211; robotiza\u00e7\u00e3o; &#8211; qualidade total; &#8211; internet; &#8211; sociedade do conhecimento; &#8211; biotermologias; &#8211; privatiza\u00e7\u00e3o; -transnacionaliza\u00e7\u00e3o; &#8211; exclus\u00e3o; &#8211; intelig\u00eancia emocional; &#8211; desemprego; &#8211; crise relacional; &#8211; valores; &#8211; meio ambiente; &#8211; consumismo; &#8211; hedonismo; &#8211; \u00e9tica; &#8211; individualismo; &#8211; insolidariedade; &#8211; computadores; &#8211;&nbsp; perda da identidade; &#8211; clonagem; &#8211; guerras.<\/p>\n\n\n\n<p>A Educa\u00e7\u00e3o \u00e9 um Processo, iniciado com o nascimento do ser, pretendendo fazer este rec\u00e9m nascido semelhante aos demais sujeitos da comunidade. Denomina-se conte\u00fado da educa\u00e7\u00e3o a tudo que se ensina e aprende no processo educativo, sendo estes conte\u00fados divididos entre <strong>saber <\/strong>(conceitos, palavras, c\u00f3digos e signos); <strong>saber-fazer<\/strong> (procedimentos, metodologias, habilidades de aprender) e <strong>valores <\/strong>(atitudes, valora\u00e7\u00e3o da realidade).<\/p>\n\n\n\n<p>A Educa\u00e7\u00e3o sistem\u00e1tica e escolar configuram os eixos essenciais do curr\u00edculo acad\u00eamico, al\u00e9m de apresentar uma finalidade dupla:&nbsp;<\/p>\n\n\n\n<p>-De uma parte, dota o indiv\u00edduo de condi\u00e7\u00f5es, permitindo-lhe desenvolver-se segundo certos objetivos;<\/p>\n\n\n\n<p>-De outra parte, dota o ser humano de um referencial cultural defendido pela comunidade onde est\u00e1 inserido.<\/p>\n\n\n\n<p>Uma vez que os Agentes Educativos podem ser divididos, em: &#8211; <strong>informais<\/strong> (fam\u00edlia, igreja, sociedade, centros comunit\u00e1rios, dentre outros); &#8211; <strong>formais<\/strong> (escolas, universidades, faculdades) e \u2013 <strong>n\u00e3o formais<\/strong> (s\u00e3o aqueles segmentos que tem fun\u00e7\u00f5es de educar, mas com perspectivas diferentes da educa\u00e7\u00e3o formal, tendo como exemplo os meios de comunica\u00e7\u00e3o).<\/p>\n\n\n\n<p>Ademais, a Educa\u00e7\u00e3o, entendida como um processo, que possibilita ao homem construir-se, apresenta os seguintes elementos:<\/p>\n\n\n\n<p>&#8211; <strong>finalidade<\/strong> (desenvolve um conjunto de preceitos baseado nos objetivos desejados e planejados);<\/p>\n\n\n\n<p>&#8211; <strong>conte\u00fado<\/strong> (est\u00e1 fundamentado nos objetivos que se deseja cumprir);<\/p>\n\n\n\n<p>&#8211; <strong>a\u00e7\u00e3o ou interven\u00e7\u00e3o educativa<\/strong> (s\u00e3o os fazeres metodol\u00f3gicos que possibilitam a aprendizagem do aluno).<\/p>\n\n\n\n<p>Portanto, podemos dizer que a Educa\u00e7\u00e3o transforma o Educando em Educado, sendo este o efeito esperado do processo educativo.<\/p>\n\n\n\n<p>Dentre as diversas modalidades de conhecimento, tem-se o <strong>Conhecimento Cient\u00edfico<\/strong> que busca informa\u00e7\u00f5es e teorias universais, cujo campo de aplica\u00e7\u00e3o seja o mais extenso poss\u00edvel. Estes s\u00e3o obtidos de maneira planejada, sistematizada e controlada, por meio de teorias objetivas, com m\u00e9todos e t\u00e9cnicas espec\u00edficos, para que se permita a verifica\u00e7\u00e3o de sua validade. Tal saber \u00e9 registrado em uma linguagem rigorosa, possibilitando a sua transmiss\u00e3o e ampla utiliza\u00e7\u00e3o. Este \u00e9 o tipo de conhecimento cient\u00edfico praticado no meio acad\u00eamico.&nbsp;<\/p>\n\n\n\n<p>Em suma, \u00e9 o conhecimento planejado, avaliado, expresso em linguagem culta\/rigorosa, fundamentado. \u00c9 a express\u00e3o da racionalidade que traz possibilidade e objetivos de intervir efetivamente no mundo.<\/p>\n\n\n\n<p>Nesse diapas\u00e3o, a Hist\u00f3ria do Pensamento Ocidental pode ser dividida em tr\u00eas megaparadigmas, quais sejam: &#8211; pr\u00e9-moderno; &#8211; moderno; &#8211; p\u00f3s-moderno.<\/p>\n\n\n\n<p><strong>P\u00f3s-Modernidade<\/strong> \u2013 Este per\u00edodo ou mudan\u00e7a paradigm\u00e1tica, inicia-se a partir da segunda metade do s\u00e9culo XX. Este novo paradigma ataca a modernidade, apresentando uma interpreta\u00e7\u00e3o hostil de tudo aquilo que as institui\u00e7\u00f5es de ensino acreditam e defendem. Nesse sentido, esse per\u00edodo p\u00f3s-moderno est\u00e1 inserido em um contexto de encruzilhada cultural, em que foi necess\u00e1rio repensar e rever os paradigmas.<\/p>\n\n\n\n<p>Nessa esteira, existem alguns princ\u00edpios do conhecimento p\u00f3s-moderno e sua interface com a educa\u00e7\u00e3o escolar, tais quais:<\/p>\n\n\n\n<p>&#8211; <strong>imprevisibilidade<\/strong>: busca da renova\u00e7\u00e3o constante dos nossos conhecimentos;<\/p>\n\n\n\n<p><strong>&#8211; interpenetra\u00e7\u00e3o<\/strong>: \u00e9 a agrega\u00e7\u00e3o de novos conhecimentos aos j\u00e1 adquiridos;<\/p>\n\n\n\n<p>&#8211; <strong>auto-organiza\u00e7\u00e3o<\/strong>: priorizar o planejamento, hierarquizar;<\/p>\n\n\n\n<p>&#8211; <strong>irreversibilidade<\/strong>: \u00e9 uma tentativa de conciliar a tecnologia com a racionalidade;<\/p>\n\n\n\n<p>&#8211; <strong>desordem ou caos<\/strong>: sociedade complexa, como lidar com a diversidade.<br><\/p>\n\n\n\n<p>Resta claro, que diante das provoca\u00e7\u00f5es, colocadas pela <strong>Era do Conhecimento<\/strong>, \u00e9 preciso encontrar novas respostas para os desafios das maneiras de pensar e de aprender no mundo globalizado, no mundo da cibercultura.<br><\/p>\n\n\n\n<p><strong>Os Novos Desafios para a Educa\u00e7\u00e3o Contempor\u00e2nea<\/strong>:<\/p>\n\n\n\n<p>&#8211; A educa\u00e7\u00e3o dever\u00e1 transmitir nesse come\u00e7o de um novo mil\u00eanio, de forma maci\u00e7a e eficaz, <strong>CADA VEZ MAIS SABERES E SABER-FAZER EVOLUTIVOS<\/strong>, adaptados \u00e0 civiliza\u00e7\u00e3o cognitiva;<\/p>\n\n\n\n<p>&#8211; Compete \u00e0 educa\u00e7\u00e3o encontrar e assinalar as refer\u00eancias que impe\u00e7am as pessoas de ficar submergidas nas ondas de informa\u00e7\u00f5es, mais ou menos ef\u00eameras;&nbsp;<\/p>\n\n\n\n<p>&#8211; \u00c0 educa\u00e7\u00e3o cabe fornecer, os mapas de um mundo complexo e constantemente agitado e, ao mesmo tempo, a b\u00fassola que permite navegar atrav\u00e9s dele.<\/p>\n\n\n\n<p>O Professor Moderno depara-se com os <strong>desafios da Inova\u00e7\u00e3o<\/strong>, vez que:&nbsp;<\/p>\n\n\n\n<p>&#8211; N\u00e3o \u00e9 vi\u00e1vel inovar permanecendo o mesmo;<\/p>\n\n\n\n<p>&#8211; S\u00f3 se muda o que se elabora pessoalmente,<\/p>\n\n\n\n<p>&#8211; \u00c9 contradit\u00f3rio questionar sem ser questionado.<br><\/p>\n\n\n\n<p>N\u00e3o obstante, precisa haver um processo de <strong>forma\u00e7\u00e3o continuada<\/strong>, tendo os seguintes caminhos a percorrer:<\/p>\n\n\n\n<p>*pesquisa;<\/p>\n\n\n\n<p>*elabora\u00e7\u00e3o pr\u00f3pria;<\/p>\n\n\n\n<p>*teoriza\u00e7\u00e3o das pr\u00e1ticas;<\/p>\n\n\n\n<p>*atualiza\u00e7\u00e3o permanente;<\/p>\n\n\n\n<p>*instrumenta\u00e7\u00e3o eletr\u00f4nica;<\/p>\n\n\n\n<p>*avalia\u00e7\u00e3o processual;<\/p>\n\n\n\n<p>*interdisciplinaridade.<br><\/p>\n\n\n\n<p><strong>Rela\u00e7\u00f5es Disciplinares\/Integra\u00e7\u00e3o dos Conhecimentos<\/strong><strong>:<\/strong><\/p>\n\n\n\n<p>Atender \u00e0 determina\u00e7\u00e3o das Diretrizes Curriculares Nacionais &#8211; <strong>DCNs<\/strong> significa promover a uni\u00e3o de partes de disciplinas diferentes, seguindo um crit\u00e9rio de organiza\u00e7\u00e3o do conhecimento, diferente do esquema tradicional.<\/p>\n\n\n\n<p>Pode-se estabelecer tr\u00eas graus de rela\u00e7\u00f5es disciplinares:<\/p>\n\n\n\n<ol class=\"wp-block-list\"><li><strong>Multidisciplinaridade<\/strong>: que \u00e9 a organiza\u00e7\u00e3o mais tradicional, conte\u00fados apresentados por mat\u00e9rias estanques, independentes umas das outras, \u00e9 a organiza\u00e7\u00e3o mais comum presente nos cursos universit\u00e1rios;<\/li><li><strong>Interdisciplinaridade<\/strong>: \u00e9 a integra\u00e7\u00e3o entre duas ou mais disciplinas variando desde a simples comunica\u00e7\u00e3o de id\u00e9ias at\u00e9 a integra\u00e7\u00e3o rec\u00edproca dos conceitos fundamentais, sendo utilizada nos curr\u00edculos integrados;<\/li><li><strong>Transdisciplinariedade<\/strong>: \u00e9 o grau m\u00e1ximo de rela\u00e7\u00f5es entre as disciplinas que sup\u00f5e uma integra\u00e7\u00e3o global dentro de um sistema, sendo infelizmente essa organiza\u00e7\u00e3o ainda mais um desejo do que uma realidade<\/li><\/ol>\n\n\n\n<p><strong>Compet\u00eancias: Dimens\u00f5es Educacionais que devem ser trabalhadas no l\u00f3cus da Escola:<\/strong><br><\/p>\n\n\n\n<ol class=\"wp-block-list\"><li><strong>Dimens\u00f5es Intelectuais<\/strong>: S\u00e3o as compet\u00eancias necess\u00e1rias para reconhecer e definir problemas, equacionar solu\u00e7\u00f5es;<\/li><li><strong>Dimens\u00f5es Sociais<\/strong>: S\u00e3o as compet\u00eancias necess\u00e1rias para atitudes e comportamentos necess\u00e1rios para transferir conhecimentos da vida cotidiana para o ambiente de trabalho e vice-versa;<\/li><li><strong>Dimens\u00f5es Comportamentais<\/strong>: S\u00e3o as compet\u00eancias necess\u00e1rias para demonstrar o esp\u00edrito empreendedor e capacidade para a inova\u00e7\u00e3o, iniciativa, criatividade, vontade de aprender, abertura \u00e0s mudan\u00e7as, consci\u00eancia da qualidade e implica\u00e7\u00f5es \u00e9ticas do seu trabalho.<\/li><\/ol>\n\n\n\n<p>Assim sendo, as <strong>COMPET\u00caNCIAS<\/strong> cobradas pela sociedade do conhecimento s\u00e3o:<\/p>\n\n\n\n<ul class=\"wp-block-list\"><li>Coeficiente de Intelig\u00eancia L\u00f3gica;<\/li><li>Coeficiente de Intelig\u00eancia Emocional;<\/li><li>Coeficiente de Intelig\u00eancia Cognitiva.<\/li><\/ul>\n\n\n\n<p><strong>CONCLUS\u00c3O<\/strong><\/p>\n\n\n\n<p>Nos dias atuais, a escola n\u00e3o \u00e9 mais o \u00fanico local onde se pode adquirir conhecimento t\u00e9cnico-cient\u00edfico ou de desenvolvimento de habilidades cognitivas, al\u00e9m de compet\u00eancias s\u00f3cias necess\u00e1rias a vida pr\u00e1tica.&nbsp;<\/p>\n\n\n\n<p>Segundo Lib\u00e2neo, a Escola de hoje precisa n\u00e3o apenas conviver com outras modalidades de educa\u00e7\u00e3o n\u00e3o formal, informal e profissional, mas tamb\u00e9m articular-se e integrar-se a elas, a fim de formar cidad\u00e3os mais preparados e qualificados para um novo tempo.<\/p>\n\n\n\n<p>O desafio \u00e9 descobrir meios de nos adaptarmos para continuar ensinando e aprendendo, por\u00e9m de acordo com o que o novo mundo demanda. Isso envolve o engajamento em sala de aula na era tecnol\u00f3gica, as mudan\u00e7as no cen\u00e1rio educacional e como os professores, pais e alunos est\u00e3o envolvidos nesse processo. As salas de aula est\u00e3o em constante transforma\u00e7\u00e3o e \u00e9 preciso uma renova\u00e7\u00e3o na forma de ensinar, por\u00e9m n\u00e3o necessariamente se desfazendo de tudo aquilo que at\u00e9 ent\u00e3o us\u00e1vamos<\/p>\n\n\n\n<p>Com a globaliza\u00e7\u00e3o, mudam-se as pr\u00e1ticas escolares tradicionais e a atua\u00e7\u00e3o dos docentes, que precisam estar cada vez mais aptos a essas novas demandas, e se adequar \u00e0s novas tecnologias, pois elas s\u00e3o muito mais atraentes \u00e0s crian\u00e7as e jovens de hoje.<\/p>\n\n\n\n<p>No processo de Aprendizagem, ningu\u00e9m aprende sem elaborar!! N\u00e3o d\u00e1 para aprender apenas assistindo Aula. Temos que fazer o aluno pensar. O professor precisa gerar d\u00favidas em seus alunos.<\/p>\n\n\n\n<p>Os eixos indissoci\u00e1veis em torno dos quais giram, ou deveriam girar as propostas educacionais s\u00e3o a <strong>INSTRU\u00c7\u00c3O<\/strong> e <strong>FORMA\u00c7\u00c3O \u00c9TICA<\/strong> dos futuros cidad\u00e3os e das cidad\u00e3s. Consistindo em um dos objetivos da Educa\u00e7\u00e3o.<\/p>\n\n\n\n<p>Sendo assim, a Pol\u00edtica da Igualdade deve ou deveria reconhecer os direitos humanos, o exerc\u00edcio e os deveres da cidadania, al\u00e9m da busca pela equidade e combate \u00e0 todas as formas de preconceitos e discrimina\u00e7\u00e3o.<\/p>\n\n\n\n<p>Portanto, por parte de n\u00f3s educadores, vivemos a cada dia, novos desafios para aprender e ensinar. Ser um <strong>professor moderno<\/strong>, \u00e9 ser um professor reflexivo.<br><\/p>\n\n\n\n<p>Reflex\u00e3o: \u201cS\u00f3 fazemos melhor aquilo que repetidamente insistimos em melhorar. A busca da excel\u00eancia n\u00e3o deve ser um objetivo e, sim, um h\u00e1bito\u201d. Arist\u00f3teles.<\/p>\n\n\n\n<div class=\"wp-block-group alignwide\"><div class=\"wp-block-group__inner-container is-layout-flow wp-block-group-is-layout-flow\">\n<div class=\"wp-block-media-text alignwide\" style=\"grid-template-columns:17% auto\"><figure class=\"wp-block-media-text__media\"><img loading=\"lazy\" decoding=\"async\" width=\"164\" height=\"164\" src=\"https:\/\/uniplenaeducacional.com.br\/blog\/wp-content\/uploads\/2020\/07\/Design-sem-nome.png\" alt=\"\" class=\"wp-image-191\" srcset=\"https:\/\/uniplenaeducacional.com.br\/blog\/wp-content\/uploads\/2020\/07\/Design-sem-nome.png 164w, https:\/\/uniplenaeducacional.com.br\/blog\/wp-content\/uploads\/2020\/07\/Design-sem-nome-150x150.png 150w\" sizes=\"(max-width: 164px) 100vw, 164px\" \/><\/figure><div class=\"wp-block-media-text__content\">\n<p class=\"has-small-font-size\"><strong>Prof. Louise Patente<\/strong> &#8211; Pedagoga e Advogada Sist\u00eamica. Especialista em Doc\u00eancia do Ensino Superior. Especialista em m\u00e9todos adequados e consensuais para solu\u00e7\u00e3o de conflitos. MBA em andamento em Gest\u00e3o de Pessoas por compet\u00eancias, indicadores e coaching.<\/p>\n<\/div><\/div>\n<\/div><\/div>\n","protected":false},"excerpt":{"rendered":"<p>Qual a import\u00e2ncia de refletirmos o pensamento pedag\u00f3gico? Como lidar com o abalo do paradigma cient\u00edfico\/racional organizador da sociedade ocidental? Com o fito de lhe orientar nesse Cen\u00e1rio Contempor\u00e2neo, em que um dos maiores desafios&hellip;<\/p>\n<p><a class=\"readmore\" href=\"https:\/\/uniplenaeducacional.com.br\/blog\/ensino-e-aprendizagem-na-perspectiva-significativa-desafios-e-possibilidades\/\">Read More<\/a><\/p>\n","protected":false},"author":5,"featured_media":0,"comment_status":"open","ping_status":"open","sticky":false,"template":"","format":"standard","meta":{"footnotes":""},"categories":[1],"tags":[],"class_list":["post-284","post","type-post","status-publish","format-standard","hentry","category-educacao-basica"],"_links":{"self":[{"href":"https:\/\/uniplenaeducacional.com.br\/blog\/wp-json\/wp\/v2\/posts\/284"}],"collection":[{"href":"https:\/\/uniplenaeducacional.com.br\/blog\/wp-json\/wp\/v2\/posts"}],"about":[{"href":"https:\/\/uniplenaeducacional.com.br\/blog\/wp-json\/wp\/v2\/types\/post"}],"author":[{"embeddable":true,"href":"https:\/\/uniplenaeducacional.com.br\/blog\/wp-json\/wp\/v2\/users\/5"}],"replies":[{"embeddable":true,"href":"https:\/\/uniplenaeducacional.com.br\/blog\/wp-json\/wp\/v2\/comments?post=284"}],"version-history":[{"count":1,"href":"https:\/\/uniplenaeducacional.com.br\/blog\/wp-json\/wp\/v2\/posts\/284\/revisions"}],"predecessor-version":[{"id":286,"href":"https:\/\/uniplenaeducacional.com.br\/blog\/wp-json\/wp\/v2\/posts\/284\/revisions\/286"}],"wp:attachment":[{"href":"https:\/\/uniplenaeducacional.com.br\/blog\/wp-json\/wp\/v2\/media?parent=284"}],"wp:term":[{"taxonomy":"category","embeddable":true,"href":"https:\/\/uniplenaeducacional.com.br\/blog\/wp-json\/wp\/v2\/categories?post=284"},{"taxonomy":"post_tag","embeddable":true,"href":"https:\/\/uniplenaeducacional.com.br\/blog\/wp-json\/wp\/v2\/tags?post=284"}],"curies":[{"name":"wp","href":"https:\/\/api.w.org\/{rel}","templated":true}]}}