{"id":259,"date":"2020-10-02T00:01:00","date_gmt":"2020-10-02T00:01:00","guid":{"rendered":"https:\/\/uniplenaeducacional.com.br\/blog\/?p=259"},"modified":"2020-09-10T16:45:43","modified_gmt":"2020-09-10T16:45:43","slug":"a-importancia-do-movimento-corporal-na-aprendizagem","status":"publish","type":"post","link":"https:\/\/uniplenaeducacional.com.br\/blog\/a-importancia-do-movimento-corporal-na-aprendizagem\/","title":{"rendered":"A import\u00e2ncia do movimento corporal na aprendizagem"},"content":{"rendered":"\n<p>Voc\u00ea sabia que o desenvolvimento da linguagem corporal \u00e9 fundamental para que a crian\u00e7as desenvolvam tamb\u00e9m nas outras linguagens?&nbsp; Isso mesmo, a dimens\u00e3o f\u00edsica est\u00e1 diretamente relacionada com atividades como a fala, a escrita, a leitura, e na medida em que aumenta suas capacidades motoras, avan\u00e7a tamb\u00e9m nos aspectos intelectuais e emocionais.<\/p>\n\n\n\n<p>Isto porque as crian\u00e7as descobrem o mundo em que vivem atrav\u00e9s do contato f\u00edsico com viv\u00eancias que envolvam os sentidos, captando cores, sons, cheiros, sabores, texturas, a atrav\u00e9s da corporeidade estabelecem uma rela\u00e7\u00e3o com o meio e consigo mesma. E conforme a crian\u00e7a compreende a si, o outro e o meio atrav\u00e9s corpo e do movimento, estabelece rela\u00e7\u00f5es e avan\u00e7a em seu conhecimento.<\/p>\n\n\n\n<p>Leia este texto e confira de que forma uma educa\u00e7\u00e3o de qualidade leva e em considera\u00e7\u00e3o a linguagem corporal e o movimento para o desenvolvimento integral do aluno.<br><\/p>\n\n\n\n<p><strong>O desenvolvimento do corpo para a aprendizagem<\/strong><\/p>\n\n\n\n<p>Desde que a crian\u00e7a nasce ela come\u00e7a a explorar o mundo por meio do seu corpo, interagindo com o outro, si mesmo e seu meio atrav\u00e9s do contato, do toque, da amamenta\u00e7\u00e3o, do colo, dos sentidos e assim inicia seu desenvolvimento cognitivo, emocional e f\u00edsico, de acordo com os est\u00edmulos que recebe, registrando informa\u00e7\u00f5es e estruturas para novas aprendizagens.<\/p>\n\n\n\n<p>Assim, \u00e9 imprescind\u00edvel que a crian\u00e7a desenvolva as habilidades f\u00edsicas tanto para construir seu autoconhecimento, conhecer suas capacidades e limites, estabelecendo assim o reconhecimento de sua identidade e imagem, como tamb\u00e9m para o seu desenvolvimento e amplia\u00e7\u00e3o das outras linguagens, uma vez que a crian\u00e7a que possui uma rica experi\u00eancia concreta encontrar\u00e1 facilidades em desenvolver o pensamento simb\u00f3lico para a constitui\u00e7\u00e3o da linguagem e do pensamento abstrato.<\/p>\n\n\n\n<p>Por isso atividades para o desenvolvimento psicomotor devem ser estimuladas desde os primeiros meses, ao segurar os dedos dos familiares, manipular objetos, leva-los \u00e0 boca, mamar, rolar, sentar, engatinhar, rastejar, andar, pular, dan\u00e7ar, desenhar, explorar os sentidos, produzindo e manipulando diversos materiais de artes, aprender h\u00e1bitos de higiene, o esquema corporal, suas capacidades e seus limites.<br><\/p>\n\n\n\n<p><strong>O que \u00e9 o Desenvolvimento Psicomotor?<\/strong><\/p>\n\n\n\n<p>O Desenvolvimento Psicomotor abrange tudo aquilo que diz respeito \u00e0 evolu\u00e7\u00e3o da crian\u00e7a nos seus movimentos, conhecimento e consci\u00eancia corporal, com atividades e gestos que contribuem para esse desenvolvimento que d\u00e1 base e estrutura para a conquista de outras aprendizagens.<\/p>\n\n\n\n<p>Assim, na medida em que a crian\u00e7a conquista o desenvolvimento do esquema corporal, como lateralidade, orienta\u00e7\u00e3o espacial e temporal, constr\u00f3i uma base&nbsp; para o processo de desenvolvimento de seu intelecto e sua aprendizagem, e se houver alguma dificuldade nesse processo, a origem pode estar em alguma defasagem do desenvolvimento psicomotor.<\/p>\n\n\n\n<p>Toda aprendizagem abstrata \u00e9 antes constru\u00edda por uma aprendizagem concreta, que se d\u00e1 por meio das etapas do desenvolvimento da crian\u00e7a, onde as primeiras aprendizagens s\u00e3o constru\u00eddas por meio do contato f\u00edsico, manipulando os objetos, construindo esquemas exteriores, para posteriormente construir esquemas mentais.<\/p>\n\n\n\n<p>O papel da escola \u00e9 promover situa\u00e7\u00f5es de aprendizagem onde a crian\u00e7a desenvolva desde a Educa\u00e7\u00e3o Infantil a psicomotricidade, vivenciando diversas atividades dentre as diferentes linguagens art\u00edsticas, motoras, escritas, leitoras, l\u00fadicas, investigativas, construtoras, entre outras.<\/p>\n\n\n\n<p><strong>Quais atividades promovem o desenvolvimento psicomotor?<\/strong><\/p>\n\n\n\n<p>Existem diversos movimentos que podem ser vivenciados por meio de atividades que promovam o desenvolvimento psicomotor, que envolvem habilidades motoras que levam as crian\u00e7as a aprender sobre seu corpo, e sua imagem corporal, seus limites, diferentes formas de representa\u00e7\u00e3o, afetividade, comunica\u00e7\u00e3o e express\u00e3o, ritmo corporal e express\u00f5es de dan\u00e7a, coordena\u00e7\u00e3o motora fina com desenho, pinturas e constru\u00e7\u00f5es manuais.<\/p>\n\n\n\n<p>Assim, \u00e9 necess\u00e1rio que o professor planeje espa\u00e7os e ambientes desafiadores para que as crian\u00e7as possam desenvolver essas habilidades, como percursos de circuitos, cria\u00e7\u00e3o com caixas de madeira ou papel\u00e3o, materiais recicl\u00e1veis para construir brinquedos, materiais que as crian\u00e7as possam rolar, como pneus, aros, bolas, instrumentos musicais e experimenta\u00e7\u00f5es sonoras, cordas e bast\u00f5es, tecidos, espelhos, diferentes tipos de pap\u00e9is, para recorte livre e formatos geom\u00e9tricos, materiais riscantes, como giz, l\u00e1pis, canetinhas, tintas, cola, entre outros.<\/p>\n\n\n\n<p>Enfim, o professor deve ofertar atividades corporais para que a crian\u00e7a amplie seu repert\u00f3rio de movimentos e habilidades, e assim conquiste o desenvolvimento psicomotor necess\u00e1rio para que explore o mundo de forma concreta, bem como jogos e brincadeiras que estimulem as crian\u00e7as a desenvolverem a representatividade e a fantasia, transcendendo o mundo percept\u00edvel, para que depois possa fazer a representa\u00e7\u00f5es necess\u00e1rias para compreender o mundo abstrato, como os c\u00f3digos da escrita e da matem\u00e1tica.<\/p>\n\n\n\n<p>Apesar da escola ainda manter majoritariamente a valoriza\u00e7\u00e3o da leitura e da escrita da l\u00edngua portuguesa e da matem\u00e1tica, \u00e9 necess\u00e1rio que haja um movimento de inclus\u00e3o das outras linguagens e exalta\u00e7\u00e3o das outras intelig\u00eancias dentro da escola, comprometendo-se com uma educa\u00e7\u00e3o integral, evitando assim dificuldades no desenvolvimento da aprendizagem dos alunos.<\/p>\n\n\n\n<p>Tendo a consci\u00eancia da import\u00e2ncia da Psicomotricidade, que possibilita \u00e0s crian\u00e7as o seu desenvolvimento motor e aumenta seu potencial de atingir elaboradas capacidades intelectuais, espero que este texto tenha contribu\u00eddo para seu trabalho em ajudar cada vez mais as crian\u00e7as a superarem suas dificuldades e com a qualidade e sucesso de suas aulas!<br><\/p>\n\n\n\n<div class=\"wp-block-group alignwide\"><div class=\"wp-block-group__inner-container is-layout-flow wp-block-group-is-layout-flow\">\n<div class=\"wp-block-media-text alignwide is-stacked-on-mobile\" style=\"grid-template-columns:22% auto\"><figure class=\"wp-block-media-text__media\"><img loading=\"lazy\" decoding=\"async\" width=\"792\" height=\"1024\" src=\"https:\/\/uniplenaeducacional.com.br\/blog\/wp-content\/uploads\/2020\/03\/IngridDehnRodrigues-3-792x1024.jpeg\" alt=\"\" class=\"wp-image-67 size-full\" srcset=\"https:\/\/uniplenaeducacional.com.br\/blog\/wp-content\/uploads\/2020\/03\/IngridDehnRodrigues-3-792x1024.jpeg 792w, https:\/\/uniplenaeducacional.com.br\/blog\/wp-content\/uploads\/2020\/03\/IngridDehnRodrigues-3-232x300.jpeg 232w, https:\/\/uniplenaeducacional.com.br\/blog\/wp-content\/uploads\/2020\/03\/IngridDehnRodrigues-3-768x993.jpeg 768w, https:\/\/uniplenaeducacional.com.br\/blog\/wp-content\/uploads\/2020\/03\/IngridDehnRodrigues-3.jpeg 869w\" sizes=\"(max-width: 792px) 100vw, 792px\" \/><\/figure><div class=\"wp-block-media-text__content\">\n<p class=\"has-small-font-size\"><strong>Ingrid Dehn Rodrigues<\/strong> &#8211; trabalha na \u00e1rea da educa\u00e7\u00e3o h\u00e1 11 anos, professora h\u00e1 4 anos, graduada em Pedagogia pela FEUSP, p\u00f3s-gradua\u00e7\u00e3o em Educa\u00e7\u00e3o Infantil pela UNINOVE, atualmente \u00e9 professora de Educa\u00e7\u00e3o Infantil e Ensino Fundamental I na prefeitura de S\u00e3o Paulo. <\/p>\n<\/div><\/div>\n<\/div><\/div>\n","protected":false},"excerpt":{"rendered":"<p>Voc\u00ea sabia que o desenvolvimento da linguagem corporal \u00e9 fundamental para que a crian\u00e7as desenvolvam tamb\u00e9m nas outras linguagens?&nbsp; Isso mesmo, a dimens\u00e3o f\u00edsica est\u00e1 diretamente relacionada com atividades como a fala, a escrita, a&hellip;<\/p>\n<p><a class=\"readmore\" href=\"https:\/\/uniplenaeducacional.com.br\/blog\/a-importancia-do-movimento-corporal-na-aprendizagem\/\">Read More<\/a><\/p>\n","protected":false},"author":2,"featured_media":0,"comment_status":"open","ping_status":"open","sticky":false,"template":"","format":"standard","meta":{"footnotes":""},"categories":[1],"tags":[],"class_list":["post-259","post","type-post","status-publish","format-standard","hentry","category-educacao-basica"],"_links":{"self":[{"href":"https:\/\/uniplenaeducacional.com.br\/blog\/wp-json\/wp\/v2\/posts\/259"}],"collection":[{"href":"https:\/\/uniplenaeducacional.com.br\/blog\/wp-json\/wp\/v2\/posts"}],"about":[{"href":"https:\/\/uniplenaeducacional.com.br\/blog\/wp-json\/wp\/v2\/types\/post"}],"author":[{"embeddable":true,"href":"https:\/\/uniplenaeducacional.com.br\/blog\/wp-json\/wp\/v2\/users\/2"}],"replies":[{"embeddable":true,"href":"https:\/\/uniplenaeducacional.com.br\/blog\/wp-json\/wp\/v2\/comments?post=259"}],"version-history":[{"count":1,"href":"https:\/\/uniplenaeducacional.com.br\/blog\/wp-json\/wp\/v2\/posts\/259\/revisions"}],"predecessor-version":[{"id":260,"href":"https:\/\/uniplenaeducacional.com.br\/blog\/wp-json\/wp\/v2\/posts\/259\/revisions\/260"}],"wp:attachment":[{"href":"https:\/\/uniplenaeducacional.com.br\/blog\/wp-json\/wp\/v2\/media?parent=259"}],"wp:term":[{"taxonomy":"category","embeddable":true,"href":"https:\/\/uniplenaeducacional.com.br\/blog\/wp-json\/wp\/v2\/categories?post=259"},{"taxonomy":"post_tag","embeddable":true,"href":"https:\/\/uniplenaeducacional.com.br\/blog\/wp-json\/wp\/v2\/tags?post=259"}],"curies":[{"name":"wp","href":"https:\/\/api.w.org\/{rel}","templated":true}]}}