{"id":249,"date":"2020-09-18T00:01:00","date_gmt":"2020-09-18T00:01:00","guid":{"rendered":"https:\/\/uniplenaeducacional.com.br\/blog\/?p=249"},"modified":"2020-09-02T10:54:01","modified_gmt":"2020-09-02T10:54:01","slug":"conheca-as-carreiras-do-futuro-na-educacao","status":"publish","type":"post","link":"https:\/\/uniplenaeducacional.com.br\/blog\/conheca-as-carreiras-do-futuro-na-educacao\/","title":{"rendered":"Conhe\u00e7a as carreiras do futuro na educa\u00e7\u00e3o"},"content":{"rendered":"\n<p>Apesar de a educa\u00e7\u00e3o \u00e0 dist\u00e2ncia estar presente em nossas vidas h\u00e1 um bom tempo, nunca precisamos fazer tanto uso dela como nesse per\u00edodo em que vivemos, onde a pandemia do novo Coronav\u00edrus exigiu o isolamento social e todas as atividades educativas passaram para o ambiente virtual.<\/p>\n\n\n\n<p>Assim como a sociedade sofre transforma\u00e7\u00f5es, a educa\u00e7\u00e3o tamb\u00e9m reflete essas mesmas mudan\u00e7as, precisando se readaptar constantemente para atender as novas demandas sociais, com inova\u00e7\u00f5es, tecnologias e novos servi\u00e7os.<\/p>\n\n\n\n<p><strong>&nbsp;<\/strong>O mesmo reflete aos profissionais de educa\u00e7\u00e3o, que precisam estar continuamente buscando aperfei\u00e7oarem seu trabalho e acompanharem as mudan\u00e7as sociais, principalmente em rela\u00e7\u00e3o \u00e0s novas tecnologias, uma vez que facilitam muito a vida das pessoas que desejam estudar dentro desse ambiente virtual.<\/p>\n\n\n\n<p>Assim, \u00e9 necess\u00e1rio que o professor esteja preparado para eventuais e necess\u00e1rias mudan\u00e7as e adapta\u00e7\u00f5es do trabalho, envolver-se cada vez mais nas novas tecnologias da educa\u00e7\u00e3o decorrentes da quarta revolu\u00e7\u00e3o industrial na educa\u00e7\u00e3o.<\/p>\n\n\n\n<p>Saiba quais s\u00e3o as mudan\u00e7as que est\u00e3o reservadas para essa profiss\u00e3o, leia este texto, e confira quais s\u00e3o as carreiras do futuro na \u00e1rea da educa\u00e7\u00e3o!<\/p>\n\n\n\n<p><strong>Professor digital:<\/strong><\/p>\n\n\n\n<p>O professor digital \u00e9 aquele profissional que j\u00e1 se adaptou ao ambiente de educa\u00e7\u00e3o \u00e0 dist\u00e2ncia, \u00e9 capaz de interagir com seus alunos nos ambientes virtuais de aprendizagem, tanto possui habilidade para preparar material de uso <em>on lin<\/em>e, como de acompanhar a aprendizagem dos estudantes de maneira remota.<\/p>\n\n\n\n<p>Para se tornar um professor digital \u00e9 necess\u00e1rio estar capacitado a desenvolver seu trabalho de forma virtual, preparando aulas <em>on line<\/em>, por meio de v\u00eddeos, <em>lives<\/em>, canais de comunica\u00e7\u00e3o como chat, e-mails, f\u00f3runs, blog, entre outros.<\/p>\n\n\n\n<p>O professor digital atua com facilidade no ambiente educativo presencial e virtual fazendo uso inteligente das novas tecnologias em favor de seu trabalho e da aprendizagem dos alunos, gerando assim uma assertividade em seu ensinar de maneira moderna e atual, seja como professor de uma institui\u00e7\u00e3o, uma rede educacional, ou desenvolvedor de curso pr\u00f3prio.<\/p>\n\n\n\n<p>Investir em aprimorar o trabalho no ambiente digital \u00e9 fundamental, mesmo que seja um professor presencial, pois facilita o trabalho em prestar atendimento aos alunos que precisam repor aulas por faltas, ou auxiliar alunos com dificuldades, al\u00e9m disso, o trabalho virtual resulta em um excelente portf\u00f3lio do trabalho realizado.<\/p>\n\n\n\n<p><strong>Tutor de curso EAD:<\/strong><\/p>\n\n\n\n<p>O tutor de cursos EAD \u00e9 respons\u00e1vel por dar suporte aos alunos do curso de maneira totalmente <em>on line<\/em>, respondendo a perguntas, solucionando d\u00favidas, auxiliando caso o aluno enfrente alguma situa\u00e7\u00e3o que precise de suporte, atuando como referencial para os estudantes durante o percurso do curso ou da disciplina.<\/p>\n\n\n\n<p>Geralmente n\u00e3o s\u00e3o respons\u00e1veis pela cria\u00e7\u00e3o do conte\u00fado do curso, mas s\u00e3o aptos a responder qualquer d\u00favida sobre o material, por isso devem conhec\u00ea-lo muito bem para ajudar eventuais necessidades por parte dos alunos, bem como assegurar que o material est\u00e1 de acordo com os objetivos do curso e para ser utilizado pelos estudantes.<\/p>\n\n\n\n<p>Para ser um tutor de curso EAD \u00e9 necess\u00e1rio desenvolver a comunica\u00e7\u00e3o, possuir autoridade e conhecimento no curso pelo qual est\u00e1 respons\u00e1vel, ter habilidade com gest\u00e3o de pessoas e estrat\u00e9gias de resolu\u00e7\u00e3o de problemas, no caso da turma encontrar dificuldades com o conte\u00fado, por exemplo, al\u00e9m disso, \u00e9 claro, ter habilidades com programas e ambientes de aprendizagem virtuais.<\/p>\n\n\n\n<p><strong>Mentor para o desenvolvimento do conhecimento:<\/strong><\/p>\n\n\n\n<p>O mentor \u00e9 um profissional capacitado a aconselhar tanto em rela\u00e7\u00e3o \u00e0 vida profissional, como tamb\u00e9m em quest\u00f5es pessoais, seja indicando cursos espec\u00edficos, ou viagens e leituras aos alunos.&nbsp;<\/p>\n\n\n\n<p>Pode atuar tamb\u00e9m em institui\u00e7\u00f5es de ensino ou em empresas, sendo respons\u00e1vel por aconselhar o departamento de recursos humanos, em rela\u00e7\u00e3o a direcionar na aprendizagem continuada, assim, a carreira de mentor para o desenvolvimento do conhecimento demanda habilidades e compet\u00eancias em \u00e1reas como psicologia,&nbsp;<a href=\"https:\/\/desafiosdaeducacao.grupoa.com.br\/category\/editorias\/inovacao\/\">inova\u00e7\u00e3o<\/a>, educa\u00e7\u00e3o e recursos humanos.<\/p>\n\n\n\n<p>Assim, o mentor \u00e9 aquele que auxilia as pessoas a gerenciarem seu pr\u00f3prio aprendizado, alcan\u00e7arem o m\u00e1ximo de seu potencial, desenvolvendo suas habilidades, e melhorando sua atua\u00e7\u00e3o como profissional e como pessoa, tornando-se a melhor vers\u00e3o de si mesma.<\/p>\n\n\n\n<p>A origem da palavra mentor vem do grego e est\u00e1 relacionada a professor, mestre, amigo e conselheiro, e j\u00e1 sabemos que a profiss\u00e3o de professor \u00e9 muito mais do que ensinar conte\u00fados, criamos la\u00e7os afetivos com nossos alunos e nos envolvemos com suas situa\u00e7\u00f5es de vida, aconselhamos, fazendo o poss\u00edvel dentro de nossos limites profissionais para ajud\u00e1-los. O termo Mentor veio agregar mais um significado ao trabalho do professor que j\u00e1 est\u00e1vamos habituados a realizar.<\/p>\n\n\n\n<p>E o trabalho do mentor est\u00e1 reservado na carreira do professor do futuro, em ambientes virtuais, desenvolvendo conte\u00fado pr\u00f3prio, materiais de estudo <em>on line<\/em>, palestras, aulas e consultorias por meio de v\u00eddeos.<\/p>\n\n\n\n<p><strong>Desenvolvedor de material <\/strong><strong><em>on line:<\/em><\/strong><\/p>\n\n\n\n<p>Independente de qual carreira na \u00e1rea da educa\u00e7\u00e3o esteja disposto a seguir, do futuro, ou do presente, \u00e9 fundamental desenvolver material de trabalho <em>on lin<\/em>e, uma vez que a demanda por facilidade ao acesso aos conte\u00fados est\u00e1 cada vez maior.<\/p>\n\n\n\n<p>Seja em formato de blog, v\u00eddeo aulas, <em>ebook<\/em>, p\u00e1gina em alguma rede social, ou uma simples rede de e-mails, \u00e9 fundamental que o professor desenvolva em seu trabalho a disponibiliza\u00e7\u00e3o de materiais <em>on line<\/em>, tanto para aumentar a qualidade de suas aulas, como promover com qualidade a aprendizagem dos alunos.<\/p>\n\n\n\n<p>Para desenvolver bons materiais <em>on line<\/em> \u00e9 necess\u00e1rio ter habilidades com diagrama\u00e7\u00e3o, editora\u00e7\u00e3o, criatividade, edi\u00e7\u00e3o de textos, imagens e v\u00eddeos, fazendo uso e aplicativos gratuitos para isso, ou mesmo investindo na compra de programas de edi\u00e7\u00e3o, que valem muito a pena para tal trabalho.<\/p>\n\n\n\n<p>Saiba que desenvolver os conte\u00fados <em>on line<\/em> \u00e9 uma demanda j\u00e1 atual, e est\u00e1 predisposta a crescer cada vez mais, pois os ambientes de aprendizagem est\u00e3o migrando dos pr\u00e9dios para a internet, e os textos de livros passando para as telas.<\/p>\n\n\n\n<p>Essas s\u00e3o algumas das carreiras do futuro para a \u00e1rea de educa\u00e7\u00e3o, invista em seu conhecimento e esteja preparado para as mudan\u00e7as que j\u00e1 est\u00e3o acontecendo!<\/p>\n\n\n\n<p>Bom trabalho e bons estudos!<br><\/p>\n\n\n\n<div class=\"wp-block-group alignwide\"><div class=\"wp-block-group__inner-container is-layout-flow wp-block-group-is-layout-flow\">\n<div class=\"wp-block-media-text alignwide is-stacked-on-mobile\" style=\"grid-template-columns:22% auto\"><figure class=\"wp-block-media-text__media\"><img loading=\"lazy\" decoding=\"async\" width=\"792\" height=\"1024\" src=\"https:\/\/uniplenaeducacional.com.br\/blog\/wp-content\/uploads\/2020\/03\/IngridDehnRodrigues-3-792x1024.jpeg\" alt=\"\" class=\"wp-image-67 size-full\" srcset=\"https:\/\/uniplenaeducacional.com.br\/blog\/wp-content\/uploads\/2020\/03\/IngridDehnRodrigues-3-792x1024.jpeg 792w, https:\/\/uniplenaeducacional.com.br\/blog\/wp-content\/uploads\/2020\/03\/IngridDehnRodrigues-3-232x300.jpeg 232w, https:\/\/uniplenaeducacional.com.br\/blog\/wp-content\/uploads\/2020\/03\/IngridDehnRodrigues-3-768x993.jpeg 768w, https:\/\/uniplenaeducacional.com.br\/blog\/wp-content\/uploads\/2020\/03\/IngridDehnRodrigues-3.jpeg 869w\" sizes=\"(max-width: 792px) 100vw, 792px\" \/><\/figure><div class=\"wp-block-media-text__content\">\n<p class=\"has-small-font-size\"><strong>Ingrid Dehn Rodrigues<\/strong> &#8211; trabalha na \u00e1rea da educa\u00e7\u00e3o h\u00e1 11 anos, professora h\u00e1 4 anos, graduada em Pedagogia pela FEUSP, p\u00f3s-gradua\u00e7\u00e3o em Educa\u00e7\u00e3o Infantil pela UNINOVE, atualmente \u00e9 professora de Educa\u00e7\u00e3o Infantil e Ensino Fundamental I na prefeitura de S\u00e3o Paulo. <\/p>\n<\/div><\/div>\n<\/div><\/div>\n","protected":false},"excerpt":{"rendered":"<p>Apesar de a educa\u00e7\u00e3o \u00e0 dist\u00e2ncia estar presente em nossas vidas h\u00e1 um bom tempo, nunca precisamos fazer tanto uso dela como nesse per\u00edodo em que vivemos, onde a pandemia do novo Coronav\u00edrus exigiu o&hellip;<\/p>\n<p><a class=\"readmore\" href=\"https:\/\/uniplenaeducacional.com.br\/blog\/conheca-as-carreiras-do-futuro-na-educacao\/\">Read More<\/a><\/p>\n","protected":false},"author":2,"featured_media":0,"comment_status":"open","ping_status":"open","sticky":false,"template":"","format":"standard","meta":{"footnotes":""},"categories":[1],"tags":[],"class_list":["post-249","post","type-post","status-publish","format-standard","hentry","category-educacao-basica"],"_links":{"self":[{"href":"https:\/\/uniplenaeducacional.com.br\/blog\/wp-json\/wp\/v2\/posts\/249"}],"collection":[{"href":"https:\/\/uniplenaeducacional.com.br\/blog\/wp-json\/wp\/v2\/posts"}],"about":[{"href":"https:\/\/uniplenaeducacional.com.br\/blog\/wp-json\/wp\/v2\/types\/post"}],"author":[{"embeddable":true,"href":"https:\/\/uniplenaeducacional.com.br\/blog\/wp-json\/wp\/v2\/users\/2"}],"replies":[{"embeddable":true,"href":"https:\/\/uniplenaeducacional.com.br\/blog\/wp-json\/wp\/v2\/comments?post=249"}],"version-history":[{"count":1,"href":"https:\/\/uniplenaeducacional.com.br\/blog\/wp-json\/wp\/v2\/posts\/249\/revisions"}],"predecessor-version":[{"id":250,"href":"https:\/\/uniplenaeducacional.com.br\/blog\/wp-json\/wp\/v2\/posts\/249\/revisions\/250"}],"wp:attachment":[{"href":"https:\/\/uniplenaeducacional.com.br\/blog\/wp-json\/wp\/v2\/media?parent=249"}],"wp:term":[{"taxonomy":"category","embeddable":true,"href":"https:\/\/uniplenaeducacional.com.br\/blog\/wp-json\/wp\/v2\/categories?post=249"},{"taxonomy":"post_tag","embeddable":true,"href":"https:\/\/uniplenaeducacional.com.br\/blog\/wp-json\/wp\/v2\/tags?post=249"}],"curies":[{"name":"wp","href":"https:\/\/api.w.org\/{rel}","templated":true}]}}