{"id":197,"date":"2020-07-15T00:01:00","date_gmt":"2020-07-15T00:01:00","guid":{"rendered":"https:\/\/uniplenaeducacional.com.br\/blog\/?p=197"},"modified":"2020-07-03T17:51:49","modified_gmt":"2020-07-03T17:51:49","slug":"quais-as-grandes-mudancas-ou-conquistas-que-voce-sinceramente-deseja-e-precisa-para-passar-no-concurso-para-professor","status":"publish","type":"post","link":"https:\/\/uniplenaeducacional.com.br\/blog\/quais-as-grandes-mudancas-ou-conquistas-que-voce-sinceramente-deseja-e-precisa-para-passar-no-concurso-para-professor\/","title":{"rendered":"QUAIS AS GRANDES MUDAN\u00c7AS OU CONQUISTAS QUE VOC\u00ca SINCERAMENTE DESEJA E PRECISA PARA PASSAR NO CONCURSO PARA PROFESSOR"},"content":{"rendered":"\n<p>Alguns pa\u00edses iniciaram a retomada \u00e0s aulas e com isso s\u00e3o necess\u00e1rias novas medidas<br><\/p>\n\n\n\n<p>Voc\u00ea j\u00e1 sabe o que deseja fazer? A \u00e1rea em que aspira trabalhar? Conhece as fun\u00e7\u00f5es do cargo para o qual voc\u00ea est\u00e1 se preparando? Qual o seu n\u00edvel de determinismo e comprometimento?<\/p>\n\n\n\n<p>Para voc\u00ea estudante que est\u00e1 precisando aumentar a sua autoconfian\u00e7a, motiva\u00e7\u00e3o, concentra\u00e7\u00e3o, foco, mem\u00f3ria, disciplina, organiza\u00e7\u00e3o dentre outras compet\u00eancias, leia os apontamentos ao longo desse texto.<\/p>\n\n\n\n<p>Tenho uma informa\u00e7\u00e3o valiosa para voc\u00ea, que deseja passar em um concurso para professor.&nbsp;<\/p>\n\n\n\n<p>Uma das prim\u00edcias \u00e9 constatar qual o seu perfil, visto que o mais importante, para obter \u00eaxito em qualquer empreendimento que se queira fazer \u00e9 identificar qual o seu papel dentro da constru\u00e7\u00e3o dele e como ele se encaixa nos seus par\u00e2metros.&nbsp;<\/p>\n\n\n\n<p>Isto quer dizer, que muito al\u00e9m de passar, simplesmente, em um certame h\u00e1 que se avaliar, qual o concurso que se adapta nos seus padr\u00e3o de vida e objetivos.&nbsp;<\/p>\n\n\n\n<p>Para que voc\u00ea n\u00e3o se torne, futuramente, um concursado frustrado e que venha realmente obter sucesso nos diversos segmentos da sua trajet\u00f3ria.<\/p>\n\n\n\n<p>Voc\u00ea j\u00e1 se fez as seguintes perguntas: \u201cquem sou eu?\u201d, \u201cqual a minha miss\u00e3o de vida?\u201d, \u201co que eu vim fazer aqui?\u201d.&nbsp;<\/p>\n\n\n\n<p>O despertar da consci\u00eancia nos leva para uma nova realidade. No processo de autoconhecimento obtem-se reflex\u00f5es sobre seus pontos fortes e de melhorias, proporcionando equil\u00edbrio e resultados extraordin\u00e1rios.<\/p>\n\n\n\n<p>Tem-se v\u00e1rios <strong>tipos de an\u00e1lise<\/strong> para melhorar a aprendizagem, tais quais: do perfil comportamental; da gest\u00e3o do tempo; do seu sistema representacional; de suas cren\u00e7as e valores, al\u00e9m dos sabotadores.<\/p>\n\n\n\n<p>Neste contexto, busco trazer de forma detalhada quais as caracter\u00edsticas da an\u00e1lise do perfil comportamental e como esse processo pode contribuir para identificar a import\u00e2ncia da comunica\u00e7\u00e3o, e como essa impacta diretamente no processo de aprendizado.<\/p>\n\n\n\n<p><strong>An\u00e1lise do Sistema Representacional:<\/strong> Cabe destacar que dentro desse tipo de sistema existe o visual, auditivo, sinest\u00e9sico e tem uma corrente mais moderna que refere-se ao digital.<\/p>\n\n\n\n<p><strong>Visual:<\/strong> \u00e9 aquele que faz uso da vis\u00e3o como forma dominante de obter e reter informa\u00e7\u00f5es. O ponto forte \u00e9 auferir detalhes que quase ningu\u00e9m percebe. Ficam distra\u00eddos com est\u00edmulos visuais que entram em conflitos. Essas pessoas pensam em ritmo r\u00e1pido e tendem a perder o foco mais facilmente. Tem dificuldade para debater oralmente. Os concurseiros visuais preferem ler a ouvir.<\/p>\n\n\n\n<p><strong>Auditivo:<\/strong> utiliza-se da audi\u00e7\u00e3o para absorver as coisas. Gosta de ouvir as pessoas, mas se incomoda com ru\u00eddos e barulhos conflitantes. Quem \u00e9 auditivo gosta de informa\u00e7\u00f5es detalhadas e instru\u00e7\u00f5es passo a passo, bem como costumam se expressar com clareza, sem necessidade de gesticular ao falar. Os concurseiros auditivos aprendem bem escutando e prestam aten\u00e7\u00e3o \u00e0 \u00eanfases e entona\u00e7\u00f5es e, por isso, tendem a gostar de frequentar aulas bastante explicativas.<\/p>\n\n\n\n<p><strong>Cinest\u00e9sico:<\/strong> apresenta dificuldade de lidar com est\u00edmulos conflitantes visual e\/ou auditivos e tamb\u00e9m com a impossibilidade de se mover. Pensam de maneira mais lenta e tendem a direcionar seu olhar para baixo ao pensarem. Os cinest\u00e9sicos s\u00e3o mais intuitivos e distra\u00eddos. Percebem o mundo atrav\u00e9s do corpo e da experimenta\u00e7\u00e3o, por isso, tendem a se mover e a gesticular mais. Quem \u00e9 desse sistema representacional aprende melhor fazendo. Assim, o concurseiro cinest\u00e9sico precisa achar uma forma de se relacionar com o que est\u00e1 aprendendo, atrav\u00e9s de post its, colagens, escrevendo, revis\u00f5es, explicando para si ou para outras pessoas o que est\u00e1 aprendendo, gesticulando, etc.<\/p>\n\n\n\n<p><strong>Digital:<\/strong> pessoas desse sistema fazem muitas perguntas e precisa de muitas informa\u00e7\u00f5es e fatos. O digital tem di\u00e1logos internos profundos e tendem a buscar a l\u00f3gica das coisas. O concurseiro digital \u00e9 bastante anal\u00edtico, e aprende bem montando hist\u00f3rias estruturas com as informa\u00e7\u00f5es que recebe e repetindo em forma de conversa o que precisa memorizar. Ele tende a se distrair com ru\u00eddos e barulhos.<\/p>\n\n\n\n<p>Sendo assim, vou lhe apresentar como funciona, ou seja, qual \u00e9 a F\u00f3rmula de Aprendizagem, que se divide em <strong>Motiva\u00e7\u00e3o, Planejamento e Estrat\u00e9gia<\/strong>.<\/p>\n\n\n\n<p>Na <strong>motiva\u00e7\u00e3o<\/strong>, os principais elementos a serem trabalhados s\u00e3o: confian\u00e7a, concentra\u00e7\u00e3o, ansiedade, disciplina, estado emocional, o processo de coaching, dentre outros.<\/p>\n\n\n\n<p>A linguagem e o pensamento geram comportamento. Por isso, tudo o que voc\u00ea quer na vida come\u00e7a atrav\u00e9s dos seus pensamentos. A sua mente \u00e9 poderosa. Por isso, \u00e9 preciso motivar-se dia-a-dia.<\/p>\n\n\n\n<p>Como seres conscientes, temos a capacidade de alterar nosso estado de esp\u00edrito, escolhendo criar pensamentos positivos, como de amor e harmonia, e assim, garantindo que o c\u00e9rebro e a personalidade sejam positivamente modificados.<\/p>\n\n\n\n<p>Estudos demonstram que a medita\u00e7\u00e3o guiada ajuda\/auxilia no aumento da concentra\u00e7\u00e3o.<\/p>\n\n\n\n<p>No <strong>planejamento<\/strong>, precisa-se tra\u00e7ar de forma pontual os seguintes pontos: defini\u00e7\u00e3o de metas, m\u00e9todo, hor\u00e1rio e fonte de estudos.<\/p>\n\n\n\n<p>As tr\u00eas chaves para realizar as metas s\u00e3o: -querer (motiva\u00e7\u00e3o); &#8211; saber como (estrat\u00e9gias); &#8211; cria\u00e7\u00e3o de oportunidades (a\u00e7\u00e3o).<\/p>\n\n\n\n<p>Existe a <strong>T\u00e9cnica Pomodoro<\/strong> que \u00e9 um m\u00e9todo para auxiliar a gerenciar o tempo dos estudos. \u00c9 uma valiosa ferramenta para cronometrar e focar, totalmente, no que est\u00e1 sendo realizado at\u00e9 o momento da pausa. Esse m\u00e9todo compreende entre per\u00edodos estudados e intervalos de descanso. Sua principal fun\u00e7\u00e3o \u00e9 evitar a procrastina\u00e7\u00e3o.<\/p>\n\n\n\n<p>Quanto mais conex\u00f5es estabelecemos, melhor nos desempenhamos em nossas atividades. Quem n\u00e3o sabe onde quer chegar, qualquer lugar serve.<\/p>\n\n\n\n<p>Na estrat\u00e9gia, tem-se as seguintes t\u00e9cnicas de estudo: revis\u00f5es, mapas mentais, flash cards, leitura din\u00e2mica, resumos\/esquemas, al\u00e9m da t\u00e9cnica de memoriza\u00e7\u00e3o.<\/p>\n\n\n\n<p>Revis\u00f5es &#8211; Estudar escrevendo \u00e9 muito importante, visto que \u201cquem n\u00e3o revisa esquece\u201d, sendo as revis\u00f5es essenciais na fixa\u00e7\u00e3o da mem\u00f3ria. Aprendemos pela repeti\u00e7\u00e3o, uma vez que existe a fase da reten\u00e7\u00e3o e a do esquecimento. Revis\u00f5es peri\u00f3dicas com testes.<\/p>\n\n\n\n<p>Na Memoriza\u00e7\u00e3o utiliza-se os seguintes recursos:<\/p>\n\n\n\n<p>* Mapa Mental \u2013 \u00e9 uma ferramenta utilizada para organizar o pensamento, isto \u00e9, os recursos do c\u00e9rebro, visto que este trabalha por associa\u00e7\u00e3o.<\/p>\n\n\n\n<p>* FlashCards \u2013 pequenos cart\u00f5es\/fichamentos que ajudam na confec\u00e7\u00e3o de resumos e memoriza\u00e7\u00e3o do conte\u00fado. \u00c9 um m\u00e9todo de aprendizagem r\u00e1pido, por meio da repeti\u00e7\u00e3o e&nbsp; associa\u00e7\u00e3o.<\/p>\n\n\n\n<p>* Resumos\/esquemas \u2013 resumo \u00e9 ato de resumir alguma coisa atrav\u00e9s de uma s\u00edntese ou sum\u00e1rio. Significa apresentar o conte\u00fado de forma sint\u00e9tica, ressaltando as informa\u00e7\u00f5es primordiais.<\/p>\n\n\n\n<p>* T\u00e9cnica de memoriza\u00e7\u00e3o \u2013 a memoriza\u00e7\u00e3o de informa\u00e7\u00f5es faz parte do emaranhado de conex\u00f5es necess\u00e1rias para que haja a aprendizagem. O melhor caminho \u00e9 ter uma rotina saud\u00e1vel e utilizar do recurso de exerc\u00edcios freq\u00fcentes para o c\u00e9rebro. Os chamados m\u00e9todos mneum\u00f4nicos s\u00e3o dispositivos pr\u00e1ticos para expandir a capacidade de memoriza\u00e7\u00e3o no cotidiano<\/p>\n\n\n\n<p>Leitura din\u00e2mica &#8211; nada mais \u00e9 que uma t\u00e9cnica para acelerar a velocidade de leitura, de forma clara e mais r\u00e1pida, sem que se comprometa a compreens\u00e3o e, principalmente, a reten\u00e7\u00e3o das informa\u00e7\u00f5es.<\/p>\n\n\n\n<p>O nosso c\u00e9rebro \u00e9 din\u00e2mico, isto \u00e9, ele evolui constantemente, desde que possua novas experi\u00eancias para processar. Com isso o c\u00e9rebro detem a capacidade de criar novas conex\u00f5es em suas \u00e1reas ainda saud\u00e1veis.<\/p>\n\n\n\n<p>Por meio dessas t\u00e9cnicas e recursos, obtem-se uma vis\u00e3o do todo para estudar a parte. Estudar \u00e9 um ato solit\u00e1rio que se desenvolve escrevendo e desenhando. A informa\u00e7\u00e3o necessita ser validada.<\/p>\n\n\n\n<p>Entendemos melhor as coisas quando h\u00e1 signific\u00e2ncia, por isso, comece a planejar atrav\u00e9s de anota\u00e7\u00f5es.<\/p>\n\n\n\n<p>&nbsp;<strong>CONCLUS\u00c3O<\/strong>:<\/p>\n\n\n\n<p>Por isso, conectar-se a sua ess\u00eancia e potencialidade \u00e9 o que importa!! A partir do momento, que procuramos desenvolver a capacidade de autojulgamento e autoan\u00e1lise, somos aptos a conseguir olhar para n\u00f3s mesmos, e consequentemente tiramos reflex\u00f5es importantes que, bem trabalhadas, s\u00e3o capazes de gerar a\u00e7\u00f5es poderosas na nossa rotina de estudo!!!!.<\/p>\n\n\n\n<p>E esse autoconhecimento promove o empoderamento que viabiliza deixar as pessoas mais confiantes e determinadas para colocarem em pr\u00e1tica todo o aprendizado recebido, para alcan\u00e7ar os objetivos de vida, independente, de qual seja a \u00e1rea em que se atua.<\/p>\n\n\n\n<p>Existem, apenas, tr\u00eas sujeitos que n\u00e3o conseguem passar em concurso: &#8211; O sujeito que morre. O sujeito que desiste. O sujeito que n\u00e3o evolui.<\/p>\n\n\n\n<p>Reflita: \u201cA \u00fanica coisa que te separa da vida que voc\u00ea quer, s\u00e3o as est\u00f3rias que voc\u00ea conta para si. Mude suas est\u00f3rias, e mudar\u00e1 sua vida.\u201d Anthony Robbins.<br><\/p>\n\n\n\n<div class=\"wp-block-group alignwide\"><div class=\"wp-block-group__inner-container is-layout-flow wp-block-group-is-layout-flow\">\n<div class=\"wp-block-media-text alignwide\" style=\"grid-template-columns:17% auto\"><figure class=\"wp-block-media-text__media\"><img loading=\"lazy\" decoding=\"async\" width=\"164\" height=\"164\" src=\"https:\/\/uniplenaeducacional.com.br\/blog\/wp-content\/uploads\/2020\/07\/Design-sem-nome.png\" alt=\"\" class=\"wp-image-191\" srcset=\"https:\/\/uniplenaeducacional.com.br\/blog\/wp-content\/uploads\/2020\/07\/Design-sem-nome.png 164w, https:\/\/uniplenaeducacional.com.br\/blog\/wp-content\/uploads\/2020\/07\/Design-sem-nome-150x150.png 150w\" sizes=\"(max-width: 164px) 100vw, 164px\" \/><\/figure><div class=\"wp-block-media-text__content\">\n<p class=\"has-small-font-size\"><strong>Prof. Louise Patente<\/strong> &#8211; Pedagoga e Advogada Sist\u00eamica. Especialista em Doc\u00eancia do Ensino Superior. Especialista em m\u00e9todos adequados e consensuais para solu\u00e7\u00e3o de conflitos. MBA em andamento em Gest\u00e3o de Pessoas por compet\u00eancias, indicadores e coaching.<\/p>\n<\/div><\/div>\n<\/div><\/div>\n","protected":false},"excerpt":{"rendered":"<p>Alguns pa\u00edses iniciaram a retomada \u00e0s aulas e com isso s\u00e3o necess\u00e1rias novas medidas Voc\u00ea j\u00e1 sabe o que deseja fazer? A \u00e1rea em que aspira trabalhar? Conhece as fun\u00e7\u00f5es do cargo para o qual&hellip;<\/p>\n<p><a class=\"readmore\" href=\"https:\/\/uniplenaeducacional.com.br\/blog\/quais-as-grandes-mudancas-ou-conquistas-que-voce-sinceramente-deseja-e-precisa-para-passar-no-concurso-para-professor\/\">Read More<\/a><\/p>\n","protected":false},"author":5,"featured_media":0,"comment_status":"open","ping_status":"open","sticky":false,"template":"","format":"standard","meta":{"footnotes":""},"categories":[1],"tags":[],"class_list":["post-197","post","type-post","status-publish","format-standard","hentry","category-educacao-basica"],"_links":{"self":[{"href":"https:\/\/uniplenaeducacional.com.br\/blog\/wp-json\/wp\/v2\/posts\/197"}],"collection":[{"href":"https:\/\/uniplenaeducacional.com.br\/blog\/wp-json\/wp\/v2\/posts"}],"about":[{"href":"https:\/\/uniplenaeducacional.com.br\/blog\/wp-json\/wp\/v2\/types\/post"}],"author":[{"embeddable":true,"href":"https:\/\/uniplenaeducacional.com.br\/blog\/wp-json\/wp\/v2\/users\/5"}],"replies":[{"embeddable":true,"href":"https:\/\/uniplenaeducacional.com.br\/blog\/wp-json\/wp\/v2\/comments?post=197"}],"version-history":[{"count":1,"href":"https:\/\/uniplenaeducacional.com.br\/blog\/wp-json\/wp\/v2\/posts\/197\/revisions"}],"predecessor-version":[{"id":198,"href":"https:\/\/uniplenaeducacional.com.br\/blog\/wp-json\/wp\/v2\/posts\/197\/revisions\/198"}],"wp:attachment":[{"href":"https:\/\/uniplenaeducacional.com.br\/blog\/wp-json\/wp\/v2\/media?parent=197"}],"wp:term":[{"taxonomy":"category","embeddable":true,"href":"https:\/\/uniplenaeducacional.com.br\/blog\/wp-json\/wp\/v2\/categories?post=197"},{"taxonomy":"post_tag","embeddable":true,"href":"https:\/\/uniplenaeducacional.com.br\/blog\/wp-json\/wp\/v2\/tags?post=197"}],"curies":[{"name":"wp","href":"https:\/\/api.w.org\/{rel}","templated":true}]}}