{"id":195,"date":"2020-07-10T00:01:00","date_gmt":"2020-07-10T00:01:00","guid":{"rendered":"https:\/\/uniplenaeducacional.com.br\/blog\/?p=195"},"modified":"2020-07-03T17:49:34","modified_gmt":"2020-07-03T17:49:34","slug":"atalhos-para-iniciar-como-professor-o-caminho-mais-facil","status":"publish","type":"post","link":"https:\/\/uniplenaeducacional.com.br\/blog\/atalhos-para-iniciar-como-professor-o-caminho-mais-facil\/","title":{"rendered":"Atalhos para iniciar como professor \u2013 O caminho mais f\u00e1cil"},"content":{"rendered":"\n<p>Voc\u00ea sonha iniciar na profiss\u00e3o de professor e n\u00e3o sabe por onde come\u00e7ar?<\/p>\n\n\n\n<p>Saiba que n\u00e3o existe nenhum atalho para o sucesso, nem po\u00e7\u00e3o m\u00e1gica para alcan\u00e7armos nossos sonhos.<\/p>\n\n\n\n<p>Mas, se voc\u00ea est\u00e1 planejando ingressar na carreira de professor e n\u00e3o sabe como dar o primeiro passo, conhe\u00e7a algumas dicas neste texto e saiba o caminho mais f\u00e1cil para alcan\u00e7ar seu sonho profissional!<br><\/p>\n\n\n\n<p>Confira!<\/p>\n\n\n\n<p><strong>Primeiro passo do caminho:<\/strong><\/p>\n\n\n\n<p>Inicie seus estudos. Isso mesmo, para come\u00e7ar a carreira de professor \u00e9 necess\u00e1rio obter ou uma gradua\u00e7\u00e3o em Pedagogia para poder atuar na Educa\u00e7\u00e3o Infantil, nos anos iniciais do Ensino Fundamental e na Alfabetiza\u00e7\u00e3o de Jovens e Adultos.<\/p>\n\n\n\n<p>Ou ent\u00e3o, cursar uma Licenciatura em alguma das disciplinas para trabalhar com os anos finais do Ensino Fundamental, ou no Ensino M\u00e9dio, no Ensino Profissionalizante, ou na Educa\u00e7\u00e3o de Jovens e Adultos.<\/p>\n\n\n\n<p>Para os profissionais de outras \u00e1reas que s\u00e3o formados sem os cursos de licenciaturas, ou seja, em cursos de bacharelado ou n\u00edvel tecn\u00f3logo, \u00e9 necess\u00e1rio realizar uma complementa\u00e7\u00e3o pedag\u00f3gica com uma licenciatura para graduados, que possibilita a especializa\u00e7\u00e3o destes profissionais a partir de sua forma\u00e7\u00e3o inicial em professores de suas respectivas \u00e1reas.<br><\/p>\n\n\n\n<p><strong>Segundo passo:<\/strong><\/p>\n\n\n\n<p>Adquira experi\u00eancia na \u00e1rea do magist\u00e9rio. O quanto antes voc\u00ea iniciar sua pr\u00e1tica como professor, melhor se sair\u00e1 em sua carreira, dessa forma, aceite est\u00e1gios, contratos como auxiliar ou professor substituto, enfim todas as oportunidades que te levem mais pr\u00f3ximo do seu objetivo, que \u00e9 ter experi\u00eancia em sala de aula.<\/p>\n\n\n\n<p>Isto porque, al\u00e9m de ser fundamental obter experi\u00eancia para termos sucesso, quanto mais tempo de magist\u00e9rio tiver mais oportunidades aparecer\u00e3o, pois em concursos p\u00fablicos e processos seletivos em redes particulares isso \u00e9 um grande diferencial.<br><\/p>\n\n\n\n<p><strong>Passo permanente:<\/strong><\/p>\n\n\n\n<p>Esteja em constante aperfei\u00e7oamento. Invista em cursos, livros, materiais de apoio ao seu trabalho, entre outros. Porque no trabalho como professor existe uma exig\u00eancia intr\u00ednseca da profiss\u00e3o que estejamos acompanhando a constante mudan\u00e7a e transforma\u00e7\u00f5es que ocorrem na sociedade.<\/p>\n\n\n\n<p>Uma vez que trabalhamos com o conhecimento e com seres humanos, e ambos est\u00e3o em permanente muta\u00e7\u00e3o, \u00e9 necess\u00e1rio que o profissional da educa\u00e7\u00e3o esteja atento a isso, se submeta \u00e0s novas teorias e pr\u00e1ticas vigentes, \u00e0s novas tecnologias, bem como esteja disposto a acompanhar todas essas mudan\u00e7as.<\/p>\n\n\n\n<p>\u00c9 fundamental para a pr\u00e1tica do professor essa constante forma\u00e7\u00e3o, pois contribui para uma melhora em seu desempenho em sala de aula, uma vez que a qualidade de seu trabalho permanece em aprimoramento, o que tem como consequ\u00eancia cada vez mais um trabalho excelente para seus alunos.<\/p>\n\n\n\n<p>Al\u00e9m do inevit\u00e1vel aperfei\u00e7oamento em seu trabalho em sala de aula, investir em sua qualifica\u00e7\u00e3o tem como consequ\u00eancia um <em>upgrade<\/em> em sua carreira, pois elevar\u00e1 seu n\u00edvel como profissional, permitindo tanto que voc\u00ea alcance promo\u00e7\u00f5es e evolua em seu cargo como professor, como tamb\u00e9m conquiste posi\u00e7\u00f5es de maior destaque, em \u00e1reas administrativas, atuando como Coordenador Pedag\u00f3gico, Assistente de Diretor, Diretor, Supervisor, ou at\u00e9 mesmo cargos em Secretarias da Educa\u00e7\u00e3o.<\/p>\n\n\n\n<p>E esse \u00e9 o caminho mais f\u00e1cil para ser trilhado no in\u00edcio da senda da carreira como professor! O importante \u00e9 come\u00e7ar a caminhada, pois o primeiro passo sempre \u00e9 o mais dif\u00edcil, uma vez que exige que saiamos do lugar que ocup\u00e1vamos anteriormente.<\/p>\n\n\n\n<p>Mas assim que iniciar a andar, o percurso se torna cada vez mais leve. E lembre-se de que o grande proveito n\u00e3o est\u00e1 somente chegar no final do caminho, mas principalmente, no percurso. Aproveite cada parte do processo!<\/p>\n\n\n\n<p>Boa viagem!<br><\/p>\n\n\n\n<div class=\"wp-block-group alignwide\"><div class=\"wp-block-group__inner-container is-layout-flow wp-block-group-is-layout-flow\">\n<div class=\"wp-block-media-text alignwide is-stacked-on-mobile\" style=\"grid-template-columns:22% auto\"><figure class=\"wp-block-media-text__media\"><img loading=\"lazy\" decoding=\"async\" width=\"792\" height=\"1024\" src=\"https:\/\/uniplenaeducacional.com.br\/blog\/wp-content\/uploads\/2020\/03\/IngridDehnRodrigues-3-792x1024.jpeg\" alt=\"\" class=\"wp-image-67 size-full\" srcset=\"https:\/\/uniplenaeducacional.com.br\/blog\/wp-content\/uploads\/2020\/03\/IngridDehnRodrigues-3-792x1024.jpeg 792w, https:\/\/uniplenaeducacional.com.br\/blog\/wp-content\/uploads\/2020\/03\/IngridDehnRodrigues-3-232x300.jpeg 232w, https:\/\/uniplenaeducacional.com.br\/blog\/wp-content\/uploads\/2020\/03\/IngridDehnRodrigues-3-768x993.jpeg 768w, https:\/\/uniplenaeducacional.com.br\/blog\/wp-content\/uploads\/2020\/03\/IngridDehnRodrigues-3.jpeg 869w\" sizes=\"(max-width: 792px) 100vw, 792px\" \/><\/figure><div class=\"wp-block-media-text__content\">\n<p class=\"has-small-font-size\"><strong>Ingrid Dehn Rodrigues<\/strong> &#8211; trabalha na \u00e1rea da educa\u00e7\u00e3o h\u00e1 11 anos, professora h\u00e1 4 anos, graduada em Pedagogia pela FEUSP, p\u00f3s-gradua\u00e7\u00e3o em Educa\u00e7\u00e3o Infantil pela UNINOVE, atualmente \u00e9 professora de Educa\u00e7\u00e3o Infantil e Ensino Fundamental I na prefeitura de S\u00e3o Paulo. <\/p>\n<\/div><\/div>\n<\/div><\/div>\n","protected":false},"excerpt":{"rendered":"<p>Voc\u00ea sonha iniciar na profiss\u00e3o de professor e n\u00e3o sabe por onde come\u00e7ar? Saiba que n\u00e3o existe nenhum atalho para o sucesso, nem po\u00e7\u00e3o m\u00e1gica para alcan\u00e7armos nossos sonhos. Mas, se voc\u00ea est\u00e1 planejando ingressar&hellip;<\/p>\n<p><a class=\"readmore\" href=\"https:\/\/uniplenaeducacional.com.br\/blog\/atalhos-para-iniciar-como-professor-o-caminho-mais-facil\/\">Read More<\/a><\/p>\n","protected":false},"author":2,"featured_media":0,"comment_status":"open","ping_status":"open","sticky":false,"template":"","format":"standard","meta":{"footnotes":""},"categories":[1],"tags":[],"class_list":["post-195","post","type-post","status-publish","format-standard","hentry","category-educacao-basica"],"_links":{"self":[{"href":"https:\/\/uniplenaeducacional.com.br\/blog\/wp-json\/wp\/v2\/posts\/195"}],"collection":[{"href":"https:\/\/uniplenaeducacional.com.br\/blog\/wp-json\/wp\/v2\/posts"}],"about":[{"href":"https:\/\/uniplenaeducacional.com.br\/blog\/wp-json\/wp\/v2\/types\/post"}],"author":[{"embeddable":true,"href":"https:\/\/uniplenaeducacional.com.br\/blog\/wp-json\/wp\/v2\/users\/2"}],"replies":[{"embeddable":true,"href":"https:\/\/uniplenaeducacional.com.br\/blog\/wp-json\/wp\/v2\/comments?post=195"}],"version-history":[{"count":1,"href":"https:\/\/uniplenaeducacional.com.br\/blog\/wp-json\/wp\/v2\/posts\/195\/revisions"}],"predecessor-version":[{"id":196,"href":"https:\/\/uniplenaeducacional.com.br\/blog\/wp-json\/wp\/v2\/posts\/195\/revisions\/196"}],"wp:attachment":[{"href":"https:\/\/uniplenaeducacional.com.br\/blog\/wp-json\/wp\/v2\/media?parent=195"}],"wp:term":[{"taxonomy":"category","embeddable":true,"href":"https:\/\/uniplenaeducacional.com.br\/blog\/wp-json\/wp\/v2\/categories?post=195"},{"taxonomy":"post_tag","embeddable":true,"href":"https:\/\/uniplenaeducacional.com.br\/blog\/wp-json\/wp\/v2\/tags?post=195"}],"curies":[{"name":"wp","href":"https:\/\/api.w.org\/{rel}","templated":true}]}}