{"id":185,"date":"2020-07-01T00:01:00","date_gmt":"2020-07-01T00:01:00","guid":{"rendered":"https:\/\/uniplenaeducacional.com.br\/blog\/?p=185"},"modified":"2020-06-30T23:05:07","modified_gmt":"2020-06-30T23:05:07","slug":"esse-relatorio-pode-ser-a-resposta-definitiva-sobre-o-seu-inicio-de-carreira-como-professor","status":"publish","type":"post","link":"https:\/\/uniplenaeducacional.com.br\/blog\/esse-relatorio-pode-ser-a-resposta-definitiva-sobre-o-seu-inicio-de-carreira-como-professor\/","title":{"rendered":"Esse relat\u00f3rio pode ser a resposta definitiva sobre o seu in\u00edcio de carreira como professor"},"content":{"rendered":"\n<p>Muitas d\u00favidas envolvem o in\u00edcio da carreira como professor, principalmente se voc\u00ea estiver migrando de profiss\u00e3o, n\u00e3o \u00e9 mesmo?<\/p>\n\n\n\n<p>Mas n\u00e3o se preocupe, todas essas quest\u00f5es totalmente leg\u00edtimas podem ser resolvidas de maneira simples e eficaz.<\/p>\n\n\n\n<p>Para voc\u00ea que busca respostas para iniciar sua carreira como professor, leia este texto e saiba quais dicas ir\u00e3o te ajudar de forma definitiva!<\/p>\n\n\n\n<p><strong>D\u00ea in\u00edcio \u00e0 sua forma\u00e7\u00e3o<\/strong><\/p>\n\n\n\n<p>No caso de voc\u00ea possuir uma gradua\u00e7\u00e3o como bacharel ou tecn\u00f3logo, \u00e9 necess\u00e1rio iniciar uma forma\u00e7\u00e3o complementar para obter sua licenciatura e, assim, ser poss\u00edvel atuar como professor. Em alguns meses voc\u00ea consegue concluir essa forma\u00e7\u00e3o, chamada licenciatura para graduados R2, e dar in\u00edcio a sua sonhada carreira em sala de aula.<\/p>\n\n\n\n<p>Se voc\u00ea ainda n\u00e3o possui uma forma\u00e7\u00e3o no n\u00edvel superior, basta escolher em qual \u00e1rea da educa\u00e7\u00e3o deseja atuar. Caso tenha interesse na Educa\u00e7\u00e3o Infantil e nos anos iniciais do Ensino Fundamental, voc\u00ea pode deve realizar o curso de Pedagogia.<\/p>\n\n\n\n<p>Tendo interesse em atuar nos anos finais do Ensino Fundamental e no Ensino M\u00e9dio, \u00e9 necess\u00e1rio escolher uma das disciplinas de licenciatura, como L\u00edngua Portuguesa, Matem\u00e1tica, Biologia, Geografia, etc.<\/p>\n\n\n\n<p>O segredo \u00e9 dar in\u00edcio o quanto antes nos seus estudos, uma vez que o quanto mais r\u00e1pido come\u00e7ar seu curso, mais r\u00e1pido ir\u00e1 finaliz\u00e1-lo, alcan\u00e7ar sua forma\u00e7\u00e3o e conseguir dar <em>start<\/em> na sua carreira como professor!<\/p>\n\n\n\n<p><strong>&nbsp;Se antecipe aos principais desafios<\/strong><\/p>\n\n\n\n<p>Caso voc\u00ea j\u00e1 esteja com sua forma\u00e7\u00e3o conclu\u00edda, e esteja planejando iniciar sua carreira como professor, identifique os principais desafios que voc\u00ea ir\u00e1 enfrentar nesse in\u00edcio de profiss\u00e3o.<\/p>\n\n\n\n<p>Se, porventura, estiver migrando de profiss\u00e3o \u00e9 necess\u00e1rio adequar sua rotina \u00e0s necessidades da vida de professor, com hor\u00e1rios de estudo do curr\u00edculo da rede na qual ir\u00e1 atuar, planejamento e elabora\u00e7\u00e3o de aulas.<\/p>\n\n\n\n<p>Outro grande desafio para iniciar a carreira como professor \u00e9 ingressar num concurso p\u00fablico, e se este for seu objetivo se antecipe \u00e0s dificuldades iniciando uma rotina de estudo antes mesmo de sair o edital das provas, dessa forma estar\u00e1 mais preparado no momento em que iniciar o processo seletivo.<\/p>\n\n\n\n<p>Por fim, \u00e9 necess\u00e1rio tamb\u00e9m se antecipar ao grande desafio na carreira como professor que \u00e9 permanecer em constante forma\u00e7\u00e3o e especializa\u00e7\u00e3o, uma vez que nosso trabalho lida com o ser humano e com a sociedade, que est\u00e3o em constante transforma\u00e7\u00e3o.<\/p>\n\n\n\n<p><strong>Defina um plano de carreira<\/strong><\/p>\n\n\n\n<p>Outro ponto importante para iniciar sua carreira como professor, \u00e9 delimitar logo no in\u00edcio dela quais s\u00e3o seus objetivos na \u00e1rea da educa\u00e7\u00e3o, em qual \u00e1rea deseja atuar, onde e quais cargos pretendo alcan\u00e7ar, e mesmo que logo no in\u00edcio n\u00e3o seja poss\u00edvel atuar nas condi\u00e7\u00f5es que deseja, mantar o foco nos seus planos \u00e9 fundamental.<\/p>\n\n\n\n<p>No caso de ter como plano trabalhar na Educa\u00e7\u00e3o Infantil, por exemplo, o profissional de Pedagogia pode atuar na \u00e1rea dos anos iniciais do Ensino Fundamental antes de conseguir uma vaga na \u00e1rea desejada.<\/p>\n\n\n\n<p>Outra das metas a ser definidas s\u00e3o quais escolas tem como objetivo trabalhar, pois logo no come\u00e7o da carreira geralmente ingressamos nas vagas dispon\u00edveis, mas ao longo do percurso profissional temos a oportunidade de realizarmos transfer\u00eancias, novos processos seletivos, at\u00e9 que consiga trabalhar no local desejado.<\/p>\n\n\n\n<p>Al\u00e9m desses fatores, \u00e9 importante desenhar seu plano de carreira, em rela\u00e7\u00e3o aos cargos desejados, pois na carreira de professor \u00e9 poss\u00edvel alcan\u00e7armos cargos como Coordenador Pedag\u00f3gico, Diretor, Supervisor de escola, entre outros cargos administrativos, e para isso \u00e9 necess\u00e1rio um planejamento com tempo de trabalho no magist\u00e9rio, forma\u00e7\u00e3o acad\u00eamica,&nbsp; e experi\u00eancia profissional.<\/p>\n\n\n\n<p>Essas foram as dicas que fazem parte da resposta definitiva para voc\u00ea que est\u00e1 ingressando na carreira como professor.<\/p>\n\n\n\n<p>N\u00e3o desista de seus sonhos e planos, coloque-os em pr\u00e1tica agora mesmo!<\/p>\n\n\n\n<p>Boa sorte!<br><\/p>\n\n\n\n<div class=\"wp-block-group alignwide\"><div class=\"wp-block-group__inner-container is-layout-flow wp-block-group-is-layout-flow\">\n<div class=\"wp-block-media-text alignwide is-stacked-on-mobile\" style=\"grid-template-columns:22% auto\"><figure class=\"wp-block-media-text__media\"><img loading=\"lazy\" decoding=\"async\" width=\"792\" height=\"1024\" src=\"https:\/\/uniplenaeducacional.com.br\/blog\/wp-content\/uploads\/2020\/03\/IngridDehnRodrigues-3-792x1024.jpeg\" alt=\"\" class=\"wp-image-67 size-full\" srcset=\"https:\/\/uniplenaeducacional.com.br\/blog\/wp-content\/uploads\/2020\/03\/IngridDehnRodrigues-3-792x1024.jpeg 792w, https:\/\/uniplenaeducacional.com.br\/blog\/wp-content\/uploads\/2020\/03\/IngridDehnRodrigues-3-232x300.jpeg 232w, https:\/\/uniplenaeducacional.com.br\/blog\/wp-content\/uploads\/2020\/03\/IngridDehnRodrigues-3-768x993.jpeg 768w, https:\/\/uniplenaeducacional.com.br\/blog\/wp-content\/uploads\/2020\/03\/IngridDehnRodrigues-3.jpeg 869w\" sizes=\"(max-width: 792px) 100vw, 792px\" \/><\/figure><div class=\"wp-block-media-text__content\">\n<p class=\"has-small-font-size\"><strong>Ingrid Dehn Rodrigues<\/strong> &#8211; trabalha na \u00e1rea da educa\u00e7\u00e3o h\u00e1 11 anos, professora h\u00e1 4 anos, graduada em Pedagogia pela FEUSP, p\u00f3s-gradua\u00e7\u00e3o em Educa\u00e7\u00e3o Infantil pela UNINOVE, atualmente \u00e9 professora de Educa\u00e7\u00e3o Infantil e Ensino Fundamental I na prefeitura de S\u00e3o Paulo. <\/p>\n<\/div><\/div>\n<\/div><\/div>\n","protected":false},"excerpt":{"rendered":"<p>Muitas d\u00favidas envolvem o in\u00edcio da carreira como professor, principalmente se voc\u00ea estiver migrando de profiss\u00e3o, n\u00e3o \u00e9 mesmo? Mas n\u00e3o se preocupe, todas essas quest\u00f5es totalmente leg\u00edtimas podem ser resolvidas de maneira simples e&hellip;<\/p>\n<p><a class=\"readmore\" href=\"https:\/\/uniplenaeducacional.com.br\/blog\/esse-relatorio-pode-ser-a-resposta-definitiva-sobre-o-seu-inicio-de-carreira-como-professor\/\">Read More<\/a><\/p>\n","protected":false},"author":2,"featured_media":0,"comment_status":"open","ping_status":"open","sticky":false,"template":"","format":"standard","meta":{"footnotes":""},"categories":[1],"tags":[],"class_list":["post-185","post","type-post","status-publish","format-standard","hentry","category-educacao-basica"],"_links":{"self":[{"href":"https:\/\/uniplenaeducacional.com.br\/blog\/wp-json\/wp\/v2\/posts\/185"}],"collection":[{"href":"https:\/\/uniplenaeducacional.com.br\/blog\/wp-json\/wp\/v2\/posts"}],"about":[{"href":"https:\/\/uniplenaeducacional.com.br\/blog\/wp-json\/wp\/v2\/types\/post"}],"author":[{"embeddable":true,"href":"https:\/\/uniplenaeducacional.com.br\/blog\/wp-json\/wp\/v2\/users\/2"}],"replies":[{"embeddable":true,"href":"https:\/\/uniplenaeducacional.com.br\/blog\/wp-json\/wp\/v2\/comments?post=185"}],"version-history":[{"count":1,"href":"https:\/\/uniplenaeducacional.com.br\/blog\/wp-json\/wp\/v2\/posts\/185\/revisions"}],"predecessor-version":[{"id":186,"href":"https:\/\/uniplenaeducacional.com.br\/blog\/wp-json\/wp\/v2\/posts\/185\/revisions\/186"}],"wp:attachment":[{"href":"https:\/\/uniplenaeducacional.com.br\/blog\/wp-json\/wp\/v2\/media?parent=185"}],"wp:term":[{"taxonomy":"category","embeddable":true,"href":"https:\/\/uniplenaeducacional.com.br\/blog\/wp-json\/wp\/v2\/categories?post=185"},{"taxonomy":"post_tag","embeddable":true,"href":"https:\/\/uniplenaeducacional.com.br\/blog\/wp-json\/wp\/v2\/tags?post=185"}],"curies":[{"name":"wp","href":"https:\/\/api.w.org\/{rel}","templated":true}]}}