{"id":172,"date":"2020-06-10T00:01:00","date_gmt":"2020-06-10T00:01:00","guid":{"rendered":"https:\/\/uniplenaeducacional.com.br\/blog\/?p=172"},"modified":"2020-06-01T21:41:15","modified_gmt":"2020-06-01T21:41:15","slug":"incrivel-veja-como-profissionais-de-outras-areas-estao-migrando-para-a-educacao","status":"publish","type":"post","link":"https:\/\/uniplenaeducacional.com.br\/blog\/incrivel-veja-como-profissionais-de-outras-areas-estao-migrando-para-a-educacao\/","title":{"rendered":"Incr\u00edvel \u2013 Veja como profissionais de outras \u00e1reas est\u00e3o migrando para a educa\u00e7\u00e3o"},"content":{"rendered":"\n<p>Atualmente muitos profissionais est\u00e3o buscando uma nova oportunidade no mercado de trabalho ingressando na carreira da educa\u00e7\u00e3o.<\/p>\n\n\n\n<p>Por ser uma carreira atrativa, com diversas vantagens e bons motivos para segui-la, cada vez mais pessoas est\u00e3o optando por se tornarem professor.<\/p>\n\n\n\n<p>Se voc\u00ea est\u00e1 pensando em realizar um curso de licenciatura para ingressar na carreira, confira este texto e conhe\u00e7a alguns dados interessantes sobre como os profissionais de diversas \u00e1reas tamb\u00e9m est\u00e3o migrando para a educa\u00e7\u00e3o.<\/p>\n\n\n\n<h1 class=\"wp-block-heading\"><strong>Brasil est\u00e1 entre os pa\u00edses que mais formam professores<\/strong><\/h1>\n\n\n\n<p>As estat\u00edsticas educacionais apontam que o Brasil est\u00e1 entre os pa\u00edses que mais formam professores, apesar dos desafios presentes na carreira docente, as condi\u00e7\u00f5es favor\u00e1veis ainda prevalecem quando colocados na balan\u00e7a.<\/p>\n\n\n\n<p>De acordo com o relat\u00f3rio do \u00f3rg\u00e3o respons\u00e1vel desta pesquisa 20% dos brasileiros graduados em 2015 optaram pela carreira na educa\u00e7\u00e3o, o que seria o dobro da m\u00e9dia da Organiza\u00e7\u00e3o para a Coopera\u00e7\u00e3o e Desenvolvimento Econ\u00f4mico (OCDE).<\/p>\n\n\n\n<p>Al\u00e9m disso, de acordo com o Censo Escolar da Educa\u00e7\u00e3o B\u00e1sica 2019, realizado pelo Instituto Nacional de Estudos e Pesquisas Educacionais An\u00edsio Teixeira (Inep), o Brasil tem 1,4 milh\u00e3o de docentes em atividade nas salas de aula do ensino fundamental, sendo que 83,2% realizaram a forma\u00e7\u00e3o em licenciatura, um percentual que vem crescendo nos \u00faltimos anos.<\/p>\n\n\n\n<p><strong>As carreiras do futuro exigem flexibilidade<\/strong><\/p>\n\n\n\n<p>Os profissionais do futuro precisam estar abertos para migrar para outras \u00e1reas, e muitas pessoas j\u00e1 est\u00e3o se antecipando a essa realidade ao investirem numa carreira de professor.<\/p>\n\n\n\n<p>Uma vez que as inova\u00e7\u00f5es sociais exigem que nos tornemos cada vez mais flex\u00edveis para experimentar novas viv\u00eancias, nos adequar ao mercado, e adquirir uma combina\u00e7\u00e3o de conhecimentos cada vez maior ser\u00e1 uma das exig\u00eancias.<\/p>\n\n\n\n<p>E combinar de conhecimentos \u00e9 caracter\u00edstico na carreira de professor, uma vez que est\u00e1 continuamente aprendendo para ensinar, somando \u00e0 sua forma\u00e7\u00e3o inicial diversas outras habilidades que enriquecem a sua aula, como novas tecnologias, novas teorias, entre outras coisas.<\/p>\n\n\n\n<p>Assim, migrar para a carreira de professor demonstra uma predisposi\u00e7\u00e3o dos profissionais que est\u00e3o pensando no futuro, que percebem a import\u00e2ncia de continuar estudando, estar preparado para transitar entre diferentes \u00e1reas, e principalmente em algo que faz sentido.<\/p>\n\n\n\n<h3 class=\"wp-block-heading\"><strong>Busca da profiss\u00e3o por ideais sociais<\/strong><\/h3>\n\n\n\n<p>Muitos profissionais tamb\u00e9m t\u00eam ingressado na carreira por sua caracter\u00edstica de agente de mudan\u00e7as sociais, acreditando que podem contribuir com a sociedade melhorando a educa\u00e7\u00e3o a partir de seu trabalho.<\/p>\n\n\n\n<p>Assim, apesar de terem iniciado sua carreira em outra profiss\u00e3o, ao longo da trajet\u00f3ria de vida, percebem o quanto podem contribuir com suas habilidades e compet\u00eancias para a educa\u00e7\u00e3o.<\/p>\n\n\n\n<p>Dessa forma, a busca \u00e9 refletida pelo retorno n\u00e3o apenas financeiro e profissional, o ganho tamb\u00e9m \u00e9 s\u00f3cio afetivo, pois essa profiss\u00e3o concede ao educador uma realiza\u00e7\u00e3o atrav\u00e9s dos relacionamentos, das conquistas e aprendizagens com os alunos.<\/p>\n\n\n\n<p>O ponto positivo \u00e9 que \u00e9 poss\u00edvel ingressar na carreira de professor sem deixar de atuar na forma\u00e7\u00e3o inicial, uma vez que a jornada de trabalho do professor \u00e9 totalmente flex\u00edvel e permite outras atividades concomitantes.<\/p>\n\n\n\n<p><strong>Como realizar essa migra\u00e7\u00e3o para uma carreira na educa\u00e7\u00e3o?<\/strong><\/p>\n\n\n\n<p>\u00c9 necess\u00e1rio, em primeiro lugar, um planejamento financeiro tanto para o investimento na forma\u00e7\u00e3o, quanto para uma reserva para futuras necessidades decorrentes da transi\u00e7\u00e3o.<\/p>\n\n\n\n<p>Em segundo lugar \u00e9 necess\u00e1rio um planejamento do tempo, para conseguir manter uma rotina aliando os estudos e o trabalho, al\u00e9m das atividades do cotidiano.<\/p>\n\n\n\n<p>No caso do profissional j\u00e1 possuir uma gradua\u00e7\u00e3o \u00e9 poss\u00edvel fazer uma complementa\u00e7\u00e3o de licenciatura para graduados, que utiliza o curso de forma\u00e7\u00e3o inicial, e de acordo com a sua especialidade permite a habilita\u00e7\u00e3o uma das \u00e1reas da licenciatura.<\/p>\n\n\n\n<p>Para os profissionais sem gradua\u00e7\u00e3o basta escolher entre o curso de Pedagogia, para atuar na Educa\u00e7\u00e3o Infantil, nos anos inicias do Ensino Fundamental e na Educa\u00e7\u00e3o de Jovens e Adultos, ou uma licenciatura na sua \u00e1rea de maior interesse, permitindo ensinar nos anos finais do Ensino Fundamental (6\u00ba ao 9\u00ba ano), no Ensino M\u00e9dio, no Ensino de Jovens e Adultos, no Ensino T\u00e9cnico, em institui\u00e7\u00f5es de Educa\u00e7\u00e3o Profissionalizante, Educa\u00e7\u00e3o Inclusiva, e Educa\u00e7\u00e3o \u00e0 Dist\u00e2ncia.<\/p>\n\n\n\n<p><strong>Comece agora mesmo!<\/strong><\/p>\n\n\n\n<p>Agora que voc\u00ea j\u00e1 sabe como os profissionais de outras \u00e1reas est\u00e3o migrando para uma carreira na educa\u00e7\u00e3o, \u00e9 s\u00f3 escolher o curso que mais se adequa \u00e0s suas necessidades e come\u00e7ar agora mesmo!<\/p>\n\n\n\n<p>Nesse per\u00edodo em que estamos vivendo muitas mudan\u00e7as ser\u00e3o necess\u00e1rias e novas oportunidades ir\u00e3o surgir.<\/p>\n\n\n\n<p>Esteja preparado para o novo!<br><\/p>\n\n\n\n<div class=\"wp-block-group alignwide\"><div class=\"wp-block-group__inner-container is-layout-flow wp-block-group-is-layout-flow\">\n<div class=\"wp-block-media-text alignwide is-stacked-on-mobile\" style=\"grid-template-columns:22% auto\"><figure class=\"wp-block-media-text__media\"><img loading=\"lazy\" decoding=\"async\" width=\"792\" height=\"1024\" src=\"https:\/\/uniplenaeducacional.com.br\/blog\/wp-content\/uploads\/2020\/03\/IngridDehnRodrigues-3-792x1024.jpeg\" alt=\"\" class=\"wp-image-67 size-full\" srcset=\"https:\/\/uniplenaeducacional.com.br\/blog\/wp-content\/uploads\/2020\/03\/IngridDehnRodrigues-3-792x1024.jpeg 792w, https:\/\/uniplenaeducacional.com.br\/blog\/wp-content\/uploads\/2020\/03\/IngridDehnRodrigues-3-232x300.jpeg 232w, https:\/\/uniplenaeducacional.com.br\/blog\/wp-content\/uploads\/2020\/03\/IngridDehnRodrigues-3-768x993.jpeg 768w, https:\/\/uniplenaeducacional.com.br\/blog\/wp-content\/uploads\/2020\/03\/IngridDehnRodrigues-3.jpeg 869w\" sizes=\"(max-width: 792px) 100vw, 792px\" \/><\/figure><div class=\"wp-block-media-text__content\">\n<p class=\"has-small-font-size\"><strong>Ingrid Dehn Rodrigues<\/strong> &#8211; trabalha na \u00e1rea da educa\u00e7\u00e3o h\u00e1 11 anos, professora h\u00e1 4 anos, graduada em Pedagogia pela FEUSP, p\u00f3s-gradua\u00e7\u00e3o em Educa\u00e7\u00e3o Infantil pela UNINOVE, atualmente \u00e9 professora de Educa\u00e7\u00e3o Infantil e Ensino Fundamental I na prefeitura de S\u00e3o Paulo. <\/p>\n<\/div><\/div>\n<\/div><\/div>\n","protected":false},"excerpt":{"rendered":"<p>Atualmente muitos profissionais est\u00e3o buscando uma nova oportunidade no mercado de trabalho ingressando na carreira da educa\u00e7\u00e3o. Por ser uma carreira atrativa, com diversas vantagens e bons motivos para segui-la, cada vez mais pessoas est\u00e3o&hellip;<\/p>\n<p><a class=\"readmore\" href=\"https:\/\/uniplenaeducacional.com.br\/blog\/incrivel-veja-como-profissionais-de-outras-areas-estao-migrando-para-a-educacao\/\">Read More<\/a><\/p>\n","protected":false},"author":2,"featured_media":0,"comment_status":"open","ping_status":"open","sticky":false,"template":"","format":"standard","meta":{"footnotes":""},"categories":[1],"tags":[],"class_list":["post-172","post","type-post","status-publish","format-standard","hentry","category-educacao-basica"],"_links":{"self":[{"href":"https:\/\/uniplenaeducacional.com.br\/blog\/wp-json\/wp\/v2\/posts\/172"}],"collection":[{"href":"https:\/\/uniplenaeducacional.com.br\/blog\/wp-json\/wp\/v2\/posts"}],"about":[{"href":"https:\/\/uniplenaeducacional.com.br\/blog\/wp-json\/wp\/v2\/types\/post"}],"author":[{"embeddable":true,"href":"https:\/\/uniplenaeducacional.com.br\/blog\/wp-json\/wp\/v2\/users\/2"}],"replies":[{"embeddable":true,"href":"https:\/\/uniplenaeducacional.com.br\/blog\/wp-json\/wp\/v2\/comments?post=172"}],"version-history":[{"count":1,"href":"https:\/\/uniplenaeducacional.com.br\/blog\/wp-json\/wp\/v2\/posts\/172\/revisions"}],"predecessor-version":[{"id":173,"href":"https:\/\/uniplenaeducacional.com.br\/blog\/wp-json\/wp\/v2\/posts\/172\/revisions\/173"}],"wp:attachment":[{"href":"https:\/\/uniplenaeducacional.com.br\/blog\/wp-json\/wp\/v2\/media?parent=172"}],"wp:term":[{"taxonomy":"category","embeddable":true,"href":"https:\/\/uniplenaeducacional.com.br\/blog\/wp-json\/wp\/v2\/categories?post=172"},{"taxonomy":"post_tag","embeddable":true,"href":"https:\/\/uniplenaeducacional.com.br\/blog\/wp-json\/wp\/v2\/tags?post=172"}],"curies":[{"name":"wp","href":"https:\/\/api.w.org\/{rel}","templated":true}]}}