{"id":158,"date":"2020-06-03T00:01:00","date_gmt":"2020-06-03T00:01:00","guid":{"rendered":"https:\/\/uniplenaeducacional.com.br\/blog\/?p=158"},"modified":"2020-05-21T16:19:14","modified_gmt":"2020-05-21T16:19:14","slug":"principios-da-evolucao-funcional-para-professores-de-sp","status":"publish","type":"post","link":"https:\/\/uniplenaeducacional.com.br\/blog\/principios-da-evolucao-funcional-para-professores-de-sp\/","title":{"rendered":"Princ\u00edpios da Evolu\u00e7\u00e3o Funcional para Professores de SP"},"content":{"rendered":"\n<p>A Educa\u00e7\u00e3o aprimorou as regras para aumento do sal\u00e1rio dos professores em mais 5% por meio de qualifica\u00e7\u00f5es adquiridas por meio de qualifica\u00e7\u00f5es ao longo da carreira.&nbsp;<br><\/p>\n\n\n\n<p>A medida que regulamenta a evolu\u00e7\u00e3o funcional dos servidores do quadro do magist\u00e9rio \u00e9 resultado da atua\u00e7\u00e3o Educa\u00e7\u00e3o em parceria com as entidades de classe.&nbsp;<br><\/p>\n\n\n\n<p>O trabalho em conjunto j\u00e1 concretizou o in\u00e9dito plano de carreira e a pol\u00edtica salarial. Citaremos as 03 evolu\u00e7\u00f5es funcionais logo abaixo, bem como iremos entender um pouco mais sobre cada uma delas.&nbsp;&nbsp;<br><\/p>\n\n\n\n<p>Lembrando que as o plano de carreira institu\u00eddo pela L.C. n\u00ba 836\/97, alterado pela LC 958\/04, define a evolu\u00e7\u00e3o funcional como a passagem do integrante do QM para n\u00edvel de retribui\u00e7\u00e3o superior da respectiva classe, mediante \u00e0 avalia\u00e7\u00e3o de indicadores de crescimento da capacidade potencial de trabalho do profissional do ensino.&nbsp;<br><\/p>\n\n\n\n<p>Cada uma dessas evolu\u00e7\u00f5es possuem regras espec\u00edficas baseadas em condi\u00e7\u00f5es e pontua\u00e7\u00f5es.<br><\/p>\n\n\n\n<p>Vejamos quais s\u00e3o e o que cada uma significa:&nbsp;<br><\/p>\n\n\n\n<p><strong>#1 &#8211; A Evolu\u00e7\u00e3o Funcional para Professores do Estado de S\u00e3o Paulo<\/strong><br><\/p>\n\n\n\n<p>Com o t\u00e9rmino do curso de seu Mestrado o Professor possui 15% de possibilidade de um aumento ao t\u00e9rmino desse curso, ou no caso do curso de Doutorado, o Professor possui 20% ao t\u00e9rmino desse curso.&nbsp;<br><\/p>\n\n\n\n<p>A Evolu\u00e7\u00e3o N\u00e3o Acad\u00eamica, tamb\u00e9m \u00e9&nbsp; tamb\u00e9m baseada em t\u00edtulos da forma\u00e7\u00e3o que o Professor segue em frente, por exemplo, \u00e9 considerado um t\u00edtulo para a evolu\u00e7\u00e3o n\u00e3o acad\u00eamica: uma segunda gradua\u00e7\u00e3o, outros cursos de licenciatura, especializa\u00e7\u00e3o e tamb\u00e9m cursos que s\u00e3o homologados pela EFAP (Escola de Forma\u00e7\u00e3o e Aperfei\u00e7oamento de Professores do Estado de S\u00e3o Paulo).&nbsp;&nbsp;<br><\/p>\n\n\n\n<p>A Evolu\u00e7\u00e3o por M\u00e9rito, ela possui regras espec\u00edficas, essa prova ocorre a cada tr\u00eas anos, onde o Professor realiza uma prova, que aborda os conhecimentos pedag\u00f3gicos e conhecimentos relativos \u00e0 sua pr\u00f3pria disciplina.&nbsp;<br><\/p>\n\n\n\n<p>No caso da prova de M\u00e9rito, temos em torno de 10,5% de oportunidade de aumento. Al\u00e9m dessas tr\u00eas Evolu\u00e7\u00f5es, o Professor pode ter aumentos salariais baseados em:<br><\/p>\n\n\n\n<p>\u00fc&nbsp; Quinqu\u00eanio<\/p>\n\n\n\n<p>\u00fc&nbsp; Sexta Parte<br><\/p>\n\n\n\n<p>O que s\u00e3o cada um desses?<br><\/p>\n\n\n\n<p>No quinqu\u00eanio a cada cinco anos, o Professor tem um aumento de 5% referente ao seu sal\u00e1rio base.<br><\/p>\n\n\n\n<p>J\u00e1 na sexta parte, ao completar 20 anos de efetivo exerc\u00edcio, o professor tem um aumento de 20% em cima de sua base salarial.<br><\/p>\n\n\n\n<p>O mais importante \u00e9 saber que no caso da Secretaria da Educa\u00e7\u00e3o do Estado de S\u00e3o Paulo, existe uma tabela de 64 n\u00edveis de sal\u00e1rios, onde existem evolu\u00e7\u00f5es horizontais e evolu\u00e7\u00f5es verticais.&nbsp;&nbsp;<br><\/p>\n\n\n\n<p>Com o Mestrado e o Doutorado,&nbsp; consigo evolu\u00e7\u00f5es horizontais.&nbsp; J\u00e1 no caso da prova de m\u00e9rito, consigo evolu\u00e7\u00f5es verticais.&nbsp;&nbsp;<br><\/p>\n\n\n\n<p>Dessa maneira, conforme o Professor vai montando o segmento da sua carreira, ele consegue avan\u00e7ar em n\u00edveis salariais.<\/p>\n\n\n\n<p><strong>#2 &#8211; A Evolu\u00e7\u00e3o Funcional para Professores da Prefeitura do Estado de S\u00e3o Paulo:<\/strong><br><\/p>\n\n\n\n<p>As vantagens que cada n\u00edvel pode conseguir. Por exemplo, quando se fala em evolu\u00e7\u00e3o por tempo, simplesmente ao passar de um determinado per\u00edodo de 2, 3, 4 anos o Professor conta os dias trabalhados.<br><\/p>\n\n\n\n<p>J\u00e1 no caso da evolu\u00e7\u00e3o por t\u00edtulos, est\u00e3o abordadas as gradua\u00e7\u00f5es, que o professor possa vir a fazer em especializa\u00e7\u00f5es, mestrado e doutorado, e tamb\u00e9m cursos homologados dentro da pr\u00f3pria Prefeitura.<br><\/p>\n\n\n\n<p>E no caso da somat\u00f3ria de t\u00edtulos e tempo, se verifica o que \u00e9 mais vantajoso para o professor, porque todo esse processo independente se voc\u00ea utiliza tempo, t\u00edtulos ou tempo + t\u00edtulos deve ser enquadrado numa tabela que vai definir voc\u00ea passar de uma faixa para outra.<br><\/p>\n\n\n\n<p>Na Prefeitura existem 22 faixas poss\u00edveis, do professor ter esses aumentos salariais, o professor de educa\u00e7\u00e3o infantil, e do fundamental I, ele inicia-se na faixa 11. J\u00e1 o professor do fundamental II e m\u00e9dio, inicia-se na faixa 13.<br><\/p>\n\n\n\n<p>O mais importante \u00e9 que o professor deve saber \u00e9 que ap\u00f3s o est\u00e1gio probat\u00f3rio, que \u00e9 o per\u00edodo de tr\u00eas anos o professor pode dar um salto significativo, independente se voc\u00ea est\u00e1 na faixa 11 ou na faixa 13, voc\u00ea pode passar at\u00e9 a faixa 18.<br><\/p>\n\n\n\n<p>Mas como \u00e9 feita essa passagem de uma faixa maior, voc\u00ea pode pular essas faixas, assim voc\u00ea acumula t\u00edtulos, especializa\u00e7\u00f5es, e gradua\u00e7\u00f5es. Ou seja, cursos que s\u00e3o homologados pelo sindicato.<br><\/p>\n\n\n\n<p>Ap\u00f3s o estado probat\u00f3rio voc\u00ea pode dar um salto significativo tanto na faixa 11 para faixa 18, como da faixa 13 para a faixa 18.<br><\/p>\n\n\n\n<p>As pr\u00f3ximas evolu\u00e7\u00f5es j\u00e1 n\u00e3o existe essa possibilidade, voc\u00ea vai passando faixa por faixa.<\/p>\n\n\n\n<p>Ent\u00e3o inicialmente, \u00e9 muito importante o professor concentrar cursos para que ele possa ter t\u00edtulos e utilizar nesse primeiro salto, ap\u00f3s o estado probat\u00f3rio.<br><\/p>\n\n\n\n<p>Cada evolu\u00e7\u00e3o tem um valor de cerca de 6,5% a cada faixa que voc\u00ea vai evoluindo. \u00c9 l\u00f3gico, n\u00e3o devemos nos esquecer de tamb\u00e9m que existem os quinqu\u00eanios que s\u00e3o gratifica\u00e7\u00f5es a cada 5 anos no sal\u00e1rio base do professor.&nbsp;<br><\/p>\n\n\n\n<p>E tamb\u00e9m a sexta parte, que \u00e9 o incremento de 20% no sal\u00e1rio base professor ap\u00f3s 20 anos de efetivo exerc\u00edcio.&nbsp;<br><\/p>\n\n\n\n<p>Existem professores que j\u00e1 est\u00e3o na final da faixa entre 8 e 10 mil reais \u00e9 a m\u00e9dia salarial que o professor pode obter. \u00c9 l\u00f3gico que depende da forma\u00e7\u00e3o e do caminho que o Professor utilizou para a sua evolu\u00e7\u00e3o funcional.<\/p>\n\n\n\n<p><strong>#3 &#8211; Evolu\u00e7\u00e3o Funcional para Professores da ETEC (Escolas T\u00e9cnicas) de S\u00e3o Paulo:<\/strong><br><\/p>\n\n\n\n<p>Ela passa por algumas etapas, ela ocorre a cada dois anos, sendo que anualmente o professor passa por alguma avalia\u00e7\u00e3o. Essas avalia\u00e7\u00f5es s\u00e3o feitas da seguinte maneira:<br><\/p>\n\n\n\n<ul class=\"wp-block-list\"><li>A primeira delas passa pela avalia\u00e7\u00e3o do superior imediato que consta 40% do peso dessa avalia\u00e7\u00e3o;<\/li><li>O segundo item \u00e9 a autoavalia\u00e7\u00e3o que \u00e9 10% desta somat\u00f3ria;<\/li><li>O terceiro item s\u00e3o os resultados indicadores que a unidade escolar conseguiu dentro desse per\u00edodo que representa 20%;<\/li><li>O \u00faltimo item, que \u00e9 muito importante \u00e9 sobre a atualiza\u00e7\u00e3o profissional do professor, que tem um peso de 30%.<\/li><\/ul>\n\n\n\n<p>Esse \u00faltimo item \u00e9 muito importante porque o professor pode melhorar a sua condi\u00e7\u00e3o, a sua forma\u00e7\u00e3o atrav\u00e9s de outros cursos fazendo, por exemplo, uma segunda gradua\u00e7\u00e3o, seja um bacharelado, seja uma licenciatura, seja uma especializa\u00e7\u00e3o, onde esses 30% se tornem mais efetivos.<br><\/p>\n\n\n\n<p>Essas promo\u00e7\u00f5es ocorrem em faixas horizontais que representam 15 faixas sendo que cada faixa corresponde a 5% de aumento no sal\u00e1rio base do professor.<br><\/p>\n\n\n\n<p>E verticalmente, onde s\u00e3o abordados 6 n\u00edveis, s\u00f3 que na promo\u00e7\u00e3o vertical \u00e9 poss\u00edvel o professor ter um aumento de 12%, na promo\u00e7\u00e3o, onde corresponde os 12% s\u00e3o abordados os 6 n\u00edveis, e entre um n\u00edvel e o outro, voc\u00ea pode apresentar novas titula\u00e7\u00f5es que o professor vem a desenvolver, ent\u00e3o, por exemplo: um curso de mestrado, doutorado, um curso de p\u00f3s-doutorado, permite que o professor possa caminhar nesses n\u00edveis verticais.<br><\/p>\n\n\n\n<p>Com isso, conclu\u00edmos que as Evolu\u00e7\u00f5es Funcionais que um Professor pode alcan\u00e7ar foram desenvolvidas para permitir que um Professor tenha um aumento salarial, e que ele (a) tenha um crescimento da capacidade potencial de trabalho profissional do ensino.&nbsp;<br><\/p>\n\n\n\n<p>Esperamos que esse apanhado de informa\u00e7\u00f5es a respeito dos tipos de Evolu\u00e7\u00f5es Funcionais que existem, abrem um leque de possibilidades para voc\u00eas Professores e permita que voc\u00eas potencializam suas carreiras e tenham a oportunidade de um aumento salarial consider\u00e1vel.<br><\/p>\n\n\n\n<div class=\"wp-block-group alignwide\"><div class=\"wp-block-group__inner-container is-layout-flow wp-block-group-is-layout-flow\">\n<div class=\"wp-block-group alignwide\"><div class=\"wp-block-group__inner-container is-layout-flow wp-block-group-is-layout-flow\">\n<div class=\"wp-block-media-text alignwide is-stacked-on-mobile\" style=\"grid-template-columns:17% auto\"><figure class=\"wp-block-media-text__media\"><img loading=\"lazy\" decoding=\"async\" width=\"960\" height=\"960\" src=\"https:\/\/uniplenaeducacional.com.br\/blog\/wp-content\/uploads\/2020\/05\/Perfil.jpg\" alt=\"\" class=\"wp-image-159 size-full\" srcset=\"https:\/\/uniplenaeducacional.com.br\/blog\/wp-content\/uploads\/2020\/05\/Perfil.jpg 960w, https:\/\/uniplenaeducacional.com.br\/blog\/wp-content\/uploads\/2020\/05\/Perfil-300x300.jpg 300w, https:\/\/uniplenaeducacional.com.br\/blog\/wp-content\/uploads\/2020\/05\/Perfil-150x150.jpg 150w, https:\/\/uniplenaeducacional.com.br\/blog\/wp-content\/uploads\/2020\/05\/Perfil-768x768.jpg 768w\" sizes=\"(max-width: 960px) 100vw, 960px\" \/><\/figure><div class=\"wp-block-media-text__content\">\n<p><strong>Equipe &#8211; Uniplena Educacional<\/strong> &#8211; nosso prop\u00f3sito \u00e9 ajudar na forma\u00e7\u00e3o e evolu\u00e7\u00e3o de professores atrav\u00e9s de um plano de carreira focado em educa\u00e7\u00e3o continuada. Como Instituto Educacional, atuamos nesse mercado a mais de 6 anos, tendo formando em m\u00e9dia 5.000 professores em todo o Brasil. Trabalhamos em parceria com diversas faculdades credenciadas no MEC, com polos em S\u00e3o Paulo, Rio de Janeiro, Belo Horizonte e Goi\u00e1s.<\/p>\n<\/div><\/div>\n<\/div><\/div>\n<\/div><\/div>\n\n\n\n<p><\/p>\n","protected":false},"excerpt":{"rendered":"<p>A Educa\u00e7\u00e3o aprimorou as regras para aumento do sal\u00e1rio dos professores em mais 5% por meio de qualifica\u00e7\u00f5es adquiridas por meio de qualifica\u00e7\u00f5es ao longo da carreira.&nbsp; A medida que regulamenta a evolu\u00e7\u00e3o funcional dos&hellip;<\/p>\n<p><a class=\"readmore\" href=\"https:\/\/uniplenaeducacional.com.br\/blog\/principios-da-evolucao-funcional-para-professores-de-sp\/\">Read More<\/a><\/p>\n","protected":false},"author":1,"featured_media":0,"comment_status":"open","ping_status":"open","sticky":false,"template":"","format":"standard","meta":{"footnotes":""},"categories":[1],"tags":[],"class_list":["post-158","post","type-post","status-publish","format-standard","hentry","category-educacao-basica"],"_links":{"self":[{"href":"https:\/\/uniplenaeducacional.com.br\/blog\/wp-json\/wp\/v2\/posts\/158"}],"collection":[{"href":"https:\/\/uniplenaeducacional.com.br\/blog\/wp-json\/wp\/v2\/posts"}],"about":[{"href":"https:\/\/uniplenaeducacional.com.br\/blog\/wp-json\/wp\/v2\/types\/post"}],"author":[{"embeddable":true,"href":"https:\/\/uniplenaeducacional.com.br\/blog\/wp-json\/wp\/v2\/users\/1"}],"replies":[{"embeddable":true,"href":"https:\/\/uniplenaeducacional.com.br\/blog\/wp-json\/wp\/v2\/comments?post=158"}],"version-history":[{"count":1,"href":"https:\/\/uniplenaeducacional.com.br\/blog\/wp-json\/wp\/v2\/posts\/158\/revisions"}],"predecessor-version":[{"id":161,"href":"https:\/\/uniplenaeducacional.com.br\/blog\/wp-json\/wp\/v2\/posts\/158\/revisions\/161"}],"wp:attachment":[{"href":"https:\/\/uniplenaeducacional.com.br\/blog\/wp-json\/wp\/v2\/media?parent=158"}],"wp:term":[{"taxonomy":"category","embeddable":true,"href":"https:\/\/uniplenaeducacional.com.br\/blog\/wp-json\/wp\/v2\/categories?post=158"},{"taxonomy":"post_tag","embeddable":true,"href":"https:\/\/uniplenaeducacional.com.br\/blog\/wp-json\/wp\/v2\/tags?post=158"}],"curies":[{"name":"wp","href":"https:\/\/api.w.org\/{rel}","templated":true}]}}