{"id":144,"date":"2020-05-15T00:01:00","date_gmt":"2020-05-15T00:01:00","guid":{"rendered":"https:\/\/uniplenaeducacional.com.br\/blog\/?p=144"},"modified":"2020-05-13T21:57:50","modified_gmt":"2020-05-13T21:57:50","slug":"5-mitos-que-voce-ja-ouviu-sobre-a-carreira-de-professor","status":"publish","type":"post","link":"https:\/\/uniplenaeducacional.com.br\/blog\/5-mitos-que-voce-ja-ouviu-sobre-a-carreira-de-professor\/","title":{"rendered":"5 mitos que voc\u00ea j\u00e1 ouviu sobre a carreira de professor"},"content":{"rendered":"<p><span style=\"font-weight: 400;\">Existem diversas ideias pr\u00e9-estabelecidas acerca da carreira de professor e voc\u00ea j\u00e1 deve ter escutado uma por\u00e7\u00e3o delas, n\u00e3o \u00e9 mesmo?<\/span><\/p>\n<p><span style=\"font-weight: 400;\">A boa not\u00edcia \u00e9 que a maioria n\u00e3o passa de uma vis\u00e3o distorcida ou negativa a respeito da profiss\u00e3o, e esses mitos espalhados ao vento v\u00e3o criando for\u00e7a, pois como bem sabemos uma mentira repetida mil vezes torna-se verdade.<\/span><\/p>\n<p><span style=\"font-weight: 400;\">Confira neste texto alguns mitos que circulam por a\u00ed, e entenda o motivo de n\u00e3o serem verdadeiros.<\/span><\/p>\n<p><span style=\"font-weight: 400;\">Vamos l\u00e1!<\/span><\/p>\n<p><b>1 &#8211; \u201cPara ser professor precisa gostar de crian\u00e7as\u201d<\/b><\/p>\n<p><span style=\"font-weight: 400;\">Esse mito \u00e9 um dos primeiros com que nos deparamos ao discutir a profiss\u00e3o de professor, principalmente com algu\u00e9m que ainda n\u00e3o \u00e9 da \u00e1rea.<\/span><\/p>\n<p><span style=\"font-weight: 400;\">Muitas pessoas acreditam que \u00e9 preciso \u201cgostar de crian\u00e7a\u201d para lidar com elas, quando na verdade o que precisamos \u00e9 gostar de <\/span><i><span style=\"font-weight: 400;\">pessoas<\/span><\/i><span style=\"font-weight: 400;\">.<\/span><\/p>\n<p><span style=\"font-weight: 400;\">Porque \u00e9 isso que as crian\u00e7as s\u00e3o: pessoas com personalidades pr\u00f3prias, gostos particulares, s\u00e3o diferentes entre si, est\u00e3o numa fase de desenvolvimento e demandam compreens\u00e3o e atitudes espec\u00edficas para a inf\u00e2ncia e a adolesc\u00eancia.<\/span><\/p>\n<p><span style=\"font-weight: 400;\">E cabe ao professor buscar conhecimentos e ferramentas para lidar com esse p\u00fablico e suas especificidades, com o profissionalismo que a carreira demanda, fundamentado nas ci\u00eancias sociais, psicol\u00f3gicas, entre outras que d\u00e3o base para o trabalho com a inf\u00e2ncia e adolesc\u00eancia.<\/span><\/p>\n<p><b>2 &#8211; \u201cProfessor tem um sal\u00e1rio ruim\u201d<\/b><\/p>\n<p><span style=\"font-weight: 400;\">Essa cren\u00e7a de que o professor ganha mal foi disseminada em nossa sociedade devido a uma crescente desvaloriza\u00e7\u00e3o da profiss\u00e3o, decorrente de uma s\u00e9rie de mudan\u00e7as sociais, culturais, econ\u00f4micas e pol\u00edticas.<\/span><\/p>\n<p><span style=\"font-weight: 400;\">No entanto, o que vemos \u00e9 o crescimento da forma\u00e7\u00e3o de professores em nosso pa\u00eds, nas diferentes etapas de ensino, desde a educa\u00e7\u00e3o infantil, de zero a seis anos, como tamb\u00e9m no ensino superior.<\/span><\/p>\n<p><span style=\"font-weight: 400;\">Al\u00e9m disso, o piso salarial de professores da educa\u00e7\u00e3o b\u00e1sica foi reajustado em janeiro de 2020 para R$ 2.886,24, e tendo em vista e realidade econ\u00f4mica do nosso pa\u00eds, as diversas oportunidades que a carreira oferece, como amplia\u00e7\u00e3o da jornada, ac\u00famulo de cargos e possibilidade de seguir uma carreira administrativa, essa \u00e9 mais uma cren\u00e7a a respeito da carreira que precisamos desmitificar.<\/span><\/p>\n<p><b>3 &#8211; \u201cO professor s\u00f3 pode trabalhar em escola\u201d<\/b><\/p>\n<p><span style=\"font-weight: 400;\">Tanto os professores formados em Pedagogia, como os especialistas nas diversas \u00e1reas da Licenciatura, podem atuar em diversos ambientes educacionais al\u00e9m da sala de aula de uma escola tradicional.<\/span><\/p>\n<p><span style=\"font-weight: 400;\">A carreira de professor pode ser atuante em museus, em institui\u00e7\u00f5es profissionalizantes, em empresas na \u00e1rea de treinamento e recursos humanos, e em projetos educativos em diversas redes educacionais.<\/span><\/p>\n<p><span style=\"font-weight: 400;\">Al\u00e9m de poder atuar em ambientes diferentes da escola tradicional, a carreira de professor permite uma flexibilidade de hor\u00e1rios onde \u00e9 poss\u00edvel seguir outra carreira, como por exemplo, ser professor e empres\u00e1rio.<\/span><\/p>\n<p><b>4 &#8211; \u201cPara ser um bom professor \u00e9 preciso ter dom e voca\u00e7\u00e3o\u201d<\/b><\/p>\n<p><span style=\"font-weight: 400;\">Este \u00e9 outro mito que precisa ser questionado. \u00c9 certo que cada pessoa tem dons, tend\u00eancias e habilidades pr\u00f3prias, mas para seguir qualquer carreira \u00e9 necess\u00e1rio ter for\u00e7a de vontade, estudar, adquirir experi\u00eancia e se dedicar a ser cada dia melhor naquilo que faz.<\/span><\/p>\n<p><span style=\"font-weight: 400;\">N\u00e3o fosse assim o que seria de Albert Einstein, que conforme consta em sua biografia pode ter apresentado dislexia e sinais de <\/span><i><span style=\"font-weight: 400;\">Asperger<\/span><\/i><span style=\"font-weight: 400;\">? Certamente sua carreira acad\u00eamica brilhante e <\/span><i><span style=\"font-weight: 400;\">A Teoria da Relatividade <\/span><\/i><span style=\"font-weight: 400;\">jamais teriam existido caso o cientista tivesse colocado suas dificuldades como obst\u00e1culo.<\/span><\/p>\n<p><span style=\"font-weight: 400;\">Dessa forma, todas as pessoas podem trabalhar naquilo que desejarem, e caso haja dificuldades para seguir na carreira de professor, \u00e9 necess\u00e1rio trabalhar cada uma delas, bem como colocar em maior evid\u00eancia e aprimorar as habilidades que ir\u00e3o fazer total diferen\u00e7a na vida dos alunos e na educa\u00e7\u00e3o como um todo.<\/span><\/p>\n<p><b>5 &#8211; \u201cA educa\u00e7\u00e3o infantil \u00e9 inferior \u00e0s outras etapas\u201d<\/b><\/p>\n<p><span style=\"font-weight: 400;\">Bem ao contr\u00e1rio, \u00e9 a etapa mais importante, na minha opini\u00e3o, que estrutura e d\u00e1 a base da aprendizagem, demanda maior sensibilidade e uma inten\u00e7\u00e3o do educador em cada a\u00e7\u00e3o realizada com a crian\u00e7a. \u00c9 necess\u00e1rio pensar sobre a organiza\u00e7\u00e3o e distribui\u00e7\u00e3o dos objetos no ambiente, a escolha dos brinquedos e materiais a serem utilizados, a textura, a cor, o som, entre diversas outras quest\u00f5es do cuidar e educar.<\/span><\/p>\n<p><span style=\"font-weight: 400;\">Isto porque dos zero aos tr\u00eas anos \u00e9 a fase em que o c\u00e9rebro humano aprende mais do que em qualquer outra fase da vida. Dessa forma, podemos dizer que os beb\u00eas s\u00e3o pequenos cientistas, experimentando, analisando e verificando cada situa\u00e7\u00e3o.<\/span><\/p>\n<p><span style=\"font-weight: 400;\">Por exemplo, quando um beb\u00ea joga algo no ch\u00e3o ele analisa n\u00e3o somente a quest\u00e3o f\u00edsica da queda, de que forma o objeto se comporta, e o som que ele produz ao cair, como tamb\u00e9m analisa a rea\u00e7\u00e3o da m\u00e3e, da professora, dos colegas, dos irm\u00e3os, e repete isso diversas vezes porque est\u00e1 aprendendo empiricamente tanto o comportamento das coisas como das pessoas.<\/span><\/p>\n<p><span style=\"font-weight: 400;\">Assim, apesar de infelizmente a cultura em que vivemos diminuir o trabalho dessas professoras, reduzindo-as \u00e0 \u201ctias\u201d, tanto pela hist\u00f3ria da educa\u00e7\u00e3o infantil e suas origens, como pela natureza do trabalho, muitas vezes visto como simples, j\u00e1 vemos um panorama bem diferente em rela\u00e7\u00e3o a essa etapa, com profissionais cada vez melhores qualificadas, derrubando esse mito cada vez mais.\u00a0<\/span><\/p>\n<p><span style=\"font-weight: 400;\">E esses foram os cinco mitos totalmente desmistificados sobre a carreira de professor!<\/span><\/p>\n<p><span style=\"font-weight: 400;\">A partir de hoje voc\u00ea poder\u00e1 ter outra vis\u00e3o antes de concordar quando algu\u00e9m falar sobre algum deles, certo?<\/span><\/p>\n<p><span style=\"font-weight: 400;\">Obrigada por ter lido at\u00e9 aqui! At\u00e9 a pr\u00f3xima!<\/span><\/p>\n<p><br \/><br \/><!--StartFragment--><\/p>\n\n\n<div class=\"wp-block-media-text alignwide\" style=\"grid-template-columns:17% auto\"><figure class=\"wp-block-media-text__media\"><img loading=\"lazy\" decoding=\"async\" width=\"792\" height=\"1024\" src=\"https:\/\/uniplenaeducacional.com.br\/blog\/wp-content\/uploads\/2020\/03\/IngridDehnRodrigues-3-792x1024.jpeg\" alt=\"\" class=\"wp-image-67\" srcset=\"https:\/\/uniplenaeducacional.com.br\/blog\/wp-content\/uploads\/2020\/03\/IngridDehnRodrigues-3-792x1024.jpeg 792w, https:\/\/uniplenaeducacional.com.br\/blog\/wp-content\/uploads\/2020\/03\/IngridDehnRodrigues-3-232x300.jpeg 232w, https:\/\/uniplenaeducacional.com.br\/blog\/wp-content\/uploads\/2020\/03\/IngridDehnRodrigues-3-768x993.jpeg 768w, https:\/\/uniplenaeducacional.com.br\/blog\/wp-content\/uploads\/2020\/03\/IngridDehnRodrigues-3.jpeg 869w\" sizes=\"(max-width: 792px) 100vw, 792px\" \/><\/figure><div class=\"wp-block-media-text__content\">\n<p class=\"has-small-font-size\"><strong>Prof. Ingrid Dehn<\/strong> &#8211; Graduada em Pedagogia (FEUSP) e P\u00f3s-Graduada em Educa\u00e7\u00e3o Infantil (UNINOVE). Trabalha na \u00e1rea da educa\u00e7\u00e3o h\u00e1 11 anos. Atualmente \u00e9 professora de Educa\u00e7\u00e3o Infantil e Ensino Fundamental I na prefeitura de S\u00e3o Paulo. <\/p>\n<\/div><\/div>\n\n\n\n<hr class=\"wp-block-separator\"\/>\n\n\n<p><!--EndFragment--><br \/><br \/><\/p>","protected":false},"excerpt":{"rendered":"<p>Existem diversas ideias pr\u00e9-estabelecidas acerca da carreira de professor e voc\u00ea j\u00e1 deve ter escutado uma por\u00e7\u00e3o delas, n\u00e3o \u00e9 mesmo? A boa not\u00edcia \u00e9 que a maioria n\u00e3o passa de uma vis\u00e3o distorcida ou&hellip;<\/p>\n<p><a class=\"readmore\" href=\"https:\/\/uniplenaeducacional.com.br\/blog\/5-mitos-que-voce-ja-ouviu-sobre-a-carreira-de-professor\/\">Read More<\/a><\/p>\n","protected":false},"author":2,"featured_media":0,"comment_status":"open","ping_status":"open","sticky":false,"template":"","format":"standard","meta":{"footnotes":""},"categories":[1],"tags":[],"class_list":["post-144","post","type-post","status-publish","format-standard","hentry","category-educacao-basica"],"_links":{"self":[{"href":"https:\/\/uniplenaeducacional.com.br\/blog\/wp-json\/wp\/v2\/posts\/144"}],"collection":[{"href":"https:\/\/uniplenaeducacional.com.br\/blog\/wp-json\/wp\/v2\/posts"}],"about":[{"href":"https:\/\/uniplenaeducacional.com.br\/blog\/wp-json\/wp\/v2\/types\/post"}],"author":[{"embeddable":true,"href":"https:\/\/uniplenaeducacional.com.br\/blog\/wp-json\/wp\/v2\/users\/2"}],"replies":[{"embeddable":true,"href":"https:\/\/uniplenaeducacional.com.br\/blog\/wp-json\/wp\/v2\/comments?post=144"}],"version-history":[{"count":1,"href":"https:\/\/uniplenaeducacional.com.br\/blog\/wp-json\/wp\/v2\/posts\/144\/revisions"}],"predecessor-version":[{"id":145,"href":"https:\/\/uniplenaeducacional.com.br\/blog\/wp-json\/wp\/v2\/posts\/144\/revisions\/145"}],"wp:attachment":[{"href":"https:\/\/uniplenaeducacional.com.br\/blog\/wp-json\/wp\/v2\/media?parent=144"}],"wp:term":[{"taxonomy":"category","embeddable":true,"href":"https:\/\/uniplenaeducacional.com.br\/blog\/wp-json\/wp\/v2\/categories?post=144"},{"taxonomy":"post_tag","embeddable":true,"href":"https:\/\/uniplenaeducacional.com.br\/blog\/wp-json\/wp\/v2\/tags?post=144"}],"curies":[{"name":"wp","href":"https:\/\/api.w.org\/{rel}","templated":true}]}}