{"id":141,"date":"2020-05-20T00:01:00","date_gmt":"2020-05-20T00:01:00","guid":{"rendered":"https:\/\/uniplenaeducacional.com.br\/blog\/?p=141"},"modified":"2020-05-21T14:58:24","modified_gmt":"2020-05-21T14:58:24","slug":"atalho-para-iniciar-como-professor","status":"publish","type":"post","link":"https:\/\/uniplenaeducacional.com.br\/blog\/atalho-para-iniciar-como-professor\/","title":{"rendered":"Atalho para Iniciar como Professor"},"content":{"rendered":"\n<p>Quando se decide ser um professor, ainda na fase que antecede o Ensino M\u00e9dio, algumas escolhas s\u00e3o poss\u00edveis para um futuro profissional. Aos sonhadores pela sala de aula da primeira inf\u00e2ncia ao 5\u00ba ano do Ensino Fundamental, o curso de Pedagogia \u00e9 o assertivo!<\/p>\n\n\n\n<p>Para a reg\u00eancia no ensino fundamental II e Ensino M\u00e9dio, a escolha precisa ser direcionada aos cursos de licenciatura nas \u00e1reas espec\u00edficas, Letras para L\u00edngua Portuguesa ou Inglesa, Matem\u00e1tica, Geografia, Hist\u00f3ria, entre outras.<\/p>\n\n\n\n<p>E se voc\u00ea descobre que tem talentos para compartilhar conhecimentos e optou por uma gradua\u00e7\u00e3o diversa da licenciatura e da pedagogia?<\/p>\n\n\n\n<p>Voc\u00ea tem pensado sobre um novo caminho a seguir e cogitou a carreira acad\u00eamica. Saiba que \u00e9 uma excelente op\u00e7\u00e3o para os profissionais que n\u00e3o se cansam de estudar e buscam ampliar o conhecimento a todo instante. Se essa realidade diz muito a seu respeito, sugiro que continue!&nbsp; Abaixo vamos ver algumas dicas e conhecer um \u201catalho\u201d para o in\u00edcio da caminhada at\u00e9 se tornar um professor! Continue a leitura e entenda melhor!<\/p>\n\n\n\n<p><strong>Complementa\u00e7\u00e3o Pedag\u00f3gica<\/strong><\/p>\n\n\n\n<p>A Complementa\u00e7\u00e3o Pedag\u00f3gica, ou simplesmente \u201cR2\u201d, tamb\u00e9m conhecida como Programa Especial de Forma\u00e7\u00e3o de Docentes, capacita o bacharel ou tecn\u00f3logo para trabalhar na Educa\u00e7\u00e3o como professor da Educa\u00e7\u00e3o B\u00e1sica, proporcionando ao profissional que busca a doc\u00eancia uma s\u00f3lida forma\u00e7\u00e3o.<\/p>\n\n\n\n<p>Para uma melhor explica\u00e7\u00e3o, salienta-se que a Complementa\u00e7\u00e3o Pedag\u00f3gica foi regulamentada pela Resolu\u00e7\u00e3o n\u00ba 2, de 26 de junho de 1997, da\u00ed a nomenclatura \u201cR2\u201d. Tal norma foi elaborada basicamente com o objetivo de suprir a falta de professores habilitados nas escolas p\u00fablicas.<\/p>\n\n\n\n<p>O curso \u00e9 realizado na modalidade<a href=\"http:\/\/www.institutoibe.com.br\/como-escolher-melhor-faculdade-distancia\/\"> EAD<\/a>, possui a dura\u00e7\u00e3o m\u00e9dia de 7 a 12 meses e capacita o bacharel ou tecn\u00f3logo para a atua\u00e7\u00e3o na \u00e1rea educacional como professor da Educa\u00e7\u00e3o B\u00e1sica e Profissional.&nbsp;<\/p>\n\n\n\n<p>Assim, verifica-se que o curso de forma\u00e7\u00e3o de professores propicia novas oportunidades.<\/p>\n\n\n\n<p>Existem v\u00e1rios profissionais com talentos de doc\u00eancia que se redescobrem e transformam n\u00e3o apenas o pr\u00f3prio futuro, mas o de in\u00fameros alunos.&nbsp;<\/p>\n\n\n\n<p>Al\u00e9m disso, o Programa Especial de Forma\u00e7\u00e3o de Docentes concede uma nova oportunidade de emprego. Os profissionais que desejam esse atalho n\u00e3o precisam se preocupar com o vestibular.&nbsp;<\/p>\n\n\n\n<p>As institui\u00e7\u00f5es de ensino exigem alguns documentos para an\u00e1lise e matr\u00edcula, entre eles o hist\u00f3rico escolar do ensino superior.<\/p>\n\n\n\n<p>O curso possui a fase dos est\u00e1gios, ocasi\u00e3o em que o aluno efetivamente se envolver\u00e1 na sala de aula e constata a beleza e a din\u00e2mica do ato de educar.&nbsp;<\/p>\n\n\n\n<p>Ao finalizar a forma\u00e7\u00e3o, o aluno recebe um certificado que o habilita na licenciatura do curso escolhido.<\/p>\n\n\n\n<p>Voc\u00ea deve estar se perguntando se o certificado de Complementa\u00e7\u00e3o Pedag\u00f3gica possui reconhecimento do Minist\u00e9rio da Educa\u00e7\u00e3o e Cultura (MEC). Passamos a elucidar:<\/p>\n\n\n\n<p>A resposta \u00e9 afirmativa. O profissional que participar do programa recebe um certificado equivalente \u00e0 habilita\u00e7\u00e3o em licenciatura no curso escolhido. O documento \u00e9 credenciado pelo MEC, por meio da Portaria n\u00ba 3.445, de 19 de novembro de 2003.<\/p>\n\n\n\n<p><strong>Sou um professor, e agora?<\/strong><\/p>\n\n\n\n<p>Ao t\u00e9rmino do curso Complementa\u00e7\u00e3o Pedag\u00f3gica, nasce um educador. Sabe-se que professores e alunos criam v\u00ednculos, na maioria das vezes, inesquec\u00edveis.&nbsp;<\/p>\n\n\n\n<p>Todos n\u00f3s guardamos uma lembran\u00e7a de um professor que marcou nossas vidas. O curso, al\u00e9m de criar novas oportunidades, faz com que muitos profissionais descubram o prazer de ser um docente.<\/p>\n\n\n\n<p>Um bom professor se doa, ensina e aprende diariamente. Tal profissional sabe conduzir os alunos e respeitar o tempo de cada um.&nbsp;<\/p>\n\n\n\n<p>Os melhores educadores aprendem a ser livres de preconceitos e, ao aceitarem ideias, cr\u00edticas e questionamentos, contribuem para a forma\u00e7\u00e3o dos alunos como cidad\u00e3os aptos a constru\u00edrem uma nova sociedade.<\/p>\n\n\n\n<p>A Complementa\u00e7\u00e3o Pedag\u00f3gica ensina ao docente de qualquer disciplina a relev\u00e2ncia de conhecer e reconhecer o contexto e as necessidades e realidades dos alunos. Eles s\u00e3o \u00fanicos e os grandes protagonistas da educa\u00e7\u00e3o.<\/p>\n\n\n\n<p>O curso tamb\u00e9m demonstra o respeito pela profiss\u00e3o do professor e consolida a ideia de que sem ele n\u00e3o existiriam outras profiss\u00f5es.&nbsp;<\/p>\n\n\n\n<p>Aos poucos, o corpo social aprende a respeitar esse profissional. Na arte de ensinar \u00e9 encontrada uma valiosa realiza\u00e7\u00e3o e, seguindo alguns atalhos, nascem novos educadores para servir \u00e0s gera\u00e7\u00f5es atuais e futuras e participar da mudan\u00e7a cultural e comportamental de uma na\u00e7\u00e3o que busca a igualdade para todos!<br><\/p>\n\n\n<p><br \/><!--StartFragment--><\/p>\n<p><!--StartFragment--><\/p>\n<p><!--StartFragment--><\/p>\n\n\n<div class=\"wp-block-media-text alignwide\" style=\"grid-template-columns:17% auto\"><figure class=\"wp-block-media-text__media\"><img loading=\"lazy\" decoding=\"async\" width=\"722\" height=\"1024\" src=\"https:\/\/uniplenaeducacional.com.br\/blog\/wp-content\/uploads\/2020\/03\/unnamed-722x1024.png\" alt=\"\" class=\"wp-image-75\" srcset=\"https:\/\/uniplenaeducacional.com.br\/blog\/wp-content\/uploads\/2020\/03\/unnamed-722x1024.png 722w, https:\/\/uniplenaeducacional.com.br\/blog\/wp-content\/uploads\/2020\/03\/unnamed-212x300.png 212w, https:\/\/uniplenaeducacional.com.br\/blog\/wp-content\/uploads\/2020\/03\/unnamed-768x1089.png 768w, https:\/\/uniplenaeducacional.com.br\/blog\/wp-content\/uploads\/2020\/03\/unnamed.png 903w\" sizes=\"(max-width: 722px) 100vw, 722px\" \/><\/figure><div class=\"wp-block-media-text__content\">\n<p><strong>Fabiana Tonholo<\/strong> &#8211; Pedagoga e Fonoaudi\u00f3loga.&nbsp;Especialista em Doc\u00eancia do Ensino Superior. Especialista em Educa\u00e7\u00e3o Montessori. Psicopedagoga escolar, Mestre em Educa\u00e7\u00e3o e Mestranda em Pol\u00edticas Sociais pela FUNIBER.&nbsp;Possui ampla experi\u00eancia em Gest\u00e3o Educacional e coordena\u00e7\u00e3o escolar. Professora da Uniplena Educacional <\/p>\n<\/div><\/div>\n\n\n<p><!--EndFragment--><br \/><br \/><\/p>","protected":false},"excerpt":{"rendered":"<p>Quando se decide ser um professor, ainda na fase que antecede o Ensino M\u00e9dio, algumas escolhas s\u00e3o poss\u00edveis para um futuro profissional. Aos sonhadores pela sala de aula da primeira inf\u00e2ncia ao 5\u00ba ano do&hellip;<\/p>\n<p><a class=\"readmore\" href=\"https:\/\/uniplenaeducacional.com.br\/blog\/atalho-para-iniciar-como-professor\/\">Read More<\/a><\/p>\n","protected":false},"author":3,"featured_media":0,"comment_status":"open","ping_status":"open","sticky":false,"template":"","format":"standard","meta":{"footnotes":""},"categories":[1],"tags":[],"class_list":["post-141","post","type-post","status-publish","format-standard","hentry","category-educacao-basica"],"_links":{"self":[{"href":"https:\/\/uniplenaeducacional.com.br\/blog\/wp-json\/wp\/v2\/posts\/141"}],"collection":[{"href":"https:\/\/uniplenaeducacional.com.br\/blog\/wp-json\/wp\/v2\/posts"}],"about":[{"href":"https:\/\/uniplenaeducacional.com.br\/blog\/wp-json\/wp\/v2\/types\/post"}],"author":[{"embeddable":true,"href":"https:\/\/uniplenaeducacional.com.br\/blog\/wp-json\/wp\/v2\/users\/3"}],"replies":[{"embeddable":true,"href":"https:\/\/uniplenaeducacional.com.br\/blog\/wp-json\/wp\/v2\/comments?post=141"}],"version-history":[{"count":3,"href":"https:\/\/uniplenaeducacional.com.br\/blog\/wp-json\/wp\/v2\/posts\/141\/revisions"}],"predecessor-version":[{"id":147,"href":"https:\/\/uniplenaeducacional.com.br\/blog\/wp-json\/wp\/v2\/posts\/141\/revisions\/147"}],"wp:attachment":[{"href":"https:\/\/uniplenaeducacional.com.br\/blog\/wp-json\/wp\/v2\/media?parent=141"}],"wp:term":[{"taxonomy":"category","embeddable":true,"href":"https:\/\/uniplenaeducacional.com.br\/blog\/wp-json\/wp\/v2\/categories?post=141"},{"taxonomy":"post_tag","embeddable":true,"href":"https:\/\/uniplenaeducacional.com.br\/blog\/wp-json\/wp\/v2\/tags?post=141"}],"curies":[{"name":"wp","href":"https:\/\/api.w.org\/{rel}","templated":true}]}}