{"id":135,"date":"2020-05-08T00:01:00","date_gmt":"2020-05-08T00:01:00","guid":{"rendered":"https:\/\/uniplenaeducacional.com.br\/blog\/?p=135"},"modified":"2020-05-07T13:26:36","modified_gmt":"2020-05-07T13:26:36","slug":"os-fatos-mais-importantes-que-voce-precisa-saber-sobre-a-valorizacao-do-professor","status":"publish","type":"post","link":"https:\/\/uniplenaeducacional.com.br\/blog\/os-fatos-mais-importantes-que-voce-precisa-saber-sobre-a-valorizacao-do-professor\/","title":{"rendered":"Os fatos mais importantes que voc\u00ea precisa saber sobre a valoriza\u00e7\u00e3o do professor"},"content":{"rendered":"\n<p>Existe uma estigmatiza\u00e7\u00e3o sobre a carreira de professor no Brasil devido aos in\u00fameros desafios que o profissional da \u00e1rea da educa\u00e7\u00e3o vem enfrentando ao longo das \u00faltimas d\u00e9cadas.<\/p>\n\n\n\n<p>No entanto, os desafios surgiram para todas as carreiras, inclusive muitas foram extintas devido \u00e0 evolu\u00e7\u00e3o tecnol\u00f3gica, mas nada jamais ir\u00e1 substituir a rela\u00e7\u00e3o humana de professor e aluno!<\/p>\n\n\n\n<p>Mesmo em meio a essa situa\u00e7\u00e3o em que vivemos hoje, onde existe uma necessidade de ficarmos \u00e0 dist\u00e2ncia, com diversas tecnologias educacionais \u00e0 nossa disposi\u00e7\u00e3o, ainda sim precisamos de algu\u00e9m, do outro lado da tela, para nos ajudar.<\/p>\n\n\n\n<p>Confira neste texto algumas raz\u00f5es para voc\u00ea seguir na carreira de professor, que dentre elas est\u00e1 a valoriza\u00e7\u00e3o profissional com sal\u00e1rios interessantes e oportunidades de carreira promissora!<\/p>\n\n\n\n<p><strong>A valoriza\u00e7\u00e3o social da carreira<\/strong><\/p>\n\n\n\n<p>Primeiramente, do ponto de vista da sociedade a carreira de professor n\u00e3o surge como favorita, pois aconteceu uma desvaloriza\u00e7\u00e3o crescente dessa profiss\u00e3o ao longo das \u00faltimas d\u00e9cadas, decorrente de mudan\u00e7as sociais, culturais, pol\u00edticas e econ\u00f4micas.<\/p>\n\n\n\n<p>Ent\u00e3o, num primeiro momento, em que os jovens que est\u00e3o prestes a escolher qual destino profissional seguir\u00e3o, se afastam da hip\u00f3tese de serem professores devido ao estigma que o sal\u00e1rio e o <em>status<\/em> \u00e9 muito aqu\u00e9m do esperado e do merecido.<\/p>\n\n\n\n<p>No entanto, olhando por um prisma diferente, percebemos que em todas as carreiras onde ajudamos ou cuidamos das pessoas existe uma demanda de esfor\u00e7o e dedica\u00e7\u00e3o espec\u00edfica para cada profissional, e que o sal\u00e1rio ser\u00e1 sempre uma das formas de retribuir o servi\u00e7o oferecido \u00e0 sociedade.<\/p>\n\n\n\n<p>Assim, os profissionais que ingressam na carreira de professor percebem que faz parte do desafio quebrar alguns padr\u00f5es sociais e culturais, e que a motiva\u00e7\u00e3o e valoriza\u00e7\u00e3o inicial, al\u00e9m do retorno financeiro, precisa se pautar no servi\u00e7o em si, tendo consci\u00eancia que o seu trabalho ir\u00e1 atingir vidas, da mesma forma que ocorre quando algu\u00e9m decide ser m\u00e9dico ou bombeiro.<\/p>\n\n\n\n<p><strong>O sal\u00e1rio no cargo de professor<\/strong><\/p>\n\n\n\n<p>O sal\u00e1rio de professor da educa\u00e7\u00e3o b\u00e1sica apresentava uma grande diferen\u00e7a entre as regi\u00f5es, estados e cidades do Brasil. No entanto o Minist\u00e9rio da Educa\u00e7\u00e3o realizou o \u00faltimo ajuste em janeiro de 2020, estipulando o piso salarial dos professores da rede p\u00fablica em R$ 2.886,24 para todo o territ\u00f3rio nacional. Um grande avan\u00e7o para muitas cidades principalmente as localizadas no extremo interior do pa\u00eds.<\/p>\n\n\n\n<p>Na cidade de S\u00e3o Paulo existe uma varia\u00e7\u00e3o entre os sal\u00e1rios nas diferentes redes de ensino, tanto no sistema p\u00fablico quanto no particular.&nbsp; A rede p\u00fablica que oferece um sal\u00e1rio mais atrativo aos professores \u00e9 a rede Municipal, com sal\u00e1rio inicial de R$ 2.844,79 mais benef\u00edcios de alimenta\u00e7\u00e3o, para os ingressantes graduados em Pedagogia, no cargo de Professor de Educa\u00e7\u00e3o Infantil e Ensino Fundamental I, na jornada de trabalho com 30 horas\/ aula.&nbsp;&nbsp;<\/p>\n\n\n\n<p>Para os ingressantes no mesmo cargo que optam pela jornada especial integral de forma\u00e7\u00e3o, que significa possuir um hor\u00e1rio de estudo na escola al\u00e9m das 30 horas\/aula, recebem o sal\u00e1rio de R$ 3.719,68 mais os benef\u00edcios de alimenta\u00e7\u00e3o.<\/p>\n\n\n\n<p>A realidade das redes particulares de ensino \u00e9 diferente, sendo poss\u00edvel tanto encontrar sal\u00e1rios abaixo do piso salarial atual, como tamb\u00e9m, nas famosas escolas renomadas que atendem o p\u00fablico de elite, podemos verificar sal\u00e1rios atingindo a faixa de R$ 10.000 para o cargo de professor de Ensino Fundamental I.<\/p>\n\n\n\n<p><strong>Possibilidade de evolu\u00e7\u00e3o no cargo e na carreira<\/strong><\/p>\n\n\n\n<p>Al\u00e9m do sal\u00e1rio como atrativo e valoriza\u00e7\u00e3o do professor, existe nas redes de ensino a possibilidade do professor evoluir no cargo, com aumentos gradativos do sal\u00e1rio por meio de apresenta\u00e7\u00e3o de t\u00edtulos, tempo de servi\u00e7o, por merecimento, e outros crit\u00e9rios que podem variar de acordo com a rede ou institui\u00e7\u00e3o de ensino.<\/p>\n\n\n\n<p>Na rede municipal de S\u00e3o Paulo, a evolu\u00e7\u00e3o do cargo de professor de Educa\u00e7\u00e3o Infantil e Ensino Fundamental I na jornada especial integral de forma\u00e7\u00e3o, por meio da apresenta\u00e7\u00e3o de t\u00edtulos e por tempo de trabalho, pode atingir um sal\u00e1rio de at\u00e9 R$ 8.434,34.<\/p>\n\n\n\n<p>Existe, ainda, a possibilidade de avan\u00e7ar na carreira dentro da rede de ensino, pois o professor ap\u00f3s determinado tempo de cargo pode participar de processo seletivo por meio de concurso ou ser indicado por nomea\u00e7\u00e3o a cargos administrativos, como coordena\u00e7\u00e3o, auxiliar de dire\u00e7\u00e3o e dire\u00e7\u00e3o.<\/p>\n\n\n\n<p>Para concorrer a uma vaga administrativa e estar apto a avan\u00e7ar na carreira pode demorar geralmente tr\u00eas anos, pois \u00e9 exigido terminar o per\u00edodo probat\u00f3rio, no caso de funcion\u00e1rio p\u00fablico, onde o desempenho e comprometimento do servidor s\u00e3o avaliados, exigindo tamb\u00e9m determinado tempo de exerc\u00edcio do magist\u00e9rio em sala e aula.<\/p>\n\n\n\n<p><strong>Fa\u00e7a parte desse time!<\/strong><\/p>\n\n\n\n<p>Esses foram os fatos mais importantes que tiram todo estigma sobre a desvaloriza\u00e7\u00e3o da carreira de professor!<\/p>\n\n\n\n<p>Fa\u00e7a parte dessa classe de profissionais que trabalham todos os dias para quebrar os padr\u00f5es sociais da desvaloriza\u00e7\u00e3o do professor em nossa sociedade, que se dedicam aos seus alunos com excel\u00eancia, buscam o aprimoramento e a qualifica\u00e7\u00e3o profissional por meio de cursos e especializa\u00e7\u00f5es, e que ainda podem ter a possibilidade ter al\u00e7ar voos mais altos dentro da carreira do magist\u00e9rio.N\u00e3o perca tempo, inicie agora mesmo seus estudos em um curso de Licenciatura ou Pedagogia, e d\u00ea um <em>start<\/em> na sua carreira como professor!\n\n<\/p>\n\n\n\n<p><\/p>\n\n\n<p><br \/><br \/><!--StartFragment--><\/p>\n\n\n<div class=\"wp-block-media-text alignwide\" style=\"grid-template-columns:17% auto\"><figure class=\"wp-block-media-text__media\"><img loading=\"lazy\" decoding=\"async\" width=\"792\" height=\"1024\" src=\"https:\/\/uniplenaeducacional.com.br\/blog\/wp-content\/uploads\/2020\/03\/IngridDehnRodrigues-3-792x1024.jpeg\" alt=\"\" class=\"wp-image-67\" srcset=\"https:\/\/uniplenaeducacional.com.br\/blog\/wp-content\/uploads\/2020\/03\/IngridDehnRodrigues-3-792x1024.jpeg 792w, https:\/\/uniplenaeducacional.com.br\/blog\/wp-content\/uploads\/2020\/03\/IngridDehnRodrigues-3-232x300.jpeg 232w, https:\/\/uniplenaeducacional.com.br\/blog\/wp-content\/uploads\/2020\/03\/IngridDehnRodrigues-3-768x993.jpeg 768w, https:\/\/uniplenaeducacional.com.br\/blog\/wp-content\/uploads\/2020\/03\/IngridDehnRodrigues-3.jpeg 869w\" sizes=\"(max-width: 792px) 100vw, 792px\" \/><\/figure><div class=\"wp-block-media-text__content\">\n<p class=\"has-small-font-size\"><strong>Prof. Ingrid Dehn<\/strong> &#8211; Graduada em Pedagogia (FEUSP) e P\u00f3s-Graduada em Educa\u00e7\u00e3o Infantil (UNINOVE). Trabalha na \u00e1rea da educa\u00e7\u00e3o h\u00e1 11 anos. Atualmente \u00e9 professora de Educa\u00e7\u00e3o Infantil e Ensino Fundamental I na prefeitura de S\u00e3o Paulo. <\/p>\n<\/div><\/div>\n\n\n\n<hr class=\"wp-block-separator\"\/>\n\n\n<p><!--EndFragment--><br \/><br \/><\/p>","protected":false},"excerpt":{"rendered":"<p>Existe uma estigmatiza\u00e7\u00e3o sobre a carreira de professor no Brasil devido aos in\u00fameros desafios que o profissional da \u00e1rea da educa\u00e7\u00e3o vem enfrentando ao longo das \u00faltimas d\u00e9cadas. No entanto, os desafios surgiram para todas&hellip;<\/p>\n<p><a class=\"readmore\" href=\"https:\/\/uniplenaeducacional.com.br\/blog\/os-fatos-mais-importantes-que-voce-precisa-saber-sobre-a-valorizacao-do-professor\/\">Read More<\/a><\/p>\n","protected":false},"author":2,"featured_media":0,"comment_status":"open","ping_status":"open","sticky":false,"template":"","format":"standard","meta":{"footnotes":""},"categories":[1],"tags":[],"class_list":["post-135","post","type-post","status-publish","format-standard","hentry","category-educacao-basica"],"_links":{"self":[{"href":"https:\/\/uniplenaeducacional.com.br\/blog\/wp-json\/wp\/v2\/posts\/135"}],"collection":[{"href":"https:\/\/uniplenaeducacional.com.br\/blog\/wp-json\/wp\/v2\/posts"}],"about":[{"href":"https:\/\/uniplenaeducacional.com.br\/blog\/wp-json\/wp\/v2\/types\/post"}],"author":[{"embeddable":true,"href":"https:\/\/uniplenaeducacional.com.br\/blog\/wp-json\/wp\/v2\/users\/2"}],"replies":[{"embeddable":true,"href":"https:\/\/uniplenaeducacional.com.br\/blog\/wp-json\/wp\/v2\/comments?post=135"}],"version-history":[{"count":1,"href":"https:\/\/uniplenaeducacional.com.br\/blog\/wp-json\/wp\/v2\/posts\/135\/revisions"}],"predecessor-version":[{"id":136,"href":"https:\/\/uniplenaeducacional.com.br\/blog\/wp-json\/wp\/v2\/posts\/135\/revisions\/136"}],"wp:attachment":[{"href":"https:\/\/uniplenaeducacional.com.br\/blog\/wp-json\/wp\/v2\/media?parent=135"}],"wp:term":[{"taxonomy":"category","embeddable":true,"href":"https:\/\/uniplenaeducacional.com.br\/blog\/wp-json\/wp\/v2\/categories?post=135"},{"taxonomy":"post_tag","embeddable":true,"href":"https:\/\/uniplenaeducacional.com.br\/blog\/wp-json\/wp\/v2\/tags?post=135"}],"curies":[{"name":"wp","href":"https:\/\/api.w.org\/{rel}","templated":true}]}}