{"id":131,"date":"2020-05-29T00:01:00","date_gmt":"2020-05-29T00:01:00","guid":{"rendered":"https:\/\/uniplenaeducacional.com.br\/blog\/?p=131"},"modified":"2020-08-20T16:54:00","modified_gmt":"2020-08-20T16:54:00","slug":"entenda-de-uma-vez-por-todas-a-diferenca-entre-certificado-e-diploma","status":"publish","type":"post","link":"https:\/\/uniplenaeducacional.com.br\/blog\/entenda-de-uma-vez-por-todas-a-diferenca-entre-certificado-e-diploma\/","title":{"rendered":"Entenda de uma vez por todas a diferen\u00e7a entre certificado e diploma"},"content":{"rendered":"\n<p>Digite a frase <strong>\u201cDiferen\u00e7a entre certificado e diploma\u201d<\/strong> na barra de pesquisas de um famoso site de busca e voc\u00ea vai descobrir que h\u00e1 mais de 31 mil resultados para a quest\u00e3o.\u00a0<br><\/p>\n\n\n\n<p>Isso demonstra, em princ\u00edpio, duas coisas: o quanto informa\u00e7\u00f5es corriqueiras sobre a vida acad\u00eamica, por v\u00e1rios motivos, n\u00e3o ficam claras para o acad\u00eamico; o aumento da procura por documenta\u00e7\u00e3o na qualifica\u00e7\u00e3o profissional\/estudantil.<\/p>\n\n\n\n<p>Quer seja como&nbsp; estudante ou como profissional que busca aprimorar-se atrav\u00e9s da <strong>forma\u00e7\u00e3o continuada<\/strong> e justamente por isso quer se capacitar dentro das exig\u00eancias legais, voc\u00ea chegou at\u00e9 a gradua\u00e7\u00e3o (ou p\u00f3s) ou \u00e0 inclus\u00e3o de uma licenciatura ao seu bacharelado.&nbsp;<br><\/p>\n\n\n\n<p>Logo voc\u00ea se questionou: \u201cEsse curso oferece certificado e n\u00e3o um diploma ?\u201d.&nbsp;<br><\/p>\n\n\n\n<p>E deixe-me dizer-lhe que este \u00e9 um questionamento v\u00e1lido e honesto.<\/p>\n\n\n\n<p>Talvez, tendo como objetivo principal o ganho de capital intelectual, voc\u00ea tenha se valido dessa busca para tomar a decis\u00e3o de fazer ou n\u00e3o um determinado curso.&nbsp;<br><\/p>\n\n\n\n<p>Em tempos de <strong>hiperinforma\u00e7\u00e3o <\/strong>l\u00ea-se, ouve-se e recebe-se tanta coisa que torna-se ainda mais desafiador escolher qual caminho seguir.<\/p>\n\n\n\n<p>Comece filtrando pela <strong>finalidade: <\/strong>como o documento servir\u00e1 ao seu prop\u00f3sito ou objetivo, uma vez que ambos, certificado e diploma atestam que seu portador investiu tempo no estudo de algum conte\u00fado.<\/p>\n\n\n\n<p>O <strong>diploma <\/strong>\u00e9 um documento emitido por uma institui\u00e7\u00e3o de ensino, ambos reconhecidos pelo Minist\u00e9rio da Educa\u00e7\u00e3o e Cultura. Se voc\u00ea deseja conferir o reconhecimento de uma institui\u00e7\u00e3o pelo \u00f3rg\u00e3o basta acessar o site do e-MEC.&nbsp;<br><\/p>\n\n\n\n<p>Um diploma reconhecido pelo MEC \u00e9 v\u00e1lido em todo o territ\u00f3rio nacional e qualifica seu portador ao ingresso em cursos de gradua\u00e7\u00e3o (que poder\u00e3o torn\u00e1-lo bacharel, licenciado ou tecn\u00f3logo), p\u00f3s-gradua\u00e7\u00e3o ou mestrado.<\/p>\n\n\n\n<p>O <strong>certificado<\/strong>, por sua vez, indica que o portador participou de cursos, palestras, simp\u00f3sios, oficinas e similares que sejam&nbsp; necess\u00e1rios n\u00e3o s\u00f3 \u00e0 amplia\u00e7\u00e3o de conte\u00fados da ementa de seu curso mas tamb\u00e9m ao cumprimento de carga hor\u00e1ria extra\/complementar (gradua\u00e7\u00e3o); ou ainda a demandas da qualifica\u00e7\u00e3o profissional.&nbsp;<br><\/p>\n\n\n\n<p>Esse documento deve declarar o tempo despendido na referida atividade e o conte\u00fado espec\u00edfico da mesma. O certificado n\u00e3o precisa de ser reconhecido pelo MEC.<\/p>\n\n\n\n<p>No caso de <strong>Educa\u00e7\u00e3o a Dist\u00e2ncia (EAD)<\/strong>, as regras s\u00e3o as mesmas no que se refere \u00e0 abrang\u00eancia e finalidade de cada documento.&nbsp;<br><\/p>\n\n\n\n<p>Essa modalidade al\u00e9m de ter crescido 133% de 2017 para 2018, segundo o portal do MEC, \u201crepresenta uma participa\u00e7\u00e3o de 21,2% dos alunos de gradua\u00e7\u00e3o no pa\u00eds.\u201d E de l\u00e1 para c\u00e1 os dados n\u00e3o-oficiais t\u00eam confirmado um crescimento ainda maior.<\/p>\n\n\n\n<p>Ent\u00e3o a resposta \u00e0 sua pergunta reside, primordialmente, em priorizar seus objetivos e \testabelecer os passos que precisa dar para atingi-los.&nbsp;<br><\/p>\n\n\n\n<p>O que, de forma alguma, se discute \u00e9 o qu\u00e3o decisivo se tornou, em pouco menos de trinta anos, manter o registro de tudo o que algu\u00e9m faz como capacita\u00e7\u00e3o acad\u00eamica e profissional: se no final da d\u00e9cada de 1980 muita gente ainda era contratada sem precisar \u201cdo &nbsp; papel\u201d isso se tornou impens\u00e1vel nos dias atuais.<\/p>\n\n\n\n<p>E, sim: voc\u00ea que est\u00e1 \u00e0 procura de qualifica\u00e7\u00e3o j\u00e1 sabe que a estrada \u00e9 longa e que, no final das contas voc\u00ea precisa tanto de diplomas quanto de certificados.&nbsp;<br><\/p>\n\n\n\n<p>E n\u00e3o \u00e9 somente pelo que esteja escrito nos documentos, mas porque o que eles, acima de tudo, atestam \u00e9 a sua incans\u00e1vel busca pela excel\u00eancia!<br><\/p>\n\n\n\n<div class=\"wp-block-media-text alignwide\" style=\"grid-template-columns:17% auto\"><figure class=\"wp-block-media-text__media\"><img loading=\"lazy\" decoding=\"async\" width=\"418\" height=\"418\" src=\"https:\/\/uniplenaeducacional.com.br\/blog\/wp-content\/uploads\/2020\/05\/Rogeria-Leticia.png\" alt=\"\" class=\"wp-image-133\" srcset=\"https:\/\/uniplenaeducacional.com.br\/blog\/wp-content\/uploads\/2020\/05\/Rogeria-Leticia.png 418w, https:\/\/uniplenaeducacional.com.br\/blog\/wp-content\/uploads\/2020\/05\/Rogeria-Leticia-300x300.png 300w, https:\/\/uniplenaeducacional.com.br\/blog\/wp-content\/uploads\/2020\/05\/Rogeria-Leticia-150x150.png 150w\" sizes=\"(max-width: 418px) 100vw, 418px\" \/><\/figure><div class=\"wp-block-media-text__content\">\n<p><strong>Rog\u00e9ria Let\u00edcia<\/strong> &#8211;  Graduada em Pedagogia pela Universidade Estadual de Goi\u00e1s P\u00f3s-graduada em Doc\u00eancia do Ensino Superior pela Universidade Anhanguera &#8211; UNIDERP <\/p>\n<\/div><\/div>\n\n\n\n<p><\/p>\n\n\n\n<p><strong>Refer\u00eancias<\/strong>:<\/p>\n\n\n\n<p><a href=\"http:\/\/sejaumprofessor.mec.gov.br\/internas.php?area=como&amp;id=requisitos\">http:\/\/sejaumprofessor.mec.gov.br\/internas.php?area=como&amp;id=requisitos<\/a><br><a href=\"https:\/\/www.educamaisbrasil.com.br\/educacao\/carreira\/qual-e-a-diferenca-entre-diploma-e-certificado\">https:\/\/www.educamaisbrasil.com.br\/educacao\/carreira\/qual-e-a-diferenca-entre-diploma-e-certificado<\/a><br><a href=\"https:\/\/www.epdonline.com.br\/noticias\/saiba-qual-a-diferenca-entre-diploma-e-certificado\/1395\">https:\/\/www.epdonline.com.br\/noticias\/saiba-qual-a-diferenca-entre-diploma-e-certificado\/1395<\/a><br><a href=\"https:\/\/www1.leiaja.com\/carreiras\/2019\/09\/29\/o-que-explica-o-crescimento-do-ead-no-brasil\/\">https:\/\/www1.leiaja.com\/carreiras\/2019\/09\/29\/o-que-explica-o-crescimento-do-ead-no-brasil\/<\/a><br><a href=\"https:\/\/www.ead.com.br\/ead\/crescimento-ensino-a-distancia-no-brasil.html\">https:\/\/www.ead.com.br\/ead\/crescimento-ensino-a-distancia-no-brasil.html<\/a><\/p>\n\n\n\n<p><\/p>\n","protected":false},"excerpt":{"rendered":"<p>Digite a frase \u201cDiferen\u00e7a entre certificado e diploma\u201d na barra de pesquisas de um famoso site de busca e voc\u00ea vai descobrir que h\u00e1 mais de 31 mil resultados para a quest\u00e3o.\u00a0 Isso demonstra, em&hellip;<\/p>\n<p><a class=\"readmore\" href=\"https:\/\/uniplenaeducacional.com.br\/blog\/entenda-de-uma-vez-por-todas-a-diferenca-entre-certificado-e-diploma\/\">Read More<\/a><\/p>\n","protected":false},"author":4,"featured_media":0,"comment_status":"open","ping_status":"open","sticky":false,"template":"","format":"standard","meta":{"footnotes":""},"categories":[1],"tags":[],"class_list":["post-131","post","type-post","status-publish","format-standard","hentry","category-educacao-basica"],"_links":{"self":[{"href":"https:\/\/uniplenaeducacional.com.br\/blog\/wp-json\/wp\/v2\/posts\/131"}],"collection":[{"href":"https:\/\/uniplenaeducacional.com.br\/blog\/wp-json\/wp\/v2\/posts"}],"about":[{"href":"https:\/\/uniplenaeducacional.com.br\/blog\/wp-json\/wp\/v2\/types\/post"}],"author":[{"embeddable":true,"href":"https:\/\/uniplenaeducacional.com.br\/blog\/wp-json\/wp\/v2\/users\/4"}],"replies":[{"embeddable":true,"href":"https:\/\/uniplenaeducacional.com.br\/blog\/wp-json\/wp\/v2\/comments?post=131"}],"version-history":[{"count":4,"href":"https:\/\/uniplenaeducacional.com.br\/blog\/wp-json\/wp\/v2\/posts\/131\/revisions"}],"predecessor-version":[{"id":237,"href":"https:\/\/uniplenaeducacional.com.br\/blog\/wp-json\/wp\/v2\/posts\/131\/revisions\/237"}],"wp:attachment":[{"href":"https:\/\/uniplenaeducacional.com.br\/blog\/wp-json\/wp\/v2\/media?parent=131"}],"wp:term":[{"taxonomy":"category","embeddable":true,"href":"https:\/\/uniplenaeducacional.com.br\/blog\/wp-json\/wp\/v2\/categories?post=131"},{"taxonomy":"post_tag","embeddable":true,"href":"https:\/\/uniplenaeducacional.com.br\/blog\/wp-json\/wp\/v2\/tags?post=131"}],"curies":[{"name":"wp","href":"https:\/\/api.w.org\/{rel}","templated":true}]}}