{"id":125,"date":"2020-05-01T20:58:19","date_gmt":"2020-05-01T20:58:19","guid":{"rendered":"https:\/\/uniplenaeducacional.com.br\/blog\/?p=125"},"modified":"2020-05-01T20:58:19","modified_gmt":"2020-05-01T20:58:19","slug":"como-aproveitar-a-minha-primeira-formacao-para-me-tornar-um-professor","status":"publish","type":"post","link":"https:\/\/uniplenaeducacional.com.br\/blog\/como-aproveitar-a-minha-primeira-formacao-para-me-tornar-um-professor\/","title":{"rendered":"Como aproveitar a minha primeira forma\u00e7\u00e3o para me tornar um professor"},"content":{"rendered":"\n<p>Voc\u00ea possui o desejo de ser professor e est\u00e1 perguntando a si mesmo como aproveitar a sua forma\u00e7\u00e3o inicial para isso?<\/p>\n\n\n\n<p>Excelente! Leia este texto, pois ir\u00e1 trazer as principais respostas para voc\u00ea e de qual forma pode alcan\u00e7ar seu objetivo de forma pr\u00e1tica e r\u00e1pida!<\/p>\n\n\n\n<p>Muitos profissionais ap\u00f3s a forma\u00e7\u00e3o em n\u00edvel superior como Bacharel ou Tecn\u00f3logo repensam sua carreira optando pela possibilidade de seguir a doc\u00eancia. Saiba que \u00e9 poss\u00edvel, em pouco tempo, voc\u00ea realizar um curso espec\u00edfico aproveitando a sua forma\u00e7\u00e3o inicial e complementar os estudos para lecionar.<\/p>\n\n\n\n<p>Leia este texto e saiba como voc\u00ea far\u00e1 isso!<br><\/p>\n\n\n\n<p><strong># Fa\u00e7a um curso de Licenciatura para graduados:<\/strong><\/p>\n\n\n\n<p>A forma\u00e7\u00e3o em Bacharel ou Tecn\u00f3logo n\u00e3o permite ao profissional seguir uma carreira docente, no entanto, essa situa\u00e7\u00e3o modificou-se em 2015 a partir da publica\u00e7\u00e3o de uma resolu\u00e7\u00e3o do Conselho Nacional de Educa\u00e7\u00e3o que autoriza e regulamenta a forma\u00e7\u00e3o pedag\u00f3gica dos profissionais graduados n\u00e3o licenciados, tamb\u00e9m chamado de Programa Especial de Forma\u00e7\u00e3o Pedag\u00f3gica de Docentes.<\/p>\n\n\n\n<p>Dessa forma, as pessoas que j\u00e1 possuem uma forma\u00e7\u00e3o inicial no n\u00edvel superior como Bacharel ou Tecn\u00f3logo t\u00eam a possibilidade de complementar seus estudos de forma r\u00e1pida realizando um curso de licenciatura na sua \u00e1rea utilizando seu curso de origem como base.<\/p>\n\n\n\n<p>Para isso \u00e9 necess\u00e1rio que voc\u00ea realize a licenciatura do seu curso, ou escolha uma licenciatura que tenha rela\u00e7\u00e3o com a \u00e1rea da sua forma\u00e7\u00e3o inicial. Por exemplo, um bacharel em matem\u00e1tica far\u00e1 a licenciatura em matem\u00e1tica, ou um bacharel em engenharia pode optar por uma licenciatura em matem\u00e1tica ou f\u00edsica. A escolha da sua licenciatura ser\u00e1 de acordo com a disciplina com carga hor\u00e1ria predominante na grade curricular do seu curso inicial.<\/p>\n\n\n\n<p>Ap\u00f3s essa forma\u00e7\u00e3o pedag\u00f3gica \u00e9 poss\u00edvel lecionar nos anos finais do Ensino Fundamental (6\u00ba ao 9\u00ba ano), no Ensino M\u00e9dio, no Ensino de Jovens e Adultos, no Ensino T\u00e9cnico, em institui\u00e7\u00f5es de Educa\u00e7\u00e3o Profissionalizante, Educa\u00e7\u00e3o Inclusiva, e Educa\u00e7\u00e3o \u00e0 Dist\u00e2ncia, podendo inclusive participar de concursos p\u00fablicos.<br><\/p>\n\n\n\n<p><strong># Saiba quais conte\u00fados voc\u00ea ir\u00e1 estudar:<\/strong><\/p>\n\n\n\n<p>De acordo com a resolu\u00e7\u00e3o n\u00ba 2 \/15 \u00e9 necess\u00e1rio que as institui\u00e7\u00f5es elaborem cursos que garantam nos seus curr\u00edculos os conte\u00fados espec\u00edficos da \u00e1rea de conhecimento correspondente, os fundamentos e metodologias respectivos.<\/p>\n\n\n\n<p>Al\u00e9m disso, \u00e9 necess\u00e1rio tamb\u00e9m conte\u00fados relacionados aos fundamentos da educa\u00e7\u00e3o, forma\u00e7\u00e3o na \u00e1rea de pol\u00edticas p\u00fablicas e gest\u00e3o da educa\u00e7\u00e3o, direitos humanos, diversidades, L\u00edngua Brasileira de Sinais (Libras), educa\u00e7\u00e3o especial e direitos educacionais para estudantes que estejam cumprindo medidas socioeducativas.<\/p>\n\n\n\n<p>Na Uniplena Educacional, por exemplo, com dura\u00e7\u00e3o de apenas sete meses, em modalidade semi-presencial, a grade do curso do Programa Especial de Forma\u00e7\u00e3o Pedag\u00f3gica \u00e9 a seguinte:<\/p>\n\n\n\n<figure class=\"wp-block-table\"><table class=\"\"><tbody><tr><td>Disciplina<\/td><td>Carga Hor\u00e1ria<\/td><\/tr><tr><td>Curr\u00edculos e Programas<\/td><td>60h<\/td><\/tr><tr><td>Educa\u00e7\u00e3o e \u00c9tica<\/td><td>60h<\/td><\/tr><tr><td>Fundamentos da Educa\u00e7\u00e3o<\/td><td>70h<\/td><\/tr><tr><td>Gest\u00e3o Educacional<\/td><td>70h<\/td><\/tr><tr><td>Psicologia da Educa\u00e7\u00e3o<\/td><td>70h<\/td><\/tr><tr><td>Did\u00e1tica Geral<\/td><td>70h<\/td><\/tr><tr><td>Libras<\/td><td>70h<\/td><\/tr><tr><td>Metodologia da Pesquisa em Educa\u00e7\u00e3o<\/td><td>60h<\/td><\/tr><tr><td>Pr\u00e1tica da Forma\u00e7\u00e3o Pedag\u00f3gica<\/td><td>60h<\/td><\/tr><tr><td>Tecnologia da Informa\u00e7\u00e3o e Comunica\u00e7\u00e3o<\/td><td>70h<\/td><\/tr><tr><td>Educa\u00e7\u00e3o para a Rela\u00e7\u00e3o \u00c9tnico Racial<\/td><td>60h<\/td><\/tr><tr><td>Educa\u00e7\u00e3o em Direitos Humanos<\/td><td>50h<\/td><\/tr><tr><td>Pol\u00edticas P\u00fablicas em Educa\u00e7\u00e3o<\/td><td>70h<\/td><\/tr><tr><td>Educa\u00e7\u00e3o Prisional: Jovens em Priva\u00e7\u00e3o da Liberdade<\/td><td>60h<\/td><\/tr><tr><td>Atividades Complementares<\/td><td>200h<\/td><\/tr><tr><td>Est\u00e1gio Supervisionado<\/td><td>300h<\/td><\/tr><tr><td>Carga Hor\u00e1ria Total<\/td><td>1.400&nbsp;<\/td><\/tr><\/tbody><\/table><\/figure>\n\n\n\n<p>Esses s\u00e3o os conte\u00fados exigidos atualmente pelo Conselho Nacional de Educa\u00e7\u00e3o para que sua forma\u00e7\u00e3o seja complementada e assim voc\u00ea possa seguir na carreira docente.<\/p>\n\n\n\n<p>Apesar de serem conte\u00fados importantes que dar\u00e3o base para sua forma\u00e7\u00e3o profissional na \u00e1rea da educa\u00e7\u00e3o, de forma geral \u00e9 necess\u00e1rio um investimento em um curto espa\u00e7o de tempo de estudo para conclu\u00ed-los, e para que sua forma\u00e7\u00e3o seja complementada e assim seja poss\u00edvel seguir a carreira docente.<br><\/p>\n\n\n\n<p><strong># Estude na modalidade semi-presencial ou \u00e0 dist\u00e2ncia:<\/strong><\/p>\n\n\n\n<p>Para conciliar o trabalho e as tarefas do cotidiano com os estudos \u00e9 necess\u00e1rio tempo dispon\u00edvel e o m\u00e1ximo de praticidade, assim, para facilitar a forma\u00e7\u00e3o dos profissionais muitas institui\u00e7\u00f5es oferecem os cursos de forma semi-presencial ou \u00e0 dist\u00e2ncia.<\/p>\n\n\n\n<p>A exig\u00eancia \u00e9 que os cursos devam ter a carga hor\u00e1ria m\u00ednima vari\u00e1vel entre mil a mil e quatrocentas horas de efetivo trabalho acad\u00eamico, de acordo com a \u00e1rea predominante entre o curso de origem e a forma\u00e7\u00e3o pedag\u00f3gica pretendida.<\/p>\n\n\n\n<p>De acordo com a resolu\u00e7\u00e3o n\u00ba 2\/15, a defini\u00e7\u00e3o da carga hor\u00e1ria deve respeitar os seguintes princ\u00edpios:<\/p>\n\n\n\n<p>I &#8211; quando o curso de forma\u00e7\u00e3o pedag\u00f3gica pertencer \u00e0 mesma \u00e1rea do curso de origem, a carga hor\u00e1ria dever\u00e1 ter, no m\u00ednimo, mil horas;<\/p>\n\n\n\n<p>II &#8211; quando o curso de forma\u00e7\u00e3o pedag\u00f3gica pertencer a uma \u00e1rea diferente da do curso de origem, a carga hor\u00e1ria dever\u00e1 ter, no m\u00ednimo, 1.400 (mil e quatrocentas) horas.<\/p>\n\n\n\n<p>Seguindo essas diretrizes na modalidade \u00e0 dist\u00e2ncia ou semi-presencial \u00e9 poss\u00edvel realizar sua forma\u00e7\u00e3o de forma r\u00e1pida e pr\u00e1tica, permitindo que voc\u00ea concilie todas suas atividades com os estudos, e finalmente realize seu objetivo de tornar-se professor e seguir na carreira docente.<\/p>\n\n\n\n<p>N\u00e3o perca tempo! Comece agora mesmo um curso de licenciatura para graduados, e realize a complementa\u00e7\u00e3o de sua forma\u00e7\u00e3o para que voc\u00ea possa seguir na carreira docente!<\/p>\n\n\n\n<p>Lembre-se de escolher uma licenciatura equivalente \u00e0 sua \u00e1rea de forma\u00e7\u00e3o inicial, estude os conte\u00fados exigidos pelo Conselho Nacional de Educa\u00e7\u00e3o para obter sua licenciatura, e realize seus estudos de forma pr\u00e1tica e r\u00e1pida, escolhendo a modalidade semi-presencial ou \u00e0 dist\u00e2ncia!<\/p>\n\n\n\n<p>Agora j\u00e1 sabe como utilizar sua primeira forma\u00e7\u00e3o para tornar-se professor!<\/p>\n\n\n\n<p>Bons estudos!<br><\/p>\n\n\n<p><br>\n<br>\n<!--StartFragment--><\/p>\n\n\n<div class=\"wp-block-media-text alignwide\" style=\"grid-template-columns:17% auto\"><figure class=\"wp-block-media-text__media\"><img loading=\"lazy\" decoding=\"async\" width=\"792\" height=\"1024\" src=\"https:\/\/uniplenaeducacional.com.br\/blog\/wp-content\/uploads\/2020\/03\/IngridDehnRodrigues-3-792x1024.jpeg\" alt=\"\" class=\"wp-image-67\" srcset=\"https:\/\/uniplenaeducacional.com.br\/blog\/wp-content\/uploads\/2020\/03\/IngridDehnRodrigues-3-792x1024.jpeg 792w, https:\/\/uniplenaeducacional.com.br\/blog\/wp-content\/uploads\/2020\/03\/IngridDehnRodrigues-3-232x300.jpeg 232w, https:\/\/uniplenaeducacional.com.br\/blog\/wp-content\/uploads\/2020\/03\/IngridDehnRodrigues-3-768x993.jpeg 768w, https:\/\/uniplenaeducacional.com.br\/blog\/wp-content\/uploads\/2020\/03\/IngridDehnRodrigues-3.jpeg 869w\" sizes=\"(max-width: 792px) 100vw, 792px\" \/><\/figure><div class=\"wp-block-media-text__content\">\n<p class=\"has-small-font-size\"><strong>Prof. Ingrid Dehn<\/strong> &#8211; Graduada em Pedagogia (FEUSP) e P\u00f3s-Graduada em Educa\u00e7\u00e3o Infantil (UNINOVE). Trabalha na \u00e1rea da educa\u00e7\u00e3o h\u00e1 11 anos. Atualmente \u00e9 professora de Educa\u00e7\u00e3o Infantil e Ensino Fundamental I na prefeitura de S\u00e3o Paulo. <\/p>\n<\/div><\/div>\n\n\n\n<hr class=\"wp-block-separator\"\/>\n\n\n<p><!--EndFragment--><br \/><br \/><\/p>","protected":false},"excerpt":{"rendered":"<p>Voc\u00ea possui o desejo de ser professor e est\u00e1 perguntando a si mesmo como aproveitar a sua forma\u00e7\u00e3o inicial para isso? Excelente! Leia este texto, pois ir\u00e1 trazer as principais respostas para voc\u00ea e de&hellip;<\/p>\n<p><a class=\"readmore\" href=\"https:\/\/uniplenaeducacional.com.br\/blog\/como-aproveitar-a-minha-primeira-formacao-para-me-tornar-um-professor\/\">Read More<\/a><\/p>\n","protected":false},"author":2,"featured_media":0,"comment_status":"open","ping_status":"open","sticky":false,"template":"","format":"standard","meta":{"footnotes":""},"categories":[1],"tags":[],"class_list":["post-125","post","type-post","status-publish","format-standard","hentry","category-educacao-basica"],"_links":{"self":[{"href":"https:\/\/uniplenaeducacional.com.br\/blog\/wp-json\/wp\/v2\/posts\/125"}],"collection":[{"href":"https:\/\/uniplenaeducacional.com.br\/blog\/wp-json\/wp\/v2\/posts"}],"about":[{"href":"https:\/\/uniplenaeducacional.com.br\/blog\/wp-json\/wp\/v2\/types\/post"}],"author":[{"embeddable":true,"href":"https:\/\/uniplenaeducacional.com.br\/blog\/wp-json\/wp\/v2\/users\/2"}],"replies":[{"embeddable":true,"href":"https:\/\/uniplenaeducacional.com.br\/blog\/wp-json\/wp\/v2\/comments?post=125"}],"version-history":[{"count":2,"href":"https:\/\/uniplenaeducacional.com.br\/blog\/wp-json\/wp\/v2\/posts\/125\/revisions"}],"predecessor-version":[{"id":127,"href":"https:\/\/uniplenaeducacional.com.br\/blog\/wp-json\/wp\/v2\/posts\/125\/revisions\/127"}],"wp:attachment":[{"href":"https:\/\/uniplenaeducacional.com.br\/blog\/wp-json\/wp\/v2\/media?parent=125"}],"wp:term":[{"taxonomy":"category","embeddable":true,"href":"https:\/\/uniplenaeducacional.com.br\/blog\/wp-json\/wp\/v2\/categories?post=125"},{"taxonomy":"post_tag","embeddable":true,"href":"https:\/\/uniplenaeducacional.com.br\/blog\/wp-json\/wp\/v2\/tags?post=125"}],"curies":[{"name":"wp","href":"https:\/\/api.w.org\/{rel}","templated":true}]}}