{"id":104,"date":"2020-04-17T00:01:00","date_gmt":"2020-04-17T00:01:00","guid":{"rendered":"https:\/\/uniplenaeducacional.com.br\/blog\/?p=104"},"modified":"2020-03-19T18:48:26","modified_gmt":"2020-03-19T18:48:26","slug":"como-a-profissao-de-professor-podera-realocar-voce-novamente-no-mercado","status":"publish","type":"post","link":"https:\/\/uniplenaeducacional.com.br\/blog\/como-a-profissao-de-professor-podera-realocar-voce-novamente-no-mercado\/","title":{"rendered":"Como a profiss\u00e3o de professor poder\u00e1 realocar voc\u00ea novamente no mercado"},"content":{"rendered":"\n<p>Muitas pessoas iniciam os estudos com o sonho de seguir uma determinada carreira e, no entanto a situa\u00e7\u00e3o do mercado de trabalho n\u00e3o permite que a pessoa atue na sua \u00e1rea de forma\u00e7\u00e3o.<\/p>\n\n\n\n<p>Se voc\u00ea est\u00e1 nesta situa\u00e7\u00e3o, eu tenho uma solu\u00e7\u00e3o incr\u00edvel para o seu problema!<\/p>\n\n\n\n<p>Saiba que \u00e9 poss\u00edvel voc\u00ea permanecer trabalhando na sua \u00e1rea de atua\u00e7\u00e3o, por\u00e9m ao contr\u00e1rio de exercer diretamente a sua fun\u00e7\u00e3o inicial, voc\u00ea pode atuar na \u00e1rea educacional!<\/p>\n\n\n\n<p>Confira estas sugest\u00f5es e realoque-se novamente no mercado!<br><\/p>\n\n\n\n<p><strong># Estude Pedagogia:<\/strong><\/p>\n\n\n\n<p>Ao contr\u00e1rio do que muitos pensam a forma\u00e7\u00e3o e Pedagogia n\u00e3o somente te habilita a atuar como professor dos anos iniciais, mas tamb\u00e9m em projetos educacionais, alfabetiza\u00e7\u00e3o de jovens e adultos, educa\u00e7\u00e3o infantil e at\u00e9 mesmo na \u00e1rea educacional de empresas.<\/p>\n\n\n\n<p>Isso mesmo, a forma\u00e7\u00e3o em Pedagogia possibilita um leque de op\u00e7\u00f5es dentro do mercado de trabalho, que pode estar relacionada \u00e0 sua \u00e1rea de forma\u00e7\u00e3o inicial. A Pedagogia \u00e9 a ci\u00eancia que estuda os processos educacionais, de ensino e aprendizagem, tanto em rela\u00e7\u00e3o \u00e0s teorias, quanto \u00e0s pr\u00e1ticas metodol\u00f3gicas.<\/p>\n\n\n\n<p>E isto engloba uma infinidade de possibilidades, uma vez que o ser humano aprende por toda sua vida, em diversas \u00e1reas do conhecimento. Portanto, mesmo se a sua \u00e1rea de atua\u00e7\u00e3o inicial for artes ou engenharia, a Pedagogia pode ser um caminho para voc\u00ea, pois existe a viabilidade de desenvolver suas habilidades como um cientista da educa\u00e7\u00e3o.<br><\/p>\n\n\n\n<p><strong># Escolha onde atuar como Pedagogo:<\/strong><\/p>\n\n\n\n<p>Como a Pedagogia trata dos processos de ensino e aprendizagem, pode englobar diversas \u00e1reas de atua\u00e7\u00e3o, como Educa\u00e7\u00e3o Infantil, os anos iniciais do Ensino Fundamental, Alfabetiza\u00e7\u00e3o de Jovens e Adultos, Projetos Educacionais e a \u00e1rea de treinamento nas empresas.<\/p>\n\n\n\n<p>Atuando como professor da Educa\u00e7\u00e3o Infantil voc\u00ea ser\u00e1 um promotor da descoberta do mundo por meio do brincar, da experi\u00eancia, das artes e do cuidado. O ser humano entre 0 e 6 anos aprende mais do que em qualquer outra faixa et\u00e1ria da vida, s\u00e3o pequenos cientistas, por isso demandam os melhores profissionais, com uma diversidade de habilidades e compet\u00eancias, que trabalhando em conjunto proporcionar\u00e3o o melhor ambiente educacional \u00e0s crian\u00e7as.<\/p>\n\n\n\n<p>Como professor dos Anos Iniciais do Ensino Fundamental o objetivo \u00e9 basicamente alfabetizar o aluno nas diferentes \u00e1reas do conhecimento, tanto na linguagem oral, escrita, art\u00edstica e corporal, como nas ci\u00eancias exatas e nas ci\u00eancias humanas. Dessa forma, voc\u00ea ser\u00e1 o respons\u00e1vel por apresentar e iniciar os alunos no estudo de todas as \u00e1reas, formando uma base que receber\u00e1 a cada ano um grau maior de complexidade e aprofundamento nos conte\u00fados.<\/p>\n\n\n\n<p>Existem muitas intelig\u00eancias diferentes em uma sala de aula, dessa forma, \u00e9 poss\u00edvel que profissionais de qualquer \u00e1rea de forma\u00e7\u00e3o inicial possam atuar como professor dos anos iniciais do Ensino Fundamental, enriquecendo as escolas com a diversidade dos conhecimentos e experi\u00eancias.<\/p>\n\n\n\n<p>Na Alfabetiza\u00e7\u00e3o de Jovens e adultos o processo educacional se d\u00e1 de forma diferenciada, onde a maioria s\u00e3o trabalhadores e buscam uma oportunidade de concluir seus estudos em tempo menor, comparado ao estudo regular, e de forma adaptada \u00e0 sua realidade. Assim, o profissional dedicado \u00e0 essa trabalho \u00e9 um a facilitador do processo, adaptando os conte\u00fados e as avalia\u00e7\u00f5es \u00e0s possibilidades do aluno, bem como lan\u00e7ando m\u00e3o de propostas leves e diversificadas de aulas, uma vez que a rotina exaustiva de estudo e trabalho pode dificultar sucesso do aluno.<\/p>\n\n\n\n<p>Os Projetos Educacionais s\u00e3o um formato diferenciado de ensino aprendizagem, uma vez que fogem ao tradicional da sala de aula, podendo ser apresentado em forma de aulas de xadrez, jogos e brincadeiras tradicionais, esportes, dan\u00e7a, m\u00fasica, teatro. Enfim, muitas possibilidades, principalmente nas escolas que funcionam com hor\u00e1rio integral, e que complementam os per\u00edodos entre as aulas com os projetos educacionais.<\/p>\n\n\n\n<p>Por fim, nas empresas o Pedagogo pode atuar na \u00e1rea de Forma\u00e7\u00e3o e Treinamento, por onde todas as organiza\u00e7\u00f5es recebem os colaboradores iniciantes, a fim de aprenderem a cultura da empresa, se familiarizar com as fun\u00e7\u00f5es, as linguagens, as normas e os procedimentos da organiza\u00e7\u00e3o.<br><\/p>\n\n\n\n<p><strong># Complemente seus estudos com uma Licenciatura:<\/strong><\/p>\n\n\n\n<p>No caso de voc\u00ea j\u00e1 possuir uma forma\u00e7\u00e3o no n\u00edvel superior como bacharel ou tecn\u00f3logo, \u00e9 poss\u00edvel complementar seus estudos de forma r\u00e1pida realizando um curso de licenciatura na sua \u00e1rea, o que permite que voc\u00ea atue como professor nos anos finais do Ensino Fundamental e no Ensino M\u00e9dio.<\/p>\n\n\n\n<p>Basta voc\u00ea escolher uma \u00e1rea da licenciatura que tenha a ver com sua forma\u00e7\u00e3o inicial, verificando qual disciplina a grade curricular do seu curso possui a carga hor\u00e1ria de maior predomin\u00e2ncia e assim, complementar com a carga hor\u00e1ria do curso de licenciatura que dar\u00e1 aporte pr\u00e1tico e te\u00f3rico dos fundamentos da Pedagogia, como Did\u00e1tica, Psicologia da Educa\u00e7\u00e3o, Legisla\u00e7\u00e3o Educacional, Sociologia da Educa\u00e7\u00e3o, entre outros.<\/p>\n\n\n\n<p>Por exemplo, uma pessoa formada em Artes C\u00eanicas ter\u00e1 a sua grade curricular predominante em Artes, assim seu curso Licenciatura permitir\u00e1 que essa pessoa seja professora de Artes.<\/p>\n\n\n\n<p>E assim funciona para todas as outras \u00e1reas, seja qual for sua forma\u00e7\u00e3o inicial, realizando um curso de Licenciatura, em pouco tempo poder\u00e1 atuar como professor e se realocar no mercado de trabalho!<\/p>\n\n\n\n<p>Siga essas sugest\u00f5es e realoque-se o mais r\u00e1pido poss\u00edvel no mercado de trabalho como professor!<\/p>\n\n\n\n<p>Estude Pedagogia e escolha uma das diversas \u00e1reas de atua\u00e7\u00e3o como pedagogo, ou complemente sua forma\u00e7\u00e3o como tecn\u00f3logo ou bacharel com uma Licenciatura r\u00e1pida, e comece a trabalhar como professor.<\/p>\n\n\n\n<p>Uma vez que a \u00e1rea educacional sempre demanda profissionais, sua realoca\u00e7\u00e3o no mercado ser\u00e1 certa!<br><\/p>\n\n\n<p><br>\n<br>\n<!--StartFragment--><\/p>\n\n\n<div class=\"wp-block-media-text alignwide\" style=\"grid-template-columns:17% auto\"><figure class=\"wp-block-media-text__media\"><img loading=\"lazy\" decoding=\"async\" width=\"792\" height=\"1024\" src=\"https:\/\/uniplenaeducacional.com.br\/blog\/wp-content\/uploads\/2020\/03\/IngridDehnRodrigues-3-792x1024.jpeg\" alt=\"\" class=\"wp-image-67\" srcset=\"https:\/\/uniplenaeducacional.com.br\/blog\/wp-content\/uploads\/2020\/03\/IngridDehnRodrigues-3-792x1024.jpeg 792w, https:\/\/uniplenaeducacional.com.br\/blog\/wp-content\/uploads\/2020\/03\/IngridDehnRodrigues-3-232x300.jpeg 232w, https:\/\/uniplenaeducacional.com.br\/blog\/wp-content\/uploads\/2020\/03\/IngridDehnRodrigues-3-768x993.jpeg 768w, https:\/\/uniplenaeducacional.com.br\/blog\/wp-content\/uploads\/2020\/03\/IngridDehnRodrigues-3.jpeg 869w\" sizes=\"(max-width: 792px) 100vw, 792px\" \/><\/figure><div class=\"wp-block-media-text__content\">\n<p class=\"has-small-font-size\"><strong>Prof. Ingrid Dehn<\/strong> &#8211; Graduada em Pedagogia (FEUSP) e P\u00f3s-Graduada em Educa\u00e7\u00e3o Infantil (UNINOVE). Trabalha na \u00e1rea da educa\u00e7\u00e3o h\u00e1 11 anos. Atualmente \u00e9 professora de Educa\u00e7\u00e3o Infantil e Ensino Fundamental I na prefeitura de S\u00e3o Paulo. <\/p>\n<\/div><\/div>\n\n\n\n<hr class=\"wp-block-separator\"\/>\n\n\n<p><!--EndFragment--><br>\n<br>\n<\/p>\n\n\n<p><\/p>\n","protected":false},"excerpt":{"rendered":"<p>Muitas pessoas iniciam os estudos com o sonho de seguir uma determinada carreira e, no entanto a situa\u00e7\u00e3o do mercado de trabalho n\u00e3o permite que a pessoa atue na sua \u00e1rea de forma\u00e7\u00e3o. Se voc\u00ea&hellip;<\/p>\n<p><a class=\"readmore\" href=\"https:\/\/uniplenaeducacional.com.br\/blog\/como-a-profissao-de-professor-podera-realocar-voce-novamente-no-mercado\/\">Read More<\/a><\/p>\n","protected":false},"author":2,"featured_media":0,"comment_status":"open","ping_status":"open","sticky":false,"template":"","format":"standard","meta":{"footnotes":""},"categories":[1],"tags":[],"class_list":["post-104","post","type-post","status-publish","format-standard","hentry","category-educacao-basica"],"_links":{"self":[{"href":"https:\/\/uniplenaeducacional.com.br\/blog\/wp-json\/wp\/v2\/posts\/104"}],"collection":[{"href":"https:\/\/uniplenaeducacional.com.br\/blog\/wp-json\/wp\/v2\/posts"}],"about":[{"href":"https:\/\/uniplenaeducacional.com.br\/blog\/wp-json\/wp\/v2\/types\/post"}],"author":[{"embeddable":true,"href":"https:\/\/uniplenaeducacional.com.br\/blog\/wp-json\/wp\/v2\/users\/2"}],"replies":[{"embeddable":true,"href":"https:\/\/uniplenaeducacional.com.br\/blog\/wp-json\/wp\/v2\/comments?post=104"}],"version-history":[{"count":2,"href":"https:\/\/uniplenaeducacional.com.br\/blog\/wp-json\/wp\/v2\/posts\/104\/revisions"}],"predecessor-version":[{"id":109,"href":"https:\/\/uniplenaeducacional.com.br\/blog\/wp-json\/wp\/v2\/posts\/104\/revisions\/109"}],"wp:attachment":[{"href":"https:\/\/uniplenaeducacional.com.br\/blog\/wp-json\/wp\/v2\/media?parent=104"}],"wp:term":[{"taxonomy":"category","embeddable":true,"href":"https:\/\/uniplenaeducacional.com.br\/blog\/wp-json\/wp\/v2\/categories?post=104"},{"taxonomy":"post_tag","embeddable":true,"href":"https:\/\/uniplenaeducacional.com.br\/blog\/wp-json\/wp\/v2\/tags?post=104"}],"curies":[{"name":"wp","href":"https:\/\/api.w.org\/{rel}","templated":true}]}}